{"id":61777,"date":"2021-10-24T07:47:51","date_gmt":"2021-10-24T10:47:51","guid":{"rendered":"https:\/\/www.simepe.com.br\/novo\/?p=61777"},"modified":"2021-10-24T07:47:51","modified_gmt":"2021-10-24T10:47:51","slug":"atencao-medico-24-10-2021","status":"publish","type":"post","link":"https:\/\/www.simepe.com.br\/novo\/atencao-medico-24-10-2021\/","title":{"rendered":"Aten\u00e7\u00e3o M\u00e9dico &#8211; 24.10.2021"},"content":{"rendered":"<p><strong>Simepe comemora 90 anos com Live Musical<\/strong><\/p>\n<p>Colega m\u00e9dico e familiares, em comemora\u00e7\u00e3o aos 90 anos do Sindicato dos M\u00e9dicos de Pernambuco (Simepe), exibiremos uma live ao som pernambucano da banda Lim\u00e3o com Mel para marcar essa data t\u00e3o importante para o nosso sindicato. Convidamos voc\u00ea a participar dessa celebra\u00e7\u00e3o neste domingo (24\/10), \u00e0s 17h, no canal do Youtube da banda (<a href=\"https:\/\/youtube.com\/limaocommeloficial?fbclid=IwAR0Ep7PeNFFwUypuhN9OUQOdAWEUkCIkMjqrYi07xsDOmzqHJ_wdxRknf2w\">youtube.com\/limaocommeloficial<\/a>). Esse \u00e9 mais um evento para os m\u00e9dicos pernambucanos<\/p>\n<p><strong>Reuni\u00e3o na C\u00e2mara do Recife debate Or\u00e7amento P\u00fablico Municipal<\/strong><\/p>\n<p>Na tarde desta quinta-feira (21\/10), o diretor do Simepe, Rodrigo Rosas, participou de reuni\u00e3o, atrav\u00e9s de videoconfer\u00eancia, na C\u00e2mara Municipal do Recife,\u00a0com o vereador Tadeu Calheiros. Na ocasi\u00e3o, discutiram o Projeto de Lei do Executivo sobre o Or\u00e7amento P\u00fablico Municipal. A reuni\u00e3o aconteceu das 15h \u00e0s 18h e contou com a presen\u00e7a de representantes das entidades das \u00e1reas de sa\u00fade, para construir de forma coletiva emendas relacionadas \u00e0s leis or\u00e7ament\u00e1rias apresentadas pelo Poder Executivo. Vale frisar que o prazo para a apresenta\u00e7\u00e3o de emendas se encerra no pr\u00f3ximo dia 25 deste m\u00eas, \u00e0s 16h.<\/p>\n<p><strong>Simepe participa de palestra \u201c\u00c9tica e Responsabilidade M\u00e9dica\u201d<\/strong><\/p>\n<p>A presidente do Simepe, Claudia Beatriz Andrade, e o secret\u00e1rio-geral, Tadeu Calheiros, participaram em 19\/10 da palestra \u201c\u00c9tica e Responsabilidade M\u00e9dica\u201d, promovida pelo Cremepe. O encontro foi ministrado pelo conselheiro Francisco Atan\u00e1sio, na Faculdade de Medicina de Araripina, sert\u00e3o do Araripe do Estado, transmitido no canal do Youtube do Conselho. O evento abordou os princ\u00edpios \u00e9ticos que regem a profiss\u00e3o m\u00e9dica e foi destinado aos m\u00e9dicos e estudantes de medicina, tendo o apoio do Instituto Social das Medianeiras da Paz.<\/p>\n<p><strong>Vistoria no Hospital Regional Fernando Bezerra em Ouricuri<\/strong><\/p>\n<p>Na ter\u00e7a-feira passada (19\/10), a presidente do Simepe, Claudia Beatriz Andrade, e o secret\u00e1rio-geral, Tadeu Calheiros, visitaram o Hospital Regional Fernando Bezerra, em Ouricuri, no sert\u00e3o do Araripe. Na ocasi\u00e3o, conversaram com os plantonistas sobre os fluxos de atendimentos, transportes de pacientes,\u00a0acomoda\u00e7\u00f5es\u00a0do estar m\u00e9dico, al\u00e9m de outros assuntos. A unidade \u00e9 refer\u00eancia em atendimentos de urg\u00eancia e emerg\u00eancia na regi\u00e3o\u00a0e tamb\u00e9m realiza assist\u00eancia\u00a0na \u00e1rea da aten\u00e7\u00e3o b\u00e1sica.<\/p>\n<p><strong>Dia do M\u00e9dico celebrado com Medalha S\u00e3o Lucas 2021<\/strong><\/p>\n<p>As entidades m\u00e9dicas de Pernambuco \u2013 Sindicato dos M\u00e9dicos, Conselho Regional de Medicina, Associa\u00e7\u00e3o M\u00e9dica e Academia Pernambucana de Medicina \u2013 celebraram o dia do m\u00e9dico e a outorga da Medalha S\u00e3o Lucas, na noite da \u00faltima segunda-feira, 18 .O evento aconteceu de forma h\u00edbrida, presencial para os representantes das entidades, os homenageados e familiares, na sede da AMPE, no bairro da Boa Vista, e ao p\u00fablico geral com transmiss\u00e3o via YouTube. O encontro foi marcado por uma s\u00e9rie de congratula\u00e7\u00f5es aos agraciados e suas trajet\u00f3rias marcantes em prol da medicina. Em sua 51\u00aa edi\u00e7\u00e3o, a Medalha S\u00e3o Lucas homenageou os m\u00e9dicos Assuero Gomes da Silva Filho (in memoriam), Carlos Roberto Ribeiro de Moraes, Luiz de Gonzaga Braga Barreto e Maria de Lourdes Correa de Ara\u00fajo.<\/p>\n<p>&nbsp;<\/p>\n<p>&nbsp;<\/p>\n","protected":false},"excerpt":{"rendered":"<p>Simepe comemora 90 anos com Live Musical Colega m\u00e9dico e familiares, em comemora\u00e7\u00e3o aos 90 anos do Sindicato dos M\u00e9dicos de Pernambuco (Simepe), exibiremos uma live ao som pernambucano da banda Lim\u00e3o com Mel para marcar essa data t\u00e3o importante para o nosso sindicato. Convidamos voc\u00ea a participar dessa celebra\u00e7\u00e3o neste domingo (24\/10), \u00e0s 17h, [&hellip;]<\/p>\n","protected":false},"author":2,"featured_media":0,"comment_status":"open","ping_status":"open","sticky":false,"template":"","format":"standard","meta":{"ocean_post_layout":"","ocean_both_sidebars_style":"","ocean_both_sidebars_content_width":0,"ocean_both_sidebars_sidebars_width":0,"ocean_sidebar":"","ocean_second_sidebar":"","ocean_disable_margins":"enable","ocean_add_body_class":"","ocean_shortcode_before_top_bar":"","ocean_shortcode_after_top_bar":"","ocean_shortcode_before_header":"","ocean_shortcode_after_header":"","ocean_has_shortcode":"","ocean_shortcode_after_title":"","ocean_shortcode_before_footer_widgets":"","ocean_shortcode_after_footer_widgets":"","ocean_shortcode_before_footer_bottom":"","ocean_shortcode_after_footer_bottom":"","ocean_display_top_bar":"default","ocean_display_header":"default","ocean_header_style":"","ocean_center_header_left_menu":"","ocean_custom_header_template":"","ocean_custom_logo":0,"ocean_custom_retina_logo":0,"ocean_custom_logo_max_width":0,"ocean_custom_logo_tablet_max_width":0,"ocean_custom_logo_mobile_max_width":0,"ocean_custom_logo_max_height":0,"ocean_custom_logo_tablet_max_height":0,"ocean_custom_logo_mobile_max_height":0,"ocean_header_custom_menu":"","ocean_menu_typo_font_family":"","ocean_menu_typo_font_subset":"","ocean_menu_typo_font_size":0,"ocean_menu_typo_font_size_tablet":0,"ocean_menu_typo_font_size_mobile":0,"ocean_menu_typo_font_size_unit":"px","ocean_menu_typo_font_weight":"","ocean_menu_typo_font_weight_tablet":"","ocean_menu_typo_font_weight_mobile":"","ocean_menu_typo_transform":"","ocean_menu_typo_transform_tablet":"","ocean_menu_typo_transform_mobile":"","ocean_menu_typo_line_height":0,"ocean_menu_typo_line_height_tablet":0,"ocean_menu_typo_line_height_mobile":0,"ocean_menu_typo_line_height_unit":"","ocean_menu_typo_spacing":0,"ocean_menu_typo_spacing_tablet":0,"ocean_menu_typo_spacing_mobile":0,"ocean_menu_typo_spacing_unit":"","ocean_menu_link_color":"","ocean_menu_link_color_hover":"","ocean_menu_link_color_active":"","ocean_menu_link_background":"","ocean_menu_link_hover_background":"","ocean_menu_link_active_background":"","ocean_menu_social_links_bg":"","ocean_menu_social_hover_links_bg":"","ocean_menu_social_links_color":"","ocean_menu_social_hover_links_color":"","ocean_disable_title":"default","ocean_disable_heading":"default","ocean_post_title":"","ocean_post_subheading":"","ocean_post_title_style":"","ocean_post_title_background_color":"","ocean_post_title_background":0,"ocean_post_title_bg_image_position":"","ocean_post_title_bg_image_attachment":"","ocean_post_title_bg_image_repeat":"","ocean_post_title_bg_image_size":"","ocean_post_title_height":0,"ocean_post_title_bg_overlay":0.5,"ocean_post_title_bg_overlay_color":"","ocean_disable_breadcrumbs":"default","ocean_breadcrumbs_color":"","ocean_breadcrumbs_separator_color":"","ocean_breadcrumbs_links_color":"","ocean_breadcrumbs_links_hover_color":"","ocean_display_footer_widgets":"default","ocean_display_footer_bottom":"default","ocean_custom_footer_template":"","ocean_post_oembed":"","ocean_post_self_hosted_media":"","ocean_post_video_embed":"","ocean_link_format":"","ocean_link_format_target":"self","ocean_quote_format":"","ocean_quote_format_link":"post","ocean_gallery_link_images":"on","ocean_gallery_id":[]},"categories":[1],"tags":[],"acf":[],"_links":{"self":[{"href":"https:\/\/www.simepe.com.br\/novo\/wp-json\/wp\/v2\/posts\/61777"}],"collection":[{"href":"https:\/\/www.simepe.com.br\/novo\/wp-json\/wp\/v2\/posts"}],"about":[{"href":"https:\/\/www.simepe.com.br\/novo\/wp-json\/wp\/v2\/types\/post"}],"author":[{"embeddable":true,"href":"https:\/\/www.simepe.com.br\/novo\/wp-json\/wp\/v2\/users\/2"}],"replies":[{"embeddable":true,"href":"https:\/\/www.simepe.com.br\/novo\/wp-json\/wp\/v2\/comments?post=61777"}],"version-history":[{"count":1,"href":"https:\/\/www.simepe.com.br\/novo\/wp-json\/wp\/v2\/posts\/61777\/revisions"}],"predecessor-version":[{"id":61778,"href":"https:\/\/www.simepe.com.br\/novo\/wp-json\/wp\/v2\/posts\/61777\/revisions\/61778"}],"wp:attachment":[{"href":"https:\/\/www.simepe.com.br\/novo\/wp-json\/wp\/v2\/media?parent=61777"}],"wp:term":[{"taxonomy":"category","embeddable":true,"href":"https:\/\/www.simepe.com.br\/novo\/wp-json\/wp\/v2\/categories?post=61777"},{"taxonomy":"post_tag","embeddable":true,"href":"https:\/\/www.simepe.com.br\/novo\/wp-json\/wp\/v2\/tags?post=61777"}],"curies":[{"name":"wp","href":"https:\/\/api.w.org\/{rel}","templated":true}]}}