{"id":61785,"date":"2021-10-22T13:20:03","date_gmt":"2021-10-22T16:20:03","guid":{"rendered":"https:\/\/www.simepe.com.br\/novo\/?p=61785"},"modified":"2021-10-25T13:25:15","modified_gmt":"2021-10-25T16:25:15","slug":"limao-com-mel-faz-live-no-domingo-24","status":"publish","type":"post","link":"https:\/\/www.simepe.com.br\/novo\/limao-com-mel-faz-live-no-domingo-24\/","title":{"rendered":"Lim\u00e3o com Mel faz live no domingo (24)"},"content":{"rendered":"<p style=\"text-align: justify;\">As lives v\u00e3o acabar? Se depender da Lim\u00e3o com Mel, n\u00e3o! A banda far\u00e1 um show ac\u00fastico no pr\u00f3ximo domingo (24) e a apresenta\u00e7\u00e3o ser\u00e1 transmitida ao vivo em seu canal oficial, a partir das 17h. O show ser\u00e1 uma comemora\u00e7\u00e3o especial para festejar os 90 anos do Sindicato dos M\u00e9dicos de Pernambuco.<\/p>\n<p style=\"text-align: justify;\">N\u00e3o ser\u00e1 o primeiro show, mas sim a primeira live que a banda far\u00e1 em sua nova fase, com Edson Lima ao lado de Adma Andrade nos vocais.<\/p>\n<p style=\"text-align: justify;\">Esta tamb\u00e9m ser\u00e1 a primeira vez que eles se apresentam em formato ac\u00fastico com a nova forma\u00e7\u00e3o.<\/p>\n<p style=\"text-align: justify;\">Vale lembrar que em novembro a banda ir\u00e1 gravar o seu novo DVD em Recife-PE, com participa\u00e7\u00f5es de Tarc\u00edsio do Acordeon, Wesley Safad\u00e3o, Xand Avi\u00e3o, Calcinha Preta Bruno &amp; Marrone e Gusttavo Lima. Eles tamb\u00e9m j\u00e1 gravaram o projeto Est\u00fadio Lim\u00e3o, que ainda n\u00e3o tem data para ser lan\u00e7ado.<\/p>\n<p style=\"text-align: justify;\"><a href=\"https:\/\/www.suamusica.com.br\/noticia\/limao-com-mel-faz-live-no-domingo-24\">Fonte: Sua M\u00fasica<\/a><\/p>\n","protected":false},"excerpt":{"rendered":"<p>As lives v\u00e3o acabar? Se depender da Lim\u00e3o com Mel, n\u00e3o! A banda far\u00e1 um show ac\u00fastico no pr\u00f3ximo domingo (24) e a apresenta\u00e7\u00e3o ser\u00e1 transmitida ao vivo em seu canal oficial, a partir das 17h. O show ser\u00e1 uma comemora\u00e7\u00e3o especial para festejar os 90 anos do Sindicato dos M\u00e9dicos de Pernambuco. N\u00e3o ser\u00e1 [&hellip;]<\/p>\n","protected":false},"author":1,"featured_media":0,"comment_status":"open","ping_status":"open","sticky":false,"template":"","format":"standard","meta":{"ocean_post_layout":"","ocean_both_sidebars_style":"","ocean_both_sidebars_content_width":0,"ocean_both_sidebars_sidebars_width":0,"ocean_sidebar":"","ocean_second_sidebar":"","ocean_disable_margins":"enable","ocean_add_body_class":"","ocean_shortcode_before_top_bar":"","ocean_shortcode_after_top_bar":"","ocean_shortcode_before_header":"","ocean_shortcode_after_header":"","ocean_has_shortcode":"","ocean_shortcode_after_title":"","ocean_shortcode_before_footer_widgets":"","ocean_shortcode_after_footer_widgets":"","ocean_shortcode_before_footer_bottom":"","ocean_shortcode_after_footer_bottom":"","ocean_display_top_bar":"default","ocean_display_header":"default","ocean_header_style":"","ocean_center_header_left_menu":"","ocean_custom_header_template":"","ocean_custom_logo":0,"ocean_custom_retina_logo":0,"ocean_custom_logo_max_width":0,"ocean_custom_logo_tablet_max_width":0,"ocean_custom_logo_mobile_max_width":0,"ocean_custom_logo_max_height":0,"ocean_custom_logo_tablet_max_height":0,"ocean_custom_logo_mobile_max_height":0,"ocean_header_custom_menu":"","ocean_menu_typo_font_family":"","ocean_menu_typo_font_subset":"","ocean_menu_typo_font_size":0,"ocean_menu_typo_font_size_tablet":0,"ocean_menu_typo_font_size_mobile":0,"ocean_menu_typo_font_size_unit":"px","ocean_menu_typo_font_weight":"","ocean_menu_typo_font_weight_tablet":"","ocean_menu_typo_font_weight_mobile":"","ocean_menu_typo_transform":"","ocean_menu_typo_transform_tablet":"","ocean_menu_typo_transform_mobile":"","ocean_menu_typo_line_height":0,"ocean_menu_typo_line_height_tablet":0,"ocean_menu_typo_line_height_mobile":0,"ocean_menu_typo_line_height_unit":"","ocean_menu_typo_spacing":0,"ocean_menu_typo_spacing_tablet":0,"ocean_menu_typo_spacing_mobile":0,"ocean_menu_typo_spacing_unit":"","ocean_menu_link_color":"","ocean_menu_link_color_hover":"","ocean_menu_link_color_active":"","ocean_menu_link_background":"","ocean_menu_link_hover_background":"","ocean_menu_link_active_background":"","ocean_menu_social_links_bg":"","ocean_menu_social_hover_links_bg":"","ocean_menu_social_links_color":"","ocean_menu_social_hover_links_color":"","ocean_disable_title":"default","ocean_disable_heading":"default","ocean_post_title":"","ocean_post_subheading":"","ocean_post_title_style":"","ocean_post_title_background_color":"","ocean_post_title_background":0,"ocean_post_title_bg_image_position":"","ocean_post_title_bg_image_attachment":"","ocean_post_title_bg_image_repeat":"","ocean_post_title_bg_image_size":"","ocean_post_title_height":0,"ocean_post_title_bg_overlay":0.5,"ocean_post_title_bg_overlay_color":"","ocean_disable_breadcrumbs":"default","ocean_breadcrumbs_color":"","ocean_breadcrumbs_separator_color":"","ocean_breadcrumbs_links_color":"","ocean_breadcrumbs_links_hover_color":"","ocean_display_footer_widgets":"default","ocean_display_footer_bottom":"default","ocean_custom_footer_template":"","ocean_post_oembed":"","ocean_post_self_hosted_media":"","ocean_post_video_embed":"","ocean_link_format":"","ocean_link_format_target":"self","ocean_quote_format":"","ocean_quote_format_link":"post","ocean_gallery_link_images":"on","ocean_gallery_id":[]},"categories":[1],"tags":[],"acf":[],"_links":{"self":[{"href":"https:\/\/www.simepe.com.br\/novo\/wp-json\/wp\/v2\/posts\/61785"}],"collection":[{"href":"https:\/\/www.simepe.com.br\/novo\/wp-json\/wp\/v2\/posts"}],"about":[{"href":"https:\/\/www.simepe.com.br\/novo\/wp-json\/wp\/v2\/types\/post"}],"author":[{"embeddable":true,"href":"https:\/\/www.simepe.com.br\/novo\/wp-json\/wp\/v2\/users\/1"}],"replies":[{"embeddable":true,"href":"https:\/\/www.simepe.com.br\/novo\/wp-json\/wp\/v2\/comments?post=61785"}],"version-history":[{"count":1,"href":"https:\/\/www.simepe.com.br\/novo\/wp-json\/wp\/v2\/posts\/61785\/revisions"}],"predecessor-version":[{"id":61786,"href":"https:\/\/www.simepe.com.br\/novo\/wp-json\/wp\/v2\/posts\/61785\/revisions\/61786"}],"wp:attachment":[{"href":"https:\/\/www.simepe.com.br\/novo\/wp-json\/wp\/v2\/media?parent=61785"}],"wp:term":[{"taxonomy":"category","embeddable":true,"href":"https:\/\/www.simepe.com.br\/novo\/wp-json\/wp\/v2\/categories?post=61785"},{"taxonomy":"post_tag","embeddable":true,"href":"https:\/\/www.simepe.com.br\/novo\/wp-json\/wp\/v2\/tags?post=61785"}],"curies":[{"name":"wp","href":"https:\/\/api.w.org\/{rel}","templated":true}]}}