{"id":61839,"date":"2021-10-29T14:27:00","date_gmt":"2021-10-29T17:27:00","guid":{"rendered":"https:\/\/www.simepe.com.br\/novo\/?p=61839"},"modified":"2021-10-29T14:27:00","modified_gmt":"2021-10-29T17:27:00","slug":"confira-novas-mensagens-em-video-pela-comemoracao-dos-90-anos-do-simepar","status":"publish","type":"post","link":"https:\/\/www.simepe.com.br\/novo\/confira-novas-mensagens-em-video-pela-comemoracao-dos-90-anos-do-simepar\/","title":{"rendered":"Confira novas mensagens em v\u00eddeo pela comemora\u00e7\u00e3o dos 90 anos do Simepar"},"content":{"rendered":"<p style=\"text-align: justify;\"><a href=\"https:\/\/simepar.org.br\/confira-novas-mensagens-em-video-pela-comemoracao-dos-90-anos-do-simepar\/\">Assista\u00a0as novas mensagens pela passagem dos 90 anos da funda\u00e7\u00e3o do Sindicato dos M\u00e9dicos no Estado do Paran\u00e1.<\/a><\/p>\n<p style=\"text-align: justify;\"><a href=\"https:\/\/simepar.org.br\/confira-novas-mensagens-em-video-pela-comemoracao-dos-90-anos-do-simepar\/\">Mensagens de:<\/a><\/p>\n<p style=\"text-align: justify;\"><a href=\"https:\/\/simepar.org.br\/confira-novas-mensagens-em-video-pela-comemoracao-dos-90-anos-do-simepar\/\">Dra. Claudia Paola Carrasco Aguilar \u2013 Secret\u00e1ria Geral do Simepar<\/a><br \/>\n<a href=\"https:\/\/simepar.org.br\/confira-novas-mensagens-em-video-pela-comemoracao-dos-90-anos-do-simepar\/\"> Dr. Nerlan Carvalho \u2013 Presidente da Associa\u00e7\u00e3o M\u00e9dica do Paran\u00e1<\/a><br \/>\n<a href=\"https:\/\/simepar.org.br\/confira-novas-mensagens-em-video-pela-comemoracao-dos-90-anos-do-simepar\/\"> Dr. Paulo Faria \u2013 Presidente da Unimed Paran\u00e1<\/a><br \/>\n<a href=\"https:\/\/simepar.org.br\/confira-novas-mensagens-em-video-pela-comemoracao-dos-90-anos-do-simepar\/\"> Alexandre H\u00fangaro \u2013 Presidente da Central dos Trabalhadores e Trabalhadoras do Paran\u00e1 \u2013 CTB PR<\/a><br \/>\n<a href=\"https:\/\/simepar.org.br\/confira-novas-mensagens-em-video-pela-comemoracao-dos-90-anos-do-simepar\/\"> Dr. Luiz Gustavo Andrade \u2013 Assessoria Jur\u00eddica do Simepar<\/a><\/p>\n<p style=\"text-align: justify;\">Fonte: Sindicato dos M\u00e9dicos no Estado do Paran\u00e1 (Simepar)<\/p>\n","protected":false},"excerpt":{"rendered":"<p>Assista\u00a0as novas mensagens pela passagem dos 90 anos da funda\u00e7\u00e3o do Sindicato dos M\u00e9dicos no Estado do Paran\u00e1. Mensagens de: Dra. Claudia Paola Carrasco Aguilar \u2013 Secret\u00e1ria Geral do Simepar Dr. Nerlan Carvalho \u2013 Presidente da Associa\u00e7\u00e3o M\u00e9dica do Paran\u00e1 Dr. Paulo Faria \u2013 Presidente da Unimed Paran\u00e1 Alexandre H\u00fangaro \u2013 Presidente da Central dos [&hellip;]<\/p>\n","protected":false},"author":1,"featured_media":61840,"comment_status":"open","ping_status":"open","sticky":false,"template":"","format":"standard","meta":{"ocean_post_layout":"","ocean_both_sidebars_style":"","ocean_both_sidebars_content_width":0,"ocean_both_sidebars_sidebars_width":0,"ocean_sidebar":"","ocean_second_sidebar":"","ocean_disable_margins":"enable","ocean_add_body_class":"","ocean_shortcode_before_top_bar":"","ocean_shortcode_after_top_bar":"","ocean_shortcode_before_header":"","ocean_shortcode_after_header":"","ocean_has_shortcode":"","ocean_shortcode_after_title":"","ocean_shortcode_before_footer_widgets":"","ocean_shortcode_after_footer_widgets":"","ocean_shortcode_before_footer_bottom":"","ocean_shortcode_after_footer_bottom":"","ocean_display_top_bar":"default","ocean_display_header":"default","ocean_header_style":"","ocean_center_header_left_menu":"","ocean_custom_header_template":"","ocean_custom_logo":0,"ocean_custom_retina_logo":0,"ocean_custom_logo_max_width":0,"ocean_custom_logo_tablet_max_width":0,"ocean_custom_logo_mobile_max_width":0,"ocean_custom_logo_max_height":0,"ocean_custom_logo_tablet_max_height":0,"ocean_custom_logo_mobile_max_height":0,"ocean_header_custom_menu":"","ocean_menu_typo_font_family":"","ocean_menu_typo_font_subset":"","ocean_menu_typo_font_size":0,"ocean_menu_typo_font_size_tablet":0,"ocean_menu_typo_font_size_mobile":0,"ocean_menu_typo_font_size_unit":"px","ocean_menu_typo_font_weight":"","ocean_menu_typo_font_weight_tablet":"","ocean_menu_typo_font_weight_mobile":"","ocean_menu_typo_transform":"","ocean_menu_typo_transform_tablet":"","ocean_menu_typo_transform_mobile":"","ocean_menu_typo_line_height":0,"ocean_menu_typo_line_height_tablet":0,"ocean_menu_typo_line_height_mobile":0,"ocean_menu_typo_line_height_unit":"","ocean_menu_typo_spacing":0,"ocean_menu_typo_spacing_tablet":0,"ocean_menu_typo_spacing_mobile":0,"ocean_menu_typo_spacing_unit":"","ocean_menu_link_color":"","ocean_menu_link_color_hover":"","ocean_menu_link_color_active":"","ocean_menu_link_background":"","ocean_menu_link_hover_background":"","ocean_menu_link_active_background":"","ocean_menu_social_links_bg":"","ocean_menu_social_hover_links_bg":"","ocean_menu_social_links_color":"","ocean_menu_social_hover_links_color":"","ocean_disable_title":"default","ocean_disable_heading":"default","ocean_post_title":"","ocean_post_subheading":"","ocean_post_title_style":"","ocean_post_title_background_color":"","ocean_post_title_background":0,"ocean_post_title_bg_image_position":"","ocean_post_title_bg_image_attachment":"","ocean_post_title_bg_image_repeat":"","ocean_post_title_bg_image_size":"","ocean_post_title_height":0,"ocean_post_title_bg_overlay":0.5,"ocean_post_title_bg_overlay_color":"","ocean_disable_breadcrumbs":"default","ocean_breadcrumbs_color":"","ocean_breadcrumbs_separator_color":"","ocean_breadcrumbs_links_color":"","ocean_breadcrumbs_links_hover_color":"","ocean_display_footer_widgets":"default","ocean_display_footer_bottom":"default","ocean_custom_footer_template":"","ocean_post_oembed":"","ocean_post_self_hosted_media":"","ocean_post_video_embed":"","ocean_link_format":"","ocean_link_format_target":"self","ocean_quote_format":"","ocean_quote_format_link":"post","ocean_gallery_link_images":"on","ocean_gallery_id":[]},"categories":[1],"tags":[],"acf":[],"_links":{"self":[{"href":"https:\/\/www.simepe.com.br\/novo\/wp-json\/wp\/v2\/posts\/61839"}],"collection":[{"href":"https:\/\/www.simepe.com.br\/novo\/wp-json\/wp\/v2\/posts"}],"about":[{"href":"https:\/\/www.simepe.com.br\/novo\/wp-json\/wp\/v2\/types\/post"}],"author":[{"embeddable":true,"href":"https:\/\/www.simepe.com.br\/novo\/wp-json\/wp\/v2\/users\/1"}],"replies":[{"embeddable":true,"href":"https:\/\/www.simepe.com.br\/novo\/wp-json\/wp\/v2\/comments?post=61839"}],"version-history":[{"count":1,"href":"https:\/\/www.simepe.com.br\/novo\/wp-json\/wp\/v2\/posts\/61839\/revisions"}],"predecessor-version":[{"id":61841,"href":"https:\/\/www.simepe.com.br\/novo\/wp-json\/wp\/v2\/posts\/61839\/revisions\/61841"}],"wp:featuredmedia":[{"embeddable":true,"href":"https:\/\/www.simepe.com.br\/novo\/wp-json\/wp\/v2\/media\/61840"}],"wp:attachment":[{"href":"https:\/\/www.simepe.com.br\/novo\/wp-json\/wp\/v2\/media?parent=61839"}],"wp:term":[{"taxonomy":"category","embeddable":true,"href":"https:\/\/www.simepe.com.br\/novo\/wp-json\/wp\/v2\/categories?post=61839"},{"taxonomy":"post_tag","embeddable":true,"href":"https:\/\/www.simepe.com.br\/novo\/wp-json\/wp\/v2\/tags?post=61839"}],"curies":[{"name":"wp","href":"https:\/\/api.w.org\/{rel}","templated":true}]}}