{"id":61934,"date":"2021-11-10T09:34:13","date_gmt":"2021-11-10T12:34:13","guid":{"rendered":"https:\/\/www.simepe.com.br\/novo\/?p=61934"},"modified":"2021-11-10T09:34:13","modified_gmt":"2021-11-10T12:34:13","slug":"brasil-registra-a-maior-queda-na-media-movel-de-obitos-por-covid-19-desde-o-inicio-da-pandemia","status":"publish","type":"post","link":"https:\/\/www.simepe.com.br\/novo\/brasil-registra-a-maior-queda-na-media-movel-de-obitos-por-covid-19-desde-o-inicio-da-pandemia\/","title":{"rendered":"Brasil registra a maior queda na m\u00e9dia m\u00f3vel de \u00f3bitos por Covid-19 desde o in\u00edcio da pandemia"},"content":{"rendered":"<p><em>Com queda de 31,24% nos \u00faltimos 14 dias, m\u00e9dia m\u00f3vel de \u00f3bitos pela doen\u00e7a segue na faixa de 200 por sete dias consecutivos.<\/em><\/p>\n<p>O Brasil registrou, nesta ter\u00e7a-feira (9), a maior queda na m\u00e9dia m\u00f3vel de \u00f3bitos por Covid-19 desde o in\u00edcio da pandemia. O boletim epidemiol\u00f3gico divulgado pelo Minist\u00e9rio da Sa\u00fade revela uma redu\u00e7\u00e3o de 31,24% nas notifica\u00e7\u00f5es com rela\u00e7\u00e3o aos \u00faltimos 14 dias. Com m\u00e9dia m\u00f3vel registrada em 250,71, o Brasil tem hoje a uma queda de 91,62% nos \u00f3bitos desde o pico da pandemia, registrado em 19 de abril. Na segunda-feira, nove estados e o Distrito Federal n\u00e3o registraram novos \u00f3bitos por Covid.<\/p>\n<p>Al\u00e9m disso, os dados divulgados pela Pasta mostram que este \u00e9 o terceiro dia consecutivo em que o Brasil registra a menor m\u00e9dia m\u00f3vel de \u00f3bitos pela doen\u00e7a em todo o ano de 2021. Segundo o ministro da Sa\u00fade, Marcelo Queiroga, o cen\u00e1rio mais arrefecido da pandemia da Covid-19 no Brasil se deve \u00e0 ampla Campanha de Vacina\u00e7\u00e3o que chegou a esta ter\u00e7a com mais de 279 milh\u00f5es de doses aplicadas e quase 90% da popula\u00e7\u00e3o-alvo vacinada com a primeira dose.<\/p>\n<p>\u201cEstamos no caminho certo. E esses n\u00fameros s\u00e3o resultados de uma pol\u00edtica acertada, ao sucesso da Campanha de Vacina\u00e7\u00e3o. Hoje, temos um grande n\u00famero de brasileiros com a primeira dose e estamos prestes a ultrapassar mais de 70% da popula\u00e7\u00e3o-alvo completamente vacinada. Avan\u00e7amos com quase 10 milh\u00f5es nas doses de refor\u00e7o. E o resultado \u00e9 isso: v\u00e1rios estados e munic\u00edpios sem nenhum registro de \u00f3bito\u201d, contou Queiroga.<\/p>\n<p>A Campanha de Vacina\u00e7\u00e3o contra a Covid-19, que come\u00e7ou em janeiro de 2021, aplicou at\u00e9 o momento quase 280 milh\u00f5es de doses de vacina. Com isso, o Pa\u00eds chega \u00e0 marca de 88,8% da popula\u00e7\u00e3o-alvo vacinada com a primeira dose e 69,5% com as duas doses ou dose \u00fanica do imunizante. Al\u00e9m disso, o Brasil come\u00e7ou a refor\u00e7ar a imunidade de quem completou o esquema vacinal h\u00e1 mais de seis meses em grupos priorit\u00e1rios. A vacina da Pfizer est\u00e1 sendo administrada para esta fase.<\/p>\n<p>Com isso, quase 10 milh\u00f5es de pessoas acima de 60 anos, profissionais de sa\u00fade e imunossuprimidos receberam a dose adicional ou de refor\u00e7o. Vale lembrar tamb\u00e9m que o Brasil come\u00e7ou a imunizar crian\u00e7as e adolescentes entre 12 e 17 anos de idade, o que resulta at\u00e9 o momento em mais de 13 milh\u00f5es de doses aplicadas nesse p\u00fablico. A recomenda\u00e7\u00e3o \u00e9 que a vacina da Pfizer seja utilizada, \u00fanica vacina autorizada pela Ag\u00eancia Nacional de Vigil\u00e2ncia em Sa\u00fade (Anvisa) para esse p\u00fablico.<\/p>\n<p>Para a Campanha de 2022, o Governo Federal garantiu mais de 354 milh\u00f5es de doses, sendo 100 milh\u00f5es ser\u00e3o da Pfizer, 120 milh\u00f5es da AstraZeneca. Outras 134 milh\u00f5es de vacinas remanescentes da Campanha de 2021 ser\u00e3o utilizadas no pr\u00f3ximo ano.<\/p>\n<p>Fonte: Minist\u00e9rio de Sa\u00fade<\/p>\n","protected":false},"excerpt":{"rendered":"<p>Com queda de 31,24% nos \u00faltimos 14 dias, m\u00e9dia m\u00f3vel de \u00f3bitos pela doen\u00e7a segue na faixa de 200 por sete dias consecutivos. O Brasil registrou, nesta ter\u00e7a-feira (9), a maior queda na m\u00e9dia m\u00f3vel de \u00f3bitos por Covid-19 desde o in\u00edcio da pandemia. O boletim epidemiol\u00f3gico divulgado pelo Minist\u00e9rio da Sa\u00fade revela uma redu\u00e7\u00e3o [&hellip;]<\/p>\n","protected":false},"author":1,"featured_media":0,"comment_status":"open","ping_status":"open","sticky":false,"template":"","format":"standard","meta":{"ocean_post_layout":"","ocean_both_sidebars_style":"","ocean_both_sidebars_content_width":0,"ocean_both_sidebars_sidebars_width":0,"ocean_sidebar":"","ocean_second_sidebar":"","ocean_disable_margins":"enable","ocean_add_body_class":"","ocean_shortcode_before_top_bar":"","ocean_shortcode_after_top_bar":"","ocean_shortcode_before_header":"","ocean_shortcode_after_header":"","ocean_has_shortcode":"","ocean_shortcode_after_title":"","ocean_shortcode_before_footer_widgets":"","ocean_shortcode_after_footer_widgets":"","ocean_shortcode_before_footer_bottom":"","ocean_shortcode_after_footer_bottom":"","ocean_display_top_bar":"default","ocean_display_header":"default","ocean_header_style":"","ocean_center_header_left_menu":"","ocean_custom_header_template":"","ocean_custom_logo":0,"ocean_custom_retina_logo":0,"ocean_custom_logo_max_width":0,"ocean_custom_logo_tablet_max_width":0,"ocean_custom_logo_mobile_max_width":0,"ocean_custom_logo_max_height":0,"ocean_custom_logo_tablet_max_height":0,"ocean_custom_logo_mobile_max_height":0,"ocean_header_custom_menu":"","ocean_menu_typo_font_family":"","ocean_menu_typo_font_subset":"","ocean_menu_typo_font_size":0,"ocean_menu_typo_font_size_tablet":0,"ocean_menu_typo_font_size_mobile":0,"ocean_menu_typo_font_size_unit":"px","ocean_menu_typo_font_weight":"","ocean_menu_typo_font_weight_tablet":"","ocean_menu_typo_font_weight_mobile":"","ocean_menu_typo_transform":"","ocean_menu_typo_transform_tablet":"","ocean_menu_typo_transform_mobile":"","ocean_menu_typo_line_height":0,"ocean_menu_typo_line_height_tablet":0,"ocean_menu_typo_line_height_mobile":0,"ocean_menu_typo_line_height_unit":"","ocean_menu_typo_spacing":0,"ocean_menu_typo_spacing_tablet":0,"ocean_menu_typo_spacing_mobile":0,"ocean_menu_typo_spacing_unit":"","ocean_menu_link_color":"","ocean_menu_link_color_hover":"","ocean_menu_link_color_active":"","ocean_menu_link_background":"","ocean_menu_link_hover_background":"","ocean_menu_link_active_background":"","ocean_menu_social_links_bg":"","ocean_menu_social_hover_links_bg":"","ocean_menu_social_links_color":"","ocean_menu_social_hover_links_color":"","ocean_disable_title":"default","ocean_disable_heading":"default","ocean_post_title":"","ocean_post_subheading":"","ocean_post_title_style":"","ocean_post_title_background_color":"","ocean_post_title_background":0,"ocean_post_title_bg_image_position":"","ocean_post_title_bg_image_attachment":"","ocean_post_title_bg_image_repeat":"","ocean_post_title_bg_image_size":"","ocean_post_title_height":0,"ocean_post_title_bg_overlay":0.5,"ocean_post_title_bg_overlay_color":"","ocean_disable_breadcrumbs":"default","ocean_breadcrumbs_color":"","ocean_breadcrumbs_separator_color":"","ocean_breadcrumbs_links_color":"","ocean_breadcrumbs_links_hover_color":"","ocean_display_footer_widgets":"default","ocean_display_footer_bottom":"default","ocean_custom_footer_template":"","ocean_post_oembed":"","ocean_post_self_hosted_media":"","ocean_post_video_embed":"","ocean_link_format":"","ocean_link_format_target":"self","ocean_quote_format":"","ocean_quote_format_link":"post","ocean_gallery_link_images":"on","ocean_gallery_id":[]},"categories":[9],"tags":[],"acf":[],"_links":{"self":[{"href":"https:\/\/www.simepe.com.br\/novo\/wp-json\/wp\/v2\/posts\/61934"}],"collection":[{"href":"https:\/\/www.simepe.com.br\/novo\/wp-json\/wp\/v2\/posts"}],"about":[{"href":"https:\/\/www.simepe.com.br\/novo\/wp-json\/wp\/v2\/types\/post"}],"author":[{"embeddable":true,"href":"https:\/\/www.simepe.com.br\/novo\/wp-json\/wp\/v2\/users\/1"}],"replies":[{"embeddable":true,"href":"https:\/\/www.simepe.com.br\/novo\/wp-json\/wp\/v2\/comments?post=61934"}],"version-history":[{"count":1,"href":"https:\/\/www.simepe.com.br\/novo\/wp-json\/wp\/v2\/posts\/61934\/revisions"}],"predecessor-version":[{"id":61935,"href":"https:\/\/www.simepe.com.br\/novo\/wp-json\/wp\/v2\/posts\/61934\/revisions\/61935"}],"wp:attachment":[{"href":"https:\/\/www.simepe.com.br\/novo\/wp-json\/wp\/v2\/media?parent=61934"}],"wp:term":[{"taxonomy":"category","embeddable":true,"href":"https:\/\/www.simepe.com.br\/novo\/wp-json\/wp\/v2\/categories?post=61934"},{"taxonomy":"post_tag","embeddable":true,"href":"https:\/\/www.simepe.com.br\/novo\/wp-json\/wp\/v2\/tags?post=61934"}],"curies":[{"name":"wp","href":"https:\/\/api.w.org\/{rel}","templated":true}]}}