{"id":61957,"date":"2021-11-10T20:16:27","date_gmt":"2021-11-10T23:16:27","guid":{"rendered":"https:\/\/www.simepe.com.br\/novo\/?p=61957"},"modified":"2021-11-19T09:41:08","modified_gmt":"2021-11-19T12:41:08","slug":"medicos-da-rede-municipal-do-recife-aprovam-indicativo-de-paralisacao","status":"publish","type":"post","link":"https:\/\/www.simepe.com.br\/novo\/medicos-da-rede-municipal-do-recife-aprovam-indicativo-de-paralisacao\/","title":{"rendered":"M\u00e9dicos da rede municipal do Recife aprovam indicativo de paralisa\u00e7\u00e3o"},"content":{"rendered":"<p style=\"text-align: justify;\">Representantes do Simepe reuniram-se na tarde desta quarta-feira (21) em Assembleia Geral Extraordin\u00e1ria (AGE), com m\u00e9dicos da rede municipal do Recife, que diante da falta de proposta concreta de reajuste salarial, por parte da Secretaria de sa\u00fade, deliberaram por estado de assembleia permanente e indicativo de paralisa\u00e7\u00e3o.<\/p>\n<p style=\"text-align: justify;\"><img fetchpriority=\"high\" class=\"size-full wp-image-61961 aligncenter\" src=\"https:\/\/www.simepe.com.br\/novo\/wp-content\/uploads\/2021\/11\/PHOTO-2021-11-10-17-39-01_1.jpg\" alt=\"PHOTO-2021-11-10-17-39-01_1\" width=\"670\" height=\"382\" srcset=\"https:\/\/www.simepe.com.br\/novo\/wp-content\/uploads\/2021\/11\/PHOTO-2021-11-10-17-39-01_1.jpg 670w, https:\/\/www.simepe.com.br\/novo\/wp-content\/uploads\/2021\/11\/PHOTO-2021-11-10-17-39-01_1-300x171.jpg 300w\" sizes=\"(max-width: 670px) 100vw, 670px\" \/><\/p>\n<p style=\"text-align: justify;\">Na AGE, os profissionais m\u00e9dicos demonstraram insatisfa\u00e7\u00e3o pela falta de proposta de reajuste a ser apresentada e o conhecimento de an\u00fancio em mesa de negocia\u00e7\u00e3o de\u00a0percentual linear de 1,2% para todos os servidores. A categoria recusou de imediato essa proposta e aguarda a reuni\u00e3o programada para o dia 17\/11 com a Secretaria de Planejamento da PCR. Al\u00e9m disso, foram deliberadas tamb\u00e9m as propostas de 40% de insalubridade e a revis\u00e3o salarial referente ao ano de 2020, bem como o compromisso de discutir junto \u00e0 Defensoria M\u00e9dica quest\u00f5es da previd\u00eancia, aposentadoria, entre outras. O encontro, com qu\u00f3rum bastante expressivo, foi realizado no audit\u00f3rio da sede do Sindicato e contou com a participa\u00e7\u00e3o da categoria presencial e on-line, via Zoom.<\/p>\n<p style=\"text-align: justify;\"><img class=\"size-full wp-image-61960 aligncenter\" src=\"https:\/\/www.simepe.com.br\/novo\/wp-content\/uploads\/2021\/11\/PHOTO-2021-11-10-17-37-49.jpg\" alt=\"PHOTO-2021-11-10-17-37-49\" width=\"717\" height=\"478\" srcset=\"https:\/\/www.simepe.com.br\/novo\/wp-content\/uploads\/2021\/11\/PHOTO-2021-11-10-17-37-49.jpg 717w, https:\/\/www.simepe.com.br\/novo\/wp-content\/uploads\/2021\/11\/PHOTO-2021-11-10-17-37-49-300x200.jpg 300w\" sizes=\"(max-width: 717px) 100vw, 717px\" \/><\/p>\n<p style=\"text-align: justify;\">&#8220;Encerramentos a segunda AGE com os m\u00e9dicos do Recife em clima de insatisfa\u00e7\u00e3o. Os m\u00e9dicos reclamam da falta de uma proposta concreta para nossa categoria que contemple os m\u00e9dicos que tanto lutaram para salvar vidas durante a pandemia do novo coronav\u00edrus (Covid-19)&#8221;, ressalta a presidente Claudia Beatriz.<\/p>\n<p><img class=\"alignnone size-full wp-image-61963 aligncenter\" src=\"https:\/\/www.simepe.com.br\/novo\/wp-content\/uploads\/2021\/11\/PHOTO-2021-11-10-17-37-48-1.jpg\" alt=\"PHOTO-2021-11-10-17-37-48\" width=\"717\" height=\"426\" srcset=\"https:\/\/www.simepe.com.br\/novo\/wp-content\/uploads\/2021\/11\/PHOTO-2021-11-10-17-37-48-1.jpg 717w, https:\/\/www.simepe.com.br\/novo\/wp-content\/uploads\/2021\/11\/PHOTO-2021-11-10-17-37-48-1-300x178.jpg 300w\" sizes=\"(max-width: 717px) 100vw, 717px\" \/><\/p>\n<p>Na opini\u00e3o do vice-presidente do Sindicato, Walber Steffano, a reuni\u00e3o foi bastante oportuna, com avalia\u00e7\u00f5es e delibera\u00e7\u00f5es importantes, incluindo o indicativo de paralisa\u00e7\u00e3o dos profissionais. Ele destacou o trabalho e esfor\u00e7o realizado pelos m\u00e9dicos no combate \u00e0 pandemia da Covid-19. \u201cNo momento mais dif\u00edcil da hist\u00f3ria da medicina no Pa\u00eds, n\u00f3s travamos uma batalha \u00e1rdua que exige o devido reconhecimento e valoriza\u00e7\u00e3o\u201d, acentuou.<\/p>\n<p style=\"text-align: justify;\"><img loading=\"lazy\" class=\"size-full wp-image-61962 aligncenter\" src=\"https:\/\/www.simepe.com.br\/novo\/wp-content\/uploads\/2021\/11\/PHOTO-2021-11-10-17-39-01.jpg\" alt=\"PHOTO-2021-11-10-17-39-01\" width=\"670\" height=\"384\" srcset=\"https:\/\/www.simepe.com.br\/novo\/wp-content\/uploads\/2021\/11\/PHOTO-2021-11-10-17-39-01.jpg 670w, https:\/\/www.simepe.com.br\/novo\/wp-content\/uploads\/2021\/11\/PHOTO-2021-11-10-17-39-01-300x172.jpg 300w\" sizes=\"(max-width: 670px) 100vw, 670px\" \/><\/p>\n<p style=\"text-align: justify;\">Uma nova AGE est\u00e1 agendada para o dia 24\/11, \u00e0s 14h, no audit\u00f3rio do Simepe. Seguiremos na luta em defesa dos m\u00e9dicos vinculados \u00e0 rede municipal do Recife.<\/p>\n","protected":false},"excerpt":{"rendered":"<p>Representantes do Simepe reuniram-se na tarde desta quarta-feira (21) em Assembleia Geral Extraordin\u00e1ria (AGE), com m\u00e9dicos da rede municipal do Recife, que diante da falta de proposta concreta de reajuste salarial, por parte da Secretaria de sa\u00fade, deliberaram por estado de assembleia permanente e indicativo de paralisa\u00e7\u00e3o. Na AGE, os profissionais m\u00e9dicos demonstraram insatisfa\u00e7\u00e3o pela [&hellip;]<\/p>\n","protected":false},"author":2,"featured_media":61958,"comment_status":"open","ping_status":"open","sticky":false,"template":"","format":"standard","meta":{"ocean_post_layout":"","ocean_both_sidebars_style":"","ocean_both_sidebars_content_width":0,"ocean_both_sidebars_sidebars_width":0,"ocean_sidebar":"","ocean_second_sidebar":"","ocean_disable_margins":"enable","ocean_add_body_class":"","ocean_shortcode_before_top_bar":"","ocean_shortcode_after_top_bar":"","ocean_shortcode_before_header":"","ocean_shortcode_after_header":"","ocean_has_shortcode":"","ocean_shortcode_after_title":"","ocean_shortcode_before_footer_widgets":"","ocean_shortcode_after_footer_widgets":"","ocean_shortcode_before_footer_bottom":"","ocean_shortcode_after_footer_bottom":"","ocean_display_top_bar":"default","ocean_display_header":"default","ocean_header_style":"","ocean_center_header_left_menu":"","ocean_custom_header_template":"","ocean_custom_logo":0,"ocean_custom_retina_logo":0,"ocean_custom_logo_max_width":0,"ocean_custom_logo_tablet_max_width":0,"ocean_custom_logo_mobile_max_width":0,"ocean_custom_logo_max_height":0,"ocean_custom_logo_tablet_max_height":0,"ocean_custom_logo_mobile_max_height":0,"ocean_header_custom_menu":"","ocean_menu_typo_font_family":"","ocean_menu_typo_font_subset":"","ocean_menu_typo_font_size":0,"ocean_menu_typo_font_size_tablet":0,"ocean_menu_typo_font_size_mobile":0,"ocean_menu_typo_font_size_unit":"px","ocean_menu_typo_font_weight":"","ocean_menu_typo_font_weight_tablet":"","ocean_menu_typo_font_weight_mobile":"","ocean_menu_typo_transform":"","ocean_menu_typo_transform_tablet":"","ocean_menu_typo_transform_mobile":"","ocean_menu_typo_line_height":0,"ocean_menu_typo_line_height_tablet":0,"ocean_menu_typo_line_height_mobile":0,"ocean_menu_typo_line_height_unit":"","ocean_menu_typo_spacing":0,"ocean_menu_typo_spacing_tablet":0,"ocean_menu_typo_spacing_mobile":0,"ocean_menu_typo_spacing_unit":"","ocean_menu_link_color":"","ocean_menu_link_color_hover":"","ocean_menu_link_color_active":"","ocean_menu_link_background":"","ocean_menu_link_hover_background":"","ocean_menu_link_active_background":"","ocean_menu_social_links_bg":"","ocean_menu_social_hover_links_bg":"","ocean_menu_social_links_color":"","ocean_menu_social_hover_links_color":"","ocean_disable_title":"default","ocean_disable_heading":"default","ocean_post_title":"","ocean_post_subheading":"","ocean_post_title_style":"","ocean_post_title_background_color":"","ocean_post_title_background":0,"ocean_post_title_bg_image_position":"","ocean_post_title_bg_image_attachment":"","ocean_post_title_bg_image_repeat":"","ocean_post_title_bg_image_size":"","ocean_post_title_height":0,"ocean_post_title_bg_overlay":0.5,"ocean_post_title_bg_overlay_color":"","ocean_disable_breadcrumbs":"default","ocean_breadcrumbs_color":"","ocean_breadcrumbs_separator_color":"","ocean_breadcrumbs_links_color":"","ocean_breadcrumbs_links_hover_color":"","ocean_display_footer_widgets":"default","ocean_display_footer_bottom":"default","ocean_custom_footer_template":"","ocean_post_oembed":"","ocean_post_self_hosted_media":"","ocean_post_video_embed":"","ocean_link_format":"","ocean_link_format_target":"self","ocean_quote_format":"","ocean_quote_format_link":"post","ocean_gallery_link_images":"on","ocean_gallery_id":[]},"categories":[1],"tags":[],"acf":[],"_links":{"self":[{"href":"https:\/\/www.simepe.com.br\/novo\/wp-json\/wp\/v2\/posts\/61957"}],"collection":[{"href":"https:\/\/www.simepe.com.br\/novo\/wp-json\/wp\/v2\/posts"}],"about":[{"href":"https:\/\/www.simepe.com.br\/novo\/wp-json\/wp\/v2\/types\/post"}],"author":[{"embeddable":true,"href":"https:\/\/www.simepe.com.br\/novo\/wp-json\/wp\/v2\/users\/2"}],"replies":[{"embeddable":true,"href":"https:\/\/www.simepe.com.br\/novo\/wp-json\/wp\/v2\/comments?post=61957"}],"version-history":[{"count":3,"href":"https:\/\/www.simepe.com.br\/novo\/wp-json\/wp\/v2\/posts\/61957\/revisions"}],"predecessor-version":[{"id":61975,"href":"https:\/\/www.simepe.com.br\/novo\/wp-json\/wp\/v2\/posts\/61957\/revisions\/61975"}],"wp:featuredmedia":[{"embeddable":true,"href":"https:\/\/www.simepe.com.br\/novo\/wp-json\/wp\/v2\/media\/61958"}],"wp:attachment":[{"href":"https:\/\/www.simepe.com.br\/novo\/wp-json\/wp\/v2\/media?parent=61957"}],"wp:term":[{"taxonomy":"category","embeddable":true,"href":"https:\/\/www.simepe.com.br\/novo\/wp-json\/wp\/v2\/categories?post=61957"},{"taxonomy":"post_tag","embeddable":true,"href":"https:\/\/www.simepe.com.br\/novo\/wp-json\/wp\/v2\/tags?post=61957"}],"curies":[{"name":"wp","href":"https:\/\/api.w.org\/{rel}","templated":true}]}}