{"id":61966,"date":"2021-11-11T10:41:46","date_gmt":"2021-11-11T13:41:46","guid":{"rendered":"https:\/\/www.simepe.com.br\/novo\/?p=61966"},"modified":"2021-11-11T10:41:46","modified_gmt":"2021-11-11T13:41:46","slug":"brasil-chega-a-70-do-publico-alvo-completamente-vacinado-contra-a-covid-19","status":"publish","type":"post","link":"https:\/\/www.simepe.com.br\/novo\/brasil-chega-a-70-do-publico-alvo-completamente-vacinado-contra-a-covid-19\/","title":{"rendered":"Brasil chega a 70% do p\u00fablico-alvo completamente vacinado contra a Covid-19"},"content":{"rendered":"<p><em>Percentual tem como base 177 milh\u00f5es de brasileiros, entre adolescentes de 12 a 17 anos e popula\u00e7\u00e3o adulta.<\/em><\/p>\n<p>A maior campanha de vacina\u00e7\u00e3o da hist\u00f3ria do pa\u00eds tem cada vez mais brasileiros protegidos contra a Covid-19. Nesta quarta-feira (10), o Brasil chega a mais um percentual importante rumo ao fim do car\u00e1ter pand\u00eamico do coronav\u00edrus: 70% do p\u00fablico-alvo, formado por 177 milh\u00f5es de brasileiros com 12 anos ou mais, j\u00e1 completaram o ciclo vacinal. Ao todo, s\u00e3o 124,6 milh\u00f5es de pessoas imunizadas em todo pa\u00eds.<\/p>\n<p>\u00c9 muito importante tomar a segunda dose da vacina Covid-19, respeitando o intervalo indicado, j\u00e1 que a efic\u00e1cia do imunizante foi comprovada a partir de an\u00e1lises realizadas com as duas aplica\u00e7\u00f5es. Quem n\u00e3o completa o esquema vacinal fica mais vulner\u00e1vel \u00e0 infec\u00e7\u00e3o pela Covid-19.<\/p>\n<p>Durante uma visita em Manaus, nesta semana, o ministro da Sa\u00fade, Marcelo Queiroga, refor\u00e7ou a import\u00e2ncia da vacina\u00e7\u00e3o. \u201c\u00c0 medida que a vacina\u00e7\u00e3o avan\u00e7a, os casos diminuem. Se diminuem os casos, diminuem a press\u00e3o sobre o sistema de sa\u00fade e, sobretudo, os \u00f3bitos. Ent\u00e3o, vamos nos unir contra o nosso \u00fanico inimigo: o v\u00edrus\u201d, ressaltou.<\/p>\n<p>Desde o come\u00e7o da campanha de vacina\u00e7\u00e3o, o Minist\u00e9rio da Sa\u00fade distribuiu mais de 344 milh\u00f5es de doses de vacina Covid-19 aos estados e o Distrito Federal. Dessas, 280 milh\u00f5es foram aplicadas, sendo 156 milh\u00f5es de brasileiros com a primeira dose. Com o envio de doses adicionais e de refor\u00e7o, as unidades federativas j\u00e1 iniciaram o refor\u00e7o da imuniza\u00e7\u00e3o dos brasileiros em grupos priorit\u00e1rios com a aplica\u00e7\u00e3o de mais de 10 milh\u00f5es de doses.<\/p>\n<p>Fonte: Minist\u00e9rio da Sa\u00fade<\/p>\n","protected":false},"excerpt":{"rendered":"<p>Percentual tem como base 177 milh\u00f5es de brasileiros, entre adolescentes de 12 a 17 anos e popula\u00e7\u00e3o adulta. A maior campanha de vacina\u00e7\u00e3o da hist\u00f3ria do pa\u00eds tem cada vez mais brasileiros protegidos contra a Covid-19. Nesta quarta-feira (10), o Brasil chega a mais um percentual importante rumo ao fim do car\u00e1ter pand\u00eamico do coronav\u00edrus: [&hellip;]<\/p>\n","protected":false},"author":1,"featured_media":0,"comment_status":"open","ping_status":"open","sticky":false,"template":"","format":"standard","meta":{"ocean_post_layout":"","ocean_both_sidebars_style":"","ocean_both_sidebars_content_width":0,"ocean_both_sidebars_sidebars_width":0,"ocean_sidebar":"","ocean_second_sidebar":"","ocean_disable_margins":"enable","ocean_add_body_class":"","ocean_shortcode_before_top_bar":"","ocean_shortcode_after_top_bar":"","ocean_shortcode_before_header":"","ocean_shortcode_after_header":"","ocean_has_shortcode":"","ocean_shortcode_after_title":"","ocean_shortcode_before_footer_widgets":"","ocean_shortcode_after_footer_widgets":"","ocean_shortcode_before_footer_bottom":"","ocean_shortcode_after_footer_bottom":"","ocean_display_top_bar":"default","ocean_display_header":"default","ocean_header_style":"","ocean_center_header_left_menu":"","ocean_custom_header_template":"","ocean_custom_logo":0,"ocean_custom_retina_logo":0,"ocean_custom_logo_max_width":0,"ocean_custom_logo_tablet_max_width":0,"ocean_custom_logo_mobile_max_width":0,"ocean_custom_logo_max_height":0,"ocean_custom_logo_tablet_max_height":0,"ocean_custom_logo_mobile_max_height":0,"ocean_header_custom_menu":"","ocean_menu_typo_font_family":"","ocean_menu_typo_font_subset":"","ocean_menu_typo_font_size":0,"ocean_menu_typo_font_size_tablet":0,"ocean_menu_typo_font_size_mobile":0,"ocean_menu_typo_font_size_unit":"px","ocean_menu_typo_font_weight":"","ocean_menu_typo_font_weight_tablet":"","ocean_menu_typo_font_weight_mobile":"","ocean_menu_typo_transform":"","ocean_menu_typo_transform_tablet":"","ocean_menu_typo_transform_mobile":"","ocean_menu_typo_line_height":0,"ocean_menu_typo_line_height_tablet":0,"ocean_menu_typo_line_height_mobile":0,"ocean_menu_typo_line_height_unit":"","ocean_menu_typo_spacing":0,"ocean_menu_typo_spacing_tablet":0,"ocean_menu_typo_spacing_mobile":0,"ocean_menu_typo_spacing_unit":"","ocean_menu_link_color":"","ocean_menu_link_color_hover":"","ocean_menu_link_color_active":"","ocean_menu_link_background":"","ocean_menu_link_hover_background":"","ocean_menu_link_active_background":"","ocean_menu_social_links_bg":"","ocean_menu_social_hover_links_bg":"","ocean_menu_social_links_color":"","ocean_menu_social_hover_links_color":"","ocean_disable_title":"default","ocean_disable_heading":"default","ocean_post_title":"","ocean_post_subheading":"","ocean_post_title_style":"","ocean_post_title_background_color":"","ocean_post_title_background":0,"ocean_post_title_bg_image_position":"","ocean_post_title_bg_image_attachment":"","ocean_post_title_bg_image_repeat":"","ocean_post_title_bg_image_size":"","ocean_post_title_height":0,"ocean_post_title_bg_overlay":0.5,"ocean_post_title_bg_overlay_color":"","ocean_disable_breadcrumbs":"default","ocean_breadcrumbs_color":"","ocean_breadcrumbs_separator_color":"","ocean_breadcrumbs_links_color":"","ocean_breadcrumbs_links_hover_color":"","ocean_display_footer_widgets":"default","ocean_display_footer_bottom":"default","ocean_custom_footer_template":"","ocean_post_oembed":"","ocean_post_self_hosted_media":"","ocean_post_video_embed":"","ocean_link_format":"","ocean_link_format_target":"self","ocean_quote_format":"","ocean_quote_format_link":"post","ocean_gallery_link_images":"on","ocean_gallery_id":[]},"categories":[9],"tags":[],"acf":[],"_links":{"self":[{"href":"https:\/\/www.simepe.com.br\/novo\/wp-json\/wp\/v2\/posts\/61966"}],"collection":[{"href":"https:\/\/www.simepe.com.br\/novo\/wp-json\/wp\/v2\/posts"}],"about":[{"href":"https:\/\/www.simepe.com.br\/novo\/wp-json\/wp\/v2\/types\/post"}],"author":[{"embeddable":true,"href":"https:\/\/www.simepe.com.br\/novo\/wp-json\/wp\/v2\/users\/1"}],"replies":[{"embeddable":true,"href":"https:\/\/www.simepe.com.br\/novo\/wp-json\/wp\/v2\/comments?post=61966"}],"version-history":[{"count":1,"href":"https:\/\/www.simepe.com.br\/novo\/wp-json\/wp\/v2\/posts\/61966\/revisions"}],"predecessor-version":[{"id":61967,"href":"https:\/\/www.simepe.com.br\/novo\/wp-json\/wp\/v2\/posts\/61966\/revisions\/61967"}],"wp:attachment":[{"href":"https:\/\/www.simepe.com.br\/novo\/wp-json\/wp\/v2\/media?parent=61966"}],"wp:term":[{"taxonomy":"category","embeddable":true,"href":"https:\/\/www.simepe.com.br\/novo\/wp-json\/wp\/v2\/categories?post=61966"},{"taxonomy":"post_tag","embeddable":true,"href":"https:\/\/www.simepe.com.br\/novo\/wp-json\/wp\/v2\/tags?post=61966"}],"curies":[{"name":"wp","href":"https:\/\/api.w.org\/{rel}","templated":true}]}}