{"id":61991,"date":"2021-11-16T09:21:41","date_gmt":"2021-11-16T12:21:41","guid":{"rendered":"https:\/\/www.simepe.com.br\/novo\/?p=61991"},"modified":"2021-11-16T09:21:41","modified_gmt":"2021-11-16T12:21:41","slug":"cancer-por-hpv-despenca-com-vacina-descubra-sintomas-e-onde-se-imunizar","status":"publish","type":"post","link":"https:\/\/www.simepe.com.br\/novo\/cancer-por-hpv-despenca-com-vacina-descubra-sintomas-e-onde-se-imunizar\/","title":{"rendered":"C\u00e2ncer por HPV despenca com vacina: descubra sintomas e onde se imunizar"},"content":{"rendered":"<p><em>Estudo apontou que imuniza\u00e7\u00e3o levou a queda de quase 90% nos casos de tumor no colo do \u00fatero entre mulheres vacinadas no in\u00edcio da adolesc\u00eancia.<\/em><\/p>\n<div class=\"mc-column content-text active-extra-styles \">\n<p class=\"content-text__container \">Um estudo publicado na revista cient\u00edfica The Lancet, que apontou queda de quase 90% nos casos de c\u00e2ncer de colo de \u00fatero entre vacinadas contra HPV, gerou uma onda de otimismo e confian\u00e7a na imuniza\u00e7\u00e3o.<\/p>\n<\/div>\n<div class=\"wall protected-content\">\n<div class=\"mc-column content-text active-extra-styles \">\n<p class=\"content-text__container \">Mas tamb\u00e9m despertou d\u00favidas sobre a vacina, a infec\u00e7\u00e3o sexualmente transmiss\u00edvel e a pesquisa em si, que consolidou resultados positivos que j\u00e1 vinham sendo percebidos por m\u00e9dicos e especialistas.<\/p>\n<div class=\"mc-column content-text active-extra-styles \">\n<p class=\"content-text__container \">Afinal, o que \u00e9 exatamente esse v\u00edrus, quais s\u00e3o os sintomas e como se proteger? Como \u00e9 o tratamento? Homens tamb\u00e9m s\u00e3o afetados? Quem tem direito \u00e0 vacina no Brasil?<\/p>\n<\/div>\n<div class=\"mc-column content-text active-extra-styles \">\n<p class=\"content-text__container \">Essas e outras perguntas ser\u00e3o respondidas abaixo pela reportagem. Mas, primeiro, vamos ao estudo.<\/p>\n<\/div>\n<div class=\"mc-column content-text active-extra-styles \">\n<p class=\"content-text__container \">Na pesquisa, feita na Inglaterra com dados de mulheres de 20 a 64 anos coletados entre 2006 e 2019, foram analisados os impactos do imunizante entre vacinadas e n\u00e3o vacinadas contra o HPV.<\/p>\n<\/div>\n<div class=\"mc-column content-text active-extra-styles \">\n<p class=\"content-text__container \">Isso foi feito a partir dos diagn\u00f3sticos do c\u00e2ncer de colo de \u00fatero ou cervical entre as participantes ou detec\u00e7\u00f5es de altera\u00e7\u00f5es anormais de c\u00e9lulas do colo do \u00fatero que podem indicar uma esp\u00e9cie de fase pr\u00e9-c\u00e2ncer, chamadas de neoplasia intraepitelial cervical (ou NIC3).<\/p>\n<\/div>\n<div class=\"mc-column content-text active-extra-styles \">\n<p class=\"content-text__container \">Ficou evidente para os pesquisadores a significativa redu\u00e7\u00e3o dos dois indicadores ap\u00f3s o in\u00edcio do programa de imuniza\u00e7\u00e3o contra o HPV, em 2008.<\/p>\n<\/div>\n<div class=\"mc-column content-text active-extra-styles \">\n<p class=\"content-text__container \">Um exemplo: as vacinadas entre 12 e 13 anos, hoje na casa dos 20 anos, apresentaram incid\u00eancia de c\u00e2ncer cervical 87% menor em compara\u00e7\u00e3o \u00e0s mulheres n\u00e3o vacinadas.<\/p>\n<\/div>\n<div class=\"mc-column content-text active-extra-styles \">\n<p class=\"content-text__container \">Os dados da pesquisa apontaram que essa faixa et\u00e1ria est\u00e1 ligada \u00e0 maior efic\u00e1cia da vacina porque as garotas nessa idade tiveram pouca ou nenhuma exposi\u00e7\u00e3o pr\u00e9via ao HPV, transmitido principalmente pela via sexual.<\/p>\n<\/div>\n<div class=\"mc-column content-text active-extra-styles \">\n<p class=\"content-text__container \">Mas qual \u00e9 a rela\u00e7\u00e3o entre HPV e c\u00e2ncer de colo de \u00fatero, quarto tipo de c\u00e2ncer que mais mata mulheres no Brasil?<\/p>\n<\/div>\n<div class=\"mc-column content-text active-extra-styles \">\n<p class=\"content-text__container \">&#8220;Pode-se dizer que ele \u00e9 100% associado ao HPV&#8221;, resume Agnaldo Lopes, presidente da Federa\u00e7\u00e3o Brasileira das Associa\u00e7\u00f5es de Ginecologia e Obstetr\u00edcia (Febrasgo), em entrevista \u00e0 BBC News Brasil.<\/p>\n<\/div>\n<div class=\"mc-column content-text active-extra-styles \">\n<p class=\"content-text__container \">Por ano, mais de 16 mil brasileiras s\u00e3o diagnosticadas com essa doen\u00e7a no Brasil, e cerca de 7 mil acabam morrendo.<\/p>\n<\/div>\n<div class=\"mc-column content-text active-extra-styles \">\n<p class=\"content-text__container \">No mundo, s\u00e3o 342 mil mortes por ano, sendo 90% delas em pa\u00edses de renda baixa e m\u00e9dia, segundo a Ag\u00eancia Internacional de Pesquisa sobre o C\u00e2ncer.<\/p>\n<\/div>\n<div class=\"mc-column content-text active-extra-styles \">\n<p class=\"content-text__container \">Vale lembrar que o HPV \u00e9 comum, bastante prevalente na popula\u00e7\u00e3o em geral. Segundo o Instituto Nacional do C\u00e2ncer (Inca), estima-se que pelo menos 80% das mulheres e dos homens sexualmente ativos ser\u00e3o infectados por um ou mais tipos desse v\u00edrus em algum momento da vida.<\/p>\n<\/div>\n<div class=\"mc-column content-text active-extra-styles \">\n<p class=\"content-text__container \">Em 2017, um estudo do Minist\u00e9rio da Sa\u00fade apontou que metade dos jovens brasileiros tinham HPV \u2014 que \u00e9 considerado o segundo maior agente causador de c\u00e2ncer nos humanos, atr\u00e1s apenas do tabaco.<\/p>\n<\/div>\n<div class=\"mc-column content-text active-extra-styles \">\n<p class=\"content-text__container \">Por isso, a vacina \u00e9 fundamental para mulheres e homens por ajudar a evitar tanto a infec\u00e7\u00e3o e a transmiss\u00e3o do v\u00edrus quanto o surgimento das les\u00f5es que podem se tornar c\u00e2ncer.<\/p>\n<div class=\"mc-column content-text active-extra-styles \">\n<p class=\"content-text__container \">Mas a baixa ades\u00e3o \u00e0 vacina\u00e7\u00e3o contra HPV no Brasil, recomendada principalmente para mulheres de 9 a 45 anos (exceto gr\u00e1vidas) e homens de 9 a 26 anos, indica que esse problema de sa\u00fade ainda est\u00e1 bem longe do fim.<\/p>\n<\/div>\n<div class=\"mc-column content-text active-extra-styles\">\n<div class=\"content-intertitle\">\n<h2>Como se contrai o HPV e quais s\u00e3o os sintomas?<\/h2>\n<\/div>\n<\/div>\n<div class=\"mc-column content-text active-extra-styles \">\n<p class=\"content-text__container \">HPV (sigla em ingl\u00eas para papilomav\u00edrus humano) \u00e9 um conjunto de v\u00edrus que podem infectar a pele e a mucosa de algumas partes do corpo feminino e masculino, como vulva, vagina, colo do \u00fatero, p\u00eanis e regi\u00e3o perianal.<\/p>\n<\/div>\n<div class=\"mc-column content-text active-extra-styles \">\n<p class=\"content-text__container \">Segundo a Febrasgo, h\u00e1 mais de 200 tipos de HPV, sendo que cerca de 40 s\u00e3o capazes de infectar o trato genital de homens e mulheres, e 13 s\u00e3o considerados oncog\u00eanicos \u2014 ou seja, com altas chances de desenvolver infec\u00e7\u00f5es constantes e capacidade de causar c\u00e2ncer.<\/p>\n<\/div>\n<div class=\"mc-column content-text active-extra-styles \">\n<p class=\"content-text__container \">Dois tipos de HPV, 16 e 18, s\u00e3o respons\u00e1veis por cerca de 70% dos c\u00e2nceres cervicais e les\u00f5es cervicais pr\u00e9-cancerosas.<\/p>\n<\/div>\n<div class=\"mc-column content-text active-extra-styles \">\n<p class=\"content-text__container \">J\u00e1 os tipos 6 e 11, apesar de n\u00e3o oncog\u00eanicos, aparecem em 90% das les\u00f5es (como papilomas lar\u00edngeos e condilomas genitais).<\/p>\n<div class=\"mc-column content-text active-extra-styles \">\n<p class=\"content-text__container \">Os tipos de HPV de alto risco de virar c\u00e2ncer podem levar ao aparecimento de les\u00f5es de alto grau, mas a doen\u00e7a pode ser prevenida em praticamente todos os casos se essas les\u00f5es forem identificadas e tratadas de forma precoce.<\/p>\n<\/div>\n<div class=\"content-ads content-ads--reveal\">\n<div id=\"banner_materia__68d9d6c0-ea20-4212-a6e5-9832e2a53f3b\" class=\"tag-manager-publicidade-container mc-has-reveal mc-has-ad-lazyload tag-manager-publicidade-banner_materia__68d9d6c0-ea20-4212-a6e5-9832e2a53f3b tag-manager-publicidade-container--carregado tag-manager-publicidade-container--visivel\">\n<div id=\"google_ads_iframe_\/95377733\/tvg_G1\/Saude_9__container__\"><\/div>\n<\/div>\n<\/div>\n<div class=\"mc-column content-text active-extra-styles \">\n<p class=\"content-text__container \">Tanto as les\u00f5es pr\u00e9-cancerosas quanto o c\u00e2ncer em est\u00e1gio inicial podem n\u00e3o apresentar sintomas, mas, com o avan\u00e7o da doen\u00e7a, pode haver sangramento, corrimento e dor.<\/p>\n<\/div>\n<div class=\"mc-column content-text active-extra-styles \">\n<p class=\"content-text__container \">Essas infec\u00e7\u00f5es costumam ser transit\u00f3rias, com regress\u00e3o natural na maioria das vezes, especialmente entre mulheres com menos de 30 anos.<\/p>\n<\/div>\n<div class=\"mc-column content-text active-extra-styles \">\n<p class=\"content-text__container \">Segundo a Organiza\u00e7\u00e3o Mundial da Sa\u00fade (OMS), as infec\u00e7\u00f5es por HPV podem desaparecer gra\u00e7as ao pr\u00f3prio sistema imunol\u00f3gico, sem nenhuma interven\u00e7\u00e3o externa alguns meses ap\u00f3s contrair o v\u00edrus, sendo que quase 90% delas somem dentro de 2 anos.<\/p>\n<\/div>\n<div class=\"mc-column content-text active-extra-styles \">\n<p class=\"content-text__container \">Mas fatores como imunidade, gen\u00e9tica e comportamento sexual podem ampliar os riscos de transmiss\u00e3o e persist\u00eancia da infec\u00e7\u00e3o.<\/p>\n<\/div>\n<div class=\"mc-column content-text active-extra-styles \">\n<p class=\"content-text__container \">&#8220;O problema est\u00e1 nas infec\u00e7\u00f5es persistentes, que t\u00eam a ver com sistema imune. Toda imunossupress\u00e3o, como por exemplo os pacientes portadores do HIV, transplantados renais, quem faz uso de corticoide ou mesmo cigarro, est\u00e1 associado a uma diminui\u00e7\u00e3o da imunidade, e aumentam as chances de problemas com o HPV. Eles podem e devem ser vacinados, porque o v\u00edrus \u00e9 mais grave nesses pacientes&#8221;, afirma Lopes, da Febrasgo.<\/p>\n<\/div>\n<div class=\"mc-column content-text active-extra-styles \">\n<p class=\"content-text__container \">O sexo \u00e9 considerado a principal via de infec\u00e7\u00e3o, mas isso pode ocorrer tamb\u00e9m pelo contato direto com a pele ou a mucosa infectada.<\/p>\n<\/div>\n<div class=\"mc-column content-text active-extra-styles \">\n<p class=\"content-text__container \">Geralmente, as regi\u00f5es afetadas no corpo feminino s\u00e3o: vagina, vulva, colo do \u00fatero, regi\u00e3o pubiana e perianal, boca e garganta. Nos homens, podem ser atingidos: p\u00eanis, bolsa escrotal (onde est\u00e3o os test\u00edculos), regi\u00e3o pubiana, perianal, boca e garganta.<\/p>\n<\/div>\n<div class=\"mc-column content-text active-extra-styles \">\n<p class=\"content-text__container \">Nem sempre o HPV causar\u00e1 verrugas e les\u00f5es. Por isso, sem sintomas, o v\u00edrus pode ser transmitido ao parceiro sexual sem que nenhum dos dois saiba previamente da infec\u00e7\u00e3o.<\/p>\n<\/div>\n<div class=\"mc-column content-text active-extra-styles \">\n<p class=\"content-text__container \">Mas, no caso da presen\u00e7a de les\u00f5es, estas identificadas de duas formas: cl\u00ednica e subcl\u00ednica.<\/p>\n<\/div>\n<div class=\"mc-column content-text active-extra-styles \">\n<p class=\"content-text__container \">A primeira trata-se das manifesta\u00e7\u00f5es vis\u00edveis, como as verrugas conhecidas popularmente como &#8220;crista de galo&#8221; (condilomas acuminados), que podem ter diferentes tamanhos, extens\u00f5es e localiza\u00e7\u00f5es.<\/p>\n<\/div>\n<div class=\"content-ads content-ads--reveal\">\n<div id=\"banner_materia__e4fdbaf1-5e01-499e-a906-0ee842081aa6\" class=\"tag-manager-publicidade-container mc-has-reveal mc-has-ad-lazyload tag-manager-publicidade-banner_materia__e4fdbaf1-5e01-499e-a906-0ee842081aa6 tag-manager-publicidade-container--carregado tag-manager-publicidade-container--visivel\">\n<div id=\"google_ads_iframe_\/95377733\/tvg_G1\/Saude_10__container__\"><\/div>\n<\/div>\n<\/div>\n<div class=\"mc-column content-text active-extra-styles \">\n<p class=\"content-text__container \">O diagn\u00f3stico \u00e9 geralmente feito durante exame cl\u00ednico em consulta com ginecologistas, urologistas e proctologistas.<\/p>\n<\/div>\n<div class=\"mc-column content-text active-extra-styles \">\n<p class=\"content-text__container \">A segunda categoria, subcl\u00ednica, demanda exames laboratoriais como citopatol\u00f3gico, histopatol\u00f3gico e biologia molecular (que detecta a presen\u00e7a do DNA do v\u00edrus).<\/p>\n<\/div>\n<div class=\"mc-column content-text active-extra-styles \">\n<p class=\"content-text__container \">Outras possibilidades s\u00e3o as lentes de aumento que ajudam a visualizar melhor as partes afetadas ou a aplica\u00e7\u00e3o de reagentes qu\u00edmicos de contraste como peniscopia, colposcopia e anuscopia. Tudo sempre feito por profissionais especializados.<\/p>\n<\/div>\n<div class=\"mc-column content-text active-extra-styles\">\n<div class=\"content-intertitle\">\n<h2>Das les\u00f5es ao c\u00e2ncer: como funciona a preven\u00e7\u00e3o<\/h2>\n<\/div>\n<\/div>\n<div class=\"mc-column content-text active-extra-styles \">\n<p class=\"content-text__container \">Lopes afirma que, geralmente, leva cerca de dez anos para a les\u00e3o pr\u00e9-cancerosa virar um c\u00e2ncer, e o aparecimento de sintomas costuma indicar uma fase avan\u00e7ada da doen\u00e7a. Mas como se d\u00e1 esse caminho e como evit\u00e1-lo?<\/p>\n<\/div>\n<div class=\"mc-column content-text active-extra-styles \">\n<p class=\"content-text__container \">Tania Petraglia, pediatra e secret\u00e1ria do Departamento Cient\u00edfico de Imuniza\u00e7\u00f5es da Sociedade Brasileira de Pediatria (SBP), explica: &#8220;Primeiro voc\u00ea n\u00e3o visualiza nada. H\u00e1 uma les\u00e3o come\u00e7ando no colo do \u00fatero, e a mulher n\u00e3o sente nada, n\u00e3o tem uma leucorreia (conhecida como corrimento). Mas a c\u00e9lula est\u00e1 l\u00e1 sofrendo transforma\u00e7\u00e3o. E por isso tamb\u00e9m \u00e9 preciso fazer o exame preventivo peri\u00f3dico, para identificar c\u00e9lulas que estejam nessa transi\u00e7\u00e3o para a malignidade. Ela n\u00e3o se torna maligna do dia para noite. \u00c9 uma evolu\u00e7\u00e3o de anos. E, ao longo do tempo ,\u00e9 poss\u00edvel encontrar atipias celulares, que s\u00e3o altera\u00e7\u00f5es das caracter\u00edsticas das c\u00e9lulas&#8221;.<\/p>\n<\/div>\n<div class=\"mc-column content-text active-extra-styles \">\n<p class=\"content-text__container \">Segundo Lopes, o HPV n\u00e3o se resume ao c\u00e2ncer de colo de \u00fatero. &#8220;Ele tamb\u00e9m est\u00e1 associado a outros tipos de c\u00e2nceres como o c\u00e2ncer de vulva, vagina, p\u00eanis, cabe\u00e7a, pesco\u00e7o, \u00e2nus&#8221;.<\/p>\n<\/div>\n<div class=\"mc-column content-text active-extra-styles \">\n<p class=\"content-text__container \">Homens e mulheres podem se prevenir desta e outras infec\u00e7\u00f5es sexualmente transmiss\u00edveis (ISTs) usando preservativo durante o sexo, pois ele diminui a \u00e1rea de exposi\u00e7\u00e3o. Mas a transmiss\u00e3o pode ocorrer mesmo sem penetra\u00e7\u00e3o vaginal ou anal.<\/p>\n<\/div>\n<div class=\"mc-column content-text active-extra-styles \">\n<p class=\"content-text__container \">&#8220;Para a transmiss\u00e3o do HPV, voc\u00ea n\u00e3o precisa ter a consuma\u00e7\u00e3o do ato sexual. O contato \u00e9 pele a pele, e a transmiss\u00e3o \u00e9 alta&#8221;, diz Petraglia, da Sociedade Brasileira de Pediatria.<\/p>\n<\/div>\n<div class=\"mc-column content-text active-extra-styles \">\n<p class=\"content-text__container \">Ou seja, a utiliza\u00e7\u00e3o do preservativo continua essencial, mas a camisinha masculina ou feminina s\u00e3o incapazes de cobrir todas as partes do corpo que podem ser infectadas.<\/p>\n<\/div>\n<div class=\"mc-column content-text active-extra-styles \">\n<p class=\"content-text__container \">Por isso a vacina contra o HPV se mostra t\u00e3o importante, principalmente antes do in\u00edcio da vida sexual.<\/p>\n<\/div>\n<div class=\"mc-column content-text active-extra-styles \">\n<p class=\"content-text__container \">A Sociedade Brasileira de Pediatria, a Sociedade Brasileira de Imuniza\u00e7\u00f5es (SBIm) e a Febrasgo recomendam a vacina\u00e7\u00e3o de mulheres de 9 a 45 anos e homens de 9 a 26 anos, e de 9 a 26 anos para pessoas com HIV e para pacientes oncol\u00f3gicos ou transplantados.<\/p>\n<\/div>\n<div class=\"mc-column content-text active-extra-styles \">\n<p class=\"content-text__container \">Outro pilar da preven\u00e7\u00e3o \u00e9 a realiza\u00e7\u00e3o dos chamados exames de rotina ou preventivos, como o papanicolau, que podem detectar infec\u00e7\u00f5es e les\u00f5es antes que elas se agravem.<\/p>\n<\/div>\n<div class=\"mc-column content-text active-extra-styles \">\n<p class=\"content-text__container \">No Brasil, \u00e9 poss\u00edvel realizar gratuitamente exames preventivos de c\u00e2ncer do colo do \u00fatero nas unidades do Sistema \u00danico de Sa\u00fade (SUS), incluindo os postos de coleta de exames preventivos ginecol\u00f3gicos gratuitos presentes em todos os Estados brasileiros.<\/p>\n<\/div>\n<div class=\"mc-column content-text active-extra-styles \">\n<p class=\"content-text__container \">Segundo o Inca, n\u00e3o h\u00e1 tratamento para elimina\u00e7\u00e3o do v\u00edrus em si. Mas h\u00e1 formas de lidar com as les\u00f5es, por exemplo, como laser, eletrocauteriza\u00e7\u00e3o e rem\u00e9dios. Tudo a ser definido caso a caso por um profissional.<\/p>\n<div class=\"content-intertitle\">\n<h2>Quem deve se vacinar contra HPV e onde est\u00e1 dispon\u00edvel?<\/h2>\n<div class=\"mc-column content-text active-extra-styles \">\n<p class=\"content-text__container \">H\u00e1 duas vacinas dispon\u00edveis contra o HPV no Brasil, ambas aprovadas pela Ag\u00eancia Nacional de Vigil\u00e2ncia Sanit\u00e1ria (Anvisa).<\/p>\n<\/div>\n<div class=\"mc-column content-text active-extra-styles \">\n<p class=\"content-text__container \">A bivalente (os dois tipos de HPV de alto risco: 16 e 18) e a quadrivalente (para dois tipos de baixo risco e dois de alto risco: 6, 11, 16 e 18). A vacina \u00e9 feita com o v\u00edrus inativado e, portanto, n\u00e3o tem como causar a doen\u00e7a.<\/p>\n<\/div>\n<div class=\"mc-column content-text active-extra-styles \">\n<p class=\"content-text__container \">Em 2014, o Minist\u00e9rio da Sa\u00fade brasileiro adicionou ao Calend\u00e1rio Nacional de Vacina\u00e7\u00e3o a vacina quadrivalente, que ajuda a prevenir quatro tipos de HPV e proteger o organismo de les\u00f5es pr\u00e9-cancerosas no colo de \u00fatero, na vulva e na vagina e do c\u00e2ncer do colo do \u00fatero.<\/p>\n<\/div>\n<div class=\"mc-column content-text active-extra-styles \">\n<p class=\"content-text__container \">Esse imunizante \u00e9 oferecido gratuitamente no SUS em duas doses (com intervalo de seis meses entre elas) para todas as garotas de 9 a 14 anos e todos os garotos de 11 a 14 anos.<\/p>\n<\/div>\n<div class=\"mc-column content-text active-extra-styles \">\n<p class=\"content-text__container \">H\u00e1 outros grupos da popula\u00e7\u00e3o que podem receber a vacina de gra\u00e7a no Brasil, em duas ou tr\u00eas doses, como mulheres imunossuprimidas de at\u00e9 45 anos e jovens com HIV-Aids. Mais informa\u00e7\u00f5es est\u00e3o dispon\u00edveis no site do Minist\u00e9rio da Sa\u00fade.<\/p>\n<\/div>\n<div class=\"mc-column content-text active-extra-styles \">\n<p class=\"content-text__container \">A Anvisa aprovou o uso da vacina quadrivalente para mulheres de 9 a 45 anos e homens entre 9 e 26 anos, e o uso da vacina bivalente para mulheres entre 10 e 25 anos.<\/p>\n<\/div>\n<div class=\"mc-column content-text active-extra-styles \">\n<p class=\"content-text__container \">Em cl\u00ednicas particulares, duas doses da vacina bivalente custam ao todo R$ 400, em m\u00e9dia; as da quadrivalente totalizam R$ 600, em m\u00e9dia.<\/p>\n<\/div>\n<div class=\"mc-column content-text active-extra-styles \">\n<p class=\"content-text__container \">Especialistas e estudos apontam que a efic\u00e1cia da vacina ser\u00e1 maior antes de qualquer contato com o HPV, e essa prote\u00e7\u00e3o ser\u00e1 inversamente proporcional \u00e0 idade e \u00e0 exposi\u00e7\u00e3o ao v\u00edrus.<\/p>\n<\/div>\n<div class=\"mc-column content-text active-extra-styles \">\n<p class=\"content-text__container \">Ou seja, quanto mais velho e mais contato com o v\u00edrus, menos eficaz ser\u00e1 o imunizante no momento da aplica\u00e7\u00e3o na pessoa, ressalta Petraglia.<\/p>\n<\/div>\n<div class=\"mc-column content-text active-extra-styles \">\n<p class=\"content-text__container \">&#8220;O ideal mesmo \u00e9 que toda popula\u00e7\u00e3o sexualmente ativa, homens e mulheres, se vacine contra o HPV&#8221;, recomenda Lopes.<\/p>\n<\/div>\n<div class=\"mc-column content-text active-extra-styles \">\n<p class=\"content-text__container \">Valentino Magno, ginecologista oncologista e professor da Universidade Federal do Rio Grande do Sul (UFRGS), ressalta a import\u00e2ncia da vacina mesmo entre quem n\u00e3o est\u00e1 mais na adolesc\u00eancia.<\/p>\n<\/div>\n<div class=\"mc-column content-text active-extra-styles \">\n<p class=\"content-text__container \">&#8220;\u00c9 poss\u00edvel se contaminar por mais de um tipo de HPV, e isso \u00e9 comum. Por isso que a \u00fanica vacina dispon\u00edvel no Brasil contempla os principais tipos, os 6 e 11, que causam mais de 90% das verrugas genitais e o 16 e 18 que s\u00e3o os principais causadores das les\u00f5es pr\u00e9-c\u00e2ncer e c\u00e2ncer do colo do \u00fatero, vulva, vagina, canal anal e p\u00eanis.&#8221;<\/p>\n<\/div>\n<div class=\"mc-column content-text active-extra-styles\">\n<div class=\"content-intertitle\">\n<h2>Baixa ades\u00e3o e cobertura da vacina contra HPV no Brasil<\/h2>\n<\/div>\n<\/div>\n<div class=\"mc-column content-text active-extra-styles \">\n<p class=\"content-text__container \">Mas, como ocorre com a vacina\u00e7\u00e3o contra outras doen\u00e7as no Brasil, a imuniza\u00e7\u00e3o contra o HPV est\u00e1 abaixo do patamar almejado pelo Minist\u00e9rio da Sa\u00fade.<\/p>\n<\/div>\n<div class=\"mc-column content-text active-extra-styles \">\n<p class=\"content-text__container \">Segundo dados compilados pela SBIm, em 2020, a primeira dose da vacina HPV, cuja meta \u00e9 de 80%, foi aplicada em cerca de 70% das meninas de 9 a 15 anos e em pouco mais de 40% dos meninos de 11 a 14 anos. Na segunda dose, os \u00edndices foram de aproximadamente 40% e 30%.<\/p>\n<\/div>\n<div class=\"mc-column content-text active-extra-styles \">\n<p class=\"content-text__container \">A vacina\u00e7\u00e3o contra HPV enfrenta obst\u00e1culos semelhantes \u00e0 imuniza\u00e7\u00e3o contra outras doen\u00e7as, incluindo not\u00edcias falsas. E a situa\u00e7\u00e3o se complica ainda nesse caso porque envolve adolescentes e quest\u00f5es sexuais.<\/p>\n<\/div>\n<div class=\"mc-column content-text active-extra-styles \">\n<p class=\"content-text__container \">&#8220;\u00c9 dif\u00edcil adolescente ir ao m\u00e9dico. \u00c9 dif\u00edcil adolescente se vacinar. \u00c9 uma quest\u00e3o do adolescente com a sa\u00fade. A vacina\u00e7\u00e3o na escola para essa faixa et\u00e1ria seria uma estrat\u00e9gia excepcional para melhorar essa ades\u00e3o. Falta aos munic\u00edpios, l\u00e1 na ponta do sistema de sa\u00fade, perceberem que medidas muito simples podem aumentar a ades\u00e3o&#8221;, diz Petraglia.<\/p>\n<\/div>\n<div class=\"mc-column content-text active-extra-styles \">\n<p class=\"content-text__container \">Ela defende tamb\u00e9m outras estrat\u00e9gias, como o programa Sa\u00fade na Fam\u00edlia, com a capilaridade dos agentes de sa\u00fade presentes em comunidades.<\/p>\n<div class=\"mc-column content-text active-extra-styles \">\n<p class=\"content-text__container \">Al\u00e9m disso tudo, a pandemia de covid-19 tamb\u00e9m afetou programas de imuniza\u00e7\u00e3o e a cobertura vacinal contra diversos pat\u00f3genos, incluindo o HPV.<\/p>\n<\/div>\n<div class=\"mc-column content-text active-extra-styles\">\n<div class=\"content-intertitle\">\n<h2>Vacina contra HPV para gr\u00e1vidas<\/h2>\n<\/div>\n<\/div>\n<div class=\"mc-column content-text active-extra-styles \">\n<p class=\"content-text__container \">H\u00e1 apenas tr\u00eas grupos que n\u00e3o se recomenda tomar a vacina contra HPV: quem apresentou anafilaxia na primeira dose dessa vacina, quem tem alergia a alguns dos componentes do imunizante e quem est\u00e1 gr\u00e1vida.<\/p>\n<\/div>\n<div class=\"mc-column content-text active-extra-styles \">\n<p class=\"content-text__container \">Magno, da UFRGS, explica que a infec\u00e7\u00e3o do HPV se manifesta durante a gravidez de maneira muito semelhante em rela\u00e7\u00e3o a quando n\u00e3o est\u00e1 gr\u00e1vida.<\/p>\n<\/div>\n<div class=\"mc-column content-text active-extra-styles \">\n<p class=\"content-text__container \">S\u00e3o feitos exames preventivos, como o papanicolau, e a via de parto definida (natural ou ces\u00e1rea) continua a mesma, exceto se houver verrugas (condilomas) muito grandes no canal do parto. Nesse caso, haveria risco de sangramento.<\/p>\n<\/div>\n<div class=\"mc-column content-text active-extra-styles \">\n<p class=\"content-text__container \">&#8220;Como na gravidez a imunidade est\u00e1 diminu\u00edda, algumas les\u00f5es de HPV podem aparecer nessa fase. Ent\u00e3o, uma paciente pode ter algum HPV que est\u00e1 quieto, e durante o processo normal de baixar a imunidade, aparecer alguma les\u00e3o de HPV. Por isso, no acompanhamento de pr\u00e9-natal tamb\u00e9m \u00e9 avaliado o colo do \u00fatero&#8221;, explica o ginecologista.<\/p>\n<\/div>\n<div class=\"mc-column content-text active-extra-styles \">\n<p class=\"content-text__container \">Lopes aponta ainda que pode haver uma transmiss\u00e3o da m\u00e3e para a laringe do rec\u00e9m-nascido, a papilomatose lar\u00edngea recorrente.<\/p>\n<\/div>\n<div class=\"mc-column content-text active-extra-styles \">\n<p class=\"content-text__container \">E no caso de c\u00e2ncer? Ele explica que o c\u00e2ncer de colo de \u00fatero \u00e9 incomum em gr\u00e1vidas e a gravidez acaba servindo de janela de oportunidade para um diagn\u00f3stico porque as mulheres podem fazer exames que n\u00e3o costumam realizar.<\/p>\n<\/div>\n<div class=\"mc-column content-text active-extra-styles \">\n<p class=\"content-text__container \">Mas, se houver c\u00e2ncer, h\u00e1 tratamento durante a pr\u00f3pria gravidez, e n\u00e3o se interrompe mais a gesta\u00e7\u00e3o, como no passado.<\/p>\n<\/div>\n<div class=\"mc-column content-text active-extra-styles \">\n<p class=\"content-text__container \">&#8220;Se \u00e9 um c\u00e2ncer inicial, acompanhamos, se for um c\u00e2ncer mais avan\u00e7ado, esperamos passar o primeiro trimestre, o come\u00e7o da gravidez e a forma\u00e7\u00e3o do beb\u00ea. Alguns m\u00e9dicos fazem at\u00e9 quimioterapia durante a gravidez, e fazem o tratamento definitivo depois que o beb\u00ea nascer&#8221;, explica Lopes.<\/p>\n<\/div>\n<\/div>\n<div class=\"mc-column content-text active-extra-styles \">\n<p class=\"content-text__container \">A vacina\u00e7\u00e3o contra HPV chegou a acontecer em parte das escolas h\u00e1 alguns anos, ajudando a manter a cobertura vacinal em um patamar elevado, mas atualmente o programa est\u00e1 concentrado nas unidades b\u00e1sicas de sa\u00fade.<\/p>\n<\/div>\n<div class=\"mc-column content-text active-extra-styles \">\n<p class=\"content-text__container \">H\u00e1 outros obst\u00e1culos para essa faixa et\u00e1ria, segundo especialistas, como os pais n\u00e3o levarem os adolescentes para se imunizar tanto quanto fazem com filhos ainda crian\u00e7as, a falta de campanhas de conscientiza\u00e7\u00e3o dos jovens, a circula\u00e7\u00e3o de informa\u00e7\u00f5es falsas por redes sociais e a moralidade em torno do HPV por causa da quest\u00e3o sexual.<\/p>\n<\/div>\n<div class=\"mc-column content-text active-extra-styles \">\n<p class=\"content-text__container \">&#8220;Tem uma conota\u00e7\u00e3o err\u00f4nea para isso como se, por ser um v\u00edrus de transmiss\u00e3o sexual, se est\u00e1 estimulando a vida sexual. N\u00e3o faz sentido. Isso prejudica ainda mais a aceita\u00e7\u00e3o da vacina. Faltam campanhas de conscientiza\u00e7\u00e3o&#8221;, afirma Lopes.<\/p>\n<\/div>\n<div class=\"mc-column content-text active-extra-styles \">\n<p class=\"content-text__container \">Para ele, &#8220;\u00e9 uma vergonha sobrar vacina em um pa\u00eds com uma preval\u00eancia de c\u00e2ncer de colo t\u00e3o elevada&#8221;.<\/p>\n<p class=\"content-text__container \">Fonte: G1<\/p>\n<\/div>\n<\/div>\n<\/div>\n<\/div>\n<\/div>\n<\/div>\n<\/div>\n","protected":false},"excerpt":{"rendered":"<p>Estudo apontou que imuniza\u00e7\u00e3o levou a queda de quase 90% nos casos de tumor no colo do \u00fatero entre mulheres vacinadas no in\u00edcio da adolesc\u00eancia. Um estudo publicado na revista cient\u00edfica The Lancet, que apontou queda de quase 90% nos casos de c\u00e2ncer de colo de \u00fatero entre vacinadas contra HPV, gerou uma onda de [&hellip;]<\/p>\n","protected":false},"author":1,"featured_media":0,"comment_status":"open","ping_status":"open","sticky":false,"template":"","format":"standard","meta":{"ocean_post_layout":"","ocean_both_sidebars_style":"","ocean_both_sidebars_content_width":0,"ocean_both_sidebars_sidebars_width":0,"ocean_sidebar":"","ocean_second_sidebar":"","ocean_disable_margins":"enable","ocean_add_body_class":"","ocean_shortcode_before_top_bar":"","ocean_shortcode_after_top_bar":"","ocean_shortcode_before_header":"","ocean_shortcode_after_header":"","ocean_has_shortcode":"","ocean_shortcode_after_title":"","ocean_shortcode_before_footer_widgets":"","ocean_shortcode_after_footer_widgets":"","ocean_shortcode_before_footer_bottom":"","ocean_shortcode_after_footer_bottom":"","ocean_display_top_bar":"default","ocean_display_header":"default","ocean_header_style":"","ocean_center_header_left_menu":"","ocean_custom_header_template":"","ocean_custom_logo":0,"ocean_custom_retina_logo":0,"ocean_custom_logo_max_width":0,"ocean_custom_logo_tablet_max_width":0,"ocean_custom_logo_mobile_max_width":0,"ocean_custom_logo_max_height":0,"ocean_custom_logo_tablet_max_height":0,"ocean_custom_logo_mobile_max_height":0,"ocean_header_custom_menu":"","ocean_menu_typo_font_family":"","ocean_menu_typo_font_subset":"","ocean_menu_typo_font_size":0,"ocean_menu_typo_font_size_tablet":0,"ocean_menu_typo_font_size_mobile":0,"ocean_menu_typo_font_size_unit":"px","ocean_menu_typo_font_weight":"","ocean_menu_typo_font_weight_tablet":"","ocean_menu_typo_font_weight_mobile":"","ocean_menu_typo_transform":"","ocean_menu_typo_transform_tablet":"","ocean_menu_typo_transform_mobile":"","ocean_menu_typo_line_height":0,"ocean_menu_typo_line_height_tablet":0,"ocean_menu_typo_line_height_mobile":0,"ocean_menu_typo_line_height_unit":"","ocean_menu_typo_spacing":0,"ocean_menu_typo_spacing_tablet":0,"ocean_menu_typo_spacing_mobile":0,"ocean_menu_typo_spacing_unit":"","ocean_menu_link_color":"","ocean_menu_link_color_hover":"","ocean_menu_link_color_active":"","ocean_menu_link_background":"","ocean_menu_link_hover_background":"","ocean_menu_link_active_background":"","ocean_menu_social_links_bg":"","ocean_menu_social_hover_links_bg":"","ocean_menu_social_links_color":"","ocean_menu_social_hover_links_color":"","ocean_disable_title":"default","ocean_disable_heading":"default","ocean_post_title":"","ocean_post_subheading":"","ocean_post_title_style":"","ocean_post_title_background_color":"","ocean_post_title_background":0,"ocean_post_title_bg_image_position":"","ocean_post_title_bg_image_attachment":"","ocean_post_title_bg_image_repeat":"","ocean_post_title_bg_image_size":"","ocean_post_title_height":0,"ocean_post_title_bg_overlay":0.5,"ocean_post_title_bg_overlay_color":"","ocean_disable_breadcrumbs":"default","ocean_breadcrumbs_color":"","ocean_breadcrumbs_separator_color":"","ocean_breadcrumbs_links_color":"","ocean_breadcrumbs_links_hover_color":"","ocean_display_footer_widgets":"default","ocean_display_footer_bottom":"default","ocean_custom_footer_template":"","ocean_post_oembed":"","ocean_post_self_hosted_media":"","ocean_post_video_embed":"","ocean_link_format":"","ocean_link_format_target":"self","ocean_quote_format":"","ocean_quote_format_link":"post","ocean_gallery_link_images":"on","ocean_gallery_id":[]},"categories":[9],"tags":[],"acf":[],"_links":{"self":[{"href":"https:\/\/www.simepe.com.br\/novo\/wp-json\/wp\/v2\/posts\/61991"}],"collection":[{"href":"https:\/\/www.simepe.com.br\/novo\/wp-json\/wp\/v2\/posts"}],"about":[{"href":"https:\/\/www.simepe.com.br\/novo\/wp-json\/wp\/v2\/types\/post"}],"author":[{"embeddable":true,"href":"https:\/\/www.simepe.com.br\/novo\/wp-json\/wp\/v2\/users\/1"}],"replies":[{"embeddable":true,"href":"https:\/\/www.simepe.com.br\/novo\/wp-json\/wp\/v2\/comments?post=61991"}],"version-history":[{"count":1,"href":"https:\/\/www.simepe.com.br\/novo\/wp-json\/wp\/v2\/posts\/61991\/revisions"}],"predecessor-version":[{"id":61992,"href":"https:\/\/www.simepe.com.br\/novo\/wp-json\/wp\/v2\/posts\/61991\/revisions\/61992"}],"wp:attachment":[{"href":"https:\/\/www.simepe.com.br\/novo\/wp-json\/wp\/v2\/media?parent=61991"}],"wp:term":[{"taxonomy":"category","embeddable":true,"href":"https:\/\/www.simepe.com.br\/novo\/wp-json\/wp\/v2\/categories?post=61991"},{"taxonomy":"post_tag","embeddable":true,"href":"https:\/\/www.simepe.com.br\/novo\/wp-json\/wp\/v2\/tags?post=61991"}],"curies":[{"name":"wp","href":"https:\/\/api.w.org\/{rel}","templated":true}]}}