{"id":62003,"date":"2021-11-18T11:29:21","date_gmt":"2021-11-18T14:29:21","guid":{"rendered":"https:\/\/www.simepe.com.br\/novo\/?p=62003"},"modified":"2021-11-18T11:29:21","modified_gmt":"2021-11-18T14:29:21","slug":"governo-de-pernambuco-convoca-241-concursados-para-a-area-da-saude","status":"publish","type":"post","link":"https:\/\/www.simepe.com.br\/novo\/governo-de-pernambuco-convoca-241-concursados-para-a-area-da-saude\/","title":{"rendered":"Governo de Pernambuco convoca 241 concursados para a \u00e1rea da Sa\u00fade"},"content":{"rendered":"<p style=\"text-align: justify;\">O governador Paulo C\u00e2mara autorizou a nomea\u00e7\u00e3o de 241 profissionais aprovados em concurso p\u00fablico para servi\u00e7os ligados \u00e0 Secretaria Estadual de S\u00fade (SES-PE). A convoca\u00e7\u00e3o atender\u00e1 o n\u00edvel central da pasta e \u00f3rg\u00e3os vinculados, como o Laborat\u00f3rio Central de Sa\u00fade P\u00fablica de Pernambuco (Lacen-PE). A nomea\u00e7\u00e3o foi publicada no Di\u00e1rio Oficial (DOE) desta quarta-feira (17).<\/p>\n<p style=\"text-align: justify;\">Dos 241 convocados, 56 s\u00e3o m\u00e9dicos, 48 s\u00e3o das mais diversas profiss\u00f5es de n\u00edvel superior, 135 de n\u00edvel m\u00e9dio e 2 fiscais de vigil\u00e2ncia sanit\u00e1ria (detalhamento abaixo). Os profissionais ter\u00e3o prazo de cinco dias para tomar posse, e 48 horas depois de empossados dever\u00e3o se apresentar no local de exerc\u00edcio funcional comunicado pela Secretaria Estadual de Sa\u00fade.<\/p>\n<p style=\"text-align: justify;\">Os profissionais ser\u00e3o lotados no Hemope, Servi\u00e7o de Verifica\u00e7\u00e3o de \u00d3bito (SVO), Lacen, Ger\u00eancias Regionais de Sa\u00fade (Geres) e nos hospitais da Restaura\u00e7\u00e3o, Bar\u00e3o de Lucena, Agamenon Magalh\u00e3es, Get\u00falio Vargas, Ot\u00e1vio de Freitas, Geral de Areias, Correia Pican\u00e7o, Ulysses Pernambucano, no Recife; Jaboat\u00e3o Prazeres, em Jaboat\u00e3o dos Guararapes; Hospital da Mirueira, em Paulista; Fernandes Salsa, em Limoeiro; Regional do Agreste e Jesus Nazareno, em Caruaru; Dom Moura, em Garanhuns; In\u00e1cio de S\u00e1, em Salgueiro; Prof. Agamenon Magalh\u00e3es, em Serra Talhada; e Belarmino Correia, em Goiana.<\/p>\n<p style=\"text-align: justify;\"><strong>Profissionais Convocados<\/strong><\/p>\n<p style=\"text-align: justify;\"><strong>M\u00e9dicos:<\/strong> anatomopatologista, cardiologista, cl\u00ednico geral, cirurgi\u00e3o geral, cirurgi\u00e3o tor\u00e1cico, cirurgi\u00e3o oncol\u00f3gico, psiquiatra, neurocirurgi\u00e3o, pediatra, radiologista e diagn\u00f3stico por imagem, tocoginecologista, traumato-ortopedista, urologista.<\/p>\n<p style=\"text-align: justify;\"><strong>Analistas em sa\u00fade:<\/strong> analista em educa\u00e7\u00e3o na sa\u00fade, assistente social, administrador, biom\u00e9dico, contador, fisioterapeuta, psic\u00f3logo, sanitarista.<\/p>\n<p style=\"text-align: justify;\"><strong>Assistentes em sa\u00fade:<\/strong> t\u00e9cnicos de administra\u00e7\u00e3o, enfermagem, imobiliza\u00e7\u00e3o ortop\u00e9dica, laborat\u00f3rio, necr\u00f3psia, radiologia, farm\u00e1cia.<\/p>\n<p style=\"text-align: justify;\"><strong>Fiscal de vigil\u00e2ncia sanit\u00e1ria:<\/strong> enfermeiro.<\/p>\n<p style=\"text-align: justify;\">Fonte: Diario de Pernambuco<\/p>\n","protected":false},"excerpt":{"rendered":"<p>O governador Paulo C\u00e2mara autorizou a nomea\u00e7\u00e3o de 241 profissionais aprovados em concurso p\u00fablico para servi\u00e7os ligados \u00e0 Secretaria Estadual de S\u00fade (SES-PE). A convoca\u00e7\u00e3o atender\u00e1 o n\u00edvel central da pasta e \u00f3rg\u00e3os vinculados, como o Laborat\u00f3rio Central de Sa\u00fade P\u00fablica de Pernambuco (Lacen-PE). A nomea\u00e7\u00e3o foi publicada no Di\u00e1rio Oficial (DOE) desta quarta-feira (17). [&hellip;]<\/p>\n","protected":false},"author":1,"featured_media":0,"comment_status":"open","ping_status":"open","sticky":false,"template":"","format":"standard","meta":{"ocean_post_layout":"","ocean_both_sidebars_style":"","ocean_both_sidebars_content_width":0,"ocean_both_sidebars_sidebars_width":0,"ocean_sidebar":"","ocean_second_sidebar":"","ocean_disable_margins":"enable","ocean_add_body_class":"","ocean_shortcode_before_top_bar":"","ocean_shortcode_after_top_bar":"","ocean_shortcode_before_header":"","ocean_shortcode_after_header":"","ocean_has_shortcode":"","ocean_shortcode_after_title":"","ocean_shortcode_before_footer_widgets":"","ocean_shortcode_after_footer_widgets":"","ocean_shortcode_before_footer_bottom":"","ocean_shortcode_after_footer_bottom":"","ocean_display_top_bar":"default","ocean_display_header":"default","ocean_header_style":"","ocean_center_header_left_menu":"","ocean_custom_header_template":"","ocean_custom_logo":0,"ocean_custom_retina_logo":0,"ocean_custom_logo_max_width":0,"ocean_custom_logo_tablet_max_width":0,"ocean_custom_logo_mobile_max_width":0,"ocean_custom_logo_max_height":0,"ocean_custom_logo_tablet_max_height":0,"ocean_custom_logo_mobile_max_height":0,"ocean_header_custom_menu":"","ocean_menu_typo_font_family":"","ocean_menu_typo_font_subset":"","ocean_menu_typo_font_size":0,"ocean_menu_typo_font_size_tablet":0,"ocean_menu_typo_font_size_mobile":0,"ocean_menu_typo_font_size_unit":"px","ocean_menu_typo_font_weight":"","ocean_menu_typo_font_weight_tablet":"","ocean_menu_typo_font_weight_mobile":"","ocean_menu_typo_transform":"","ocean_menu_typo_transform_tablet":"","ocean_menu_typo_transform_mobile":"","ocean_menu_typo_line_height":0,"ocean_menu_typo_line_height_tablet":0,"ocean_menu_typo_line_height_mobile":0,"ocean_menu_typo_line_height_unit":"","ocean_menu_typo_spacing":0,"ocean_menu_typo_spacing_tablet":0,"ocean_menu_typo_spacing_mobile":0,"ocean_menu_typo_spacing_unit":"","ocean_menu_link_color":"","ocean_menu_link_color_hover":"","ocean_menu_link_color_active":"","ocean_menu_link_background":"","ocean_menu_link_hover_background":"","ocean_menu_link_active_background":"","ocean_menu_social_links_bg":"","ocean_menu_social_hover_links_bg":"","ocean_menu_social_links_color":"","ocean_menu_social_hover_links_color":"","ocean_disable_title":"default","ocean_disable_heading":"default","ocean_post_title":"","ocean_post_subheading":"","ocean_post_title_style":"","ocean_post_title_background_color":"","ocean_post_title_background":0,"ocean_post_title_bg_image_position":"","ocean_post_title_bg_image_attachment":"","ocean_post_title_bg_image_repeat":"","ocean_post_title_bg_image_size":"","ocean_post_title_height":0,"ocean_post_title_bg_overlay":0.5,"ocean_post_title_bg_overlay_color":"","ocean_disable_breadcrumbs":"default","ocean_breadcrumbs_color":"","ocean_breadcrumbs_separator_color":"","ocean_breadcrumbs_links_color":"","ocean_breadcrumbs_links_hover_color":"","ocean_display_footer_widgets":"default","ocean_display_footer_bottom":"default","ocean_custom_footer_template":"","ocean_post_oembed":"","ocean_post_self_hosted_media":"","ocean_post_video_embed":"","ocean_link_format":"","ocean_link_format_target":"self","ocean_quote_format":"","ocean_quote_format_link":"post","ocean_gallery_link_images":"on","ocean_gallery_id":[]},"categories":[9],"tags":[],"acf":[],"_links":{"self":[{"href":"https:\/\/www.simepe.com.br\/novo\/wp-json\/wp\/v2\/posts\/62003"}],"collection":[{"href":"https:\/\/www.simepe.com.br\/novo\/wp-json\/wp\/v2\/posts"}],"about":[{"href":"https:\/\/www.simepe.com.br\/novo\/wp-json\/wp\/v2\/types\/post"}],"author":[{"embeddable":true,"href":"https:\/\/www.simepe.com.br\/novo\/wp-json\/wp\/v2\/users\/1"}],"replies":[{"embeddable":true,"href":"https:\/\/www.simepe.com.br\/novo\/wp-json\/wp\/v2\/comments?post=62003"}],"version-history":[{"count":1,"href":"https:\/\/www.simepe.com.br\/novo\/wp-json\/wp\/v2\/posts\/62003\/revisions"}],"predecessor-version":[{"id":62004,"href":"https:\/\/www.simepe.com.br\/novo\/wp-json\/wp\/v2\/posts\/62003\/revisions\/62004"}],"wp:attachment":[{"href":"https:\/\/www.simepe.com.br\/novo\/wp-json\/wp\/v2\/media?parent=62003"}],"wp:term":[{"taxonomy":"category","embeddable":true,"href":"https:\/\/www.simepe.com.br\/novo\/wp-json\/wp\/v2\/categories?post=62003"},{"taxonomy":"post_tag","embeddable":true,"href":"https:\/\/www.simepe.com.br\/novo\/wp-json\/wp\/v2\/tags?post=62003"}],"curies":[{"name":"wp","href":"https:\/\/api.w.org\/{rel}","templated":true}]}}