{"id":62036,"date":"2021-11-22T10:01:09","date_gmt":"2021-11-22T13:01:09","guid":{"rendered":"https:\/\/www.simepe.com.br\/novo\/?p=62036"},"modified":"2021-11-22T10:01:09","modified_gmt":"2021-11-22T13:01:09","slug":"austria-se-confina-enquanto-revolta-contra-restricoes-anticovid-cresce-na-europa","status":"publish","type":"post","link":"https:\/\/www.simepe.com.br\/novo\/austria-se-confina-enquanto-revolta-contra-restricoes-anticovid-cresce-na-europa\/","title":{"rendered":"\u00c1ustria se confina, enquanto revolta contra restri\u00e7\u00f5es anticovid cresce na Europa"},"content":{"rendered":"<p><em>Os austr\u00edacos est\u00e3o proibidos de sair de casa, exceto para fazer compras, praticar esportes ou receber atendimento m\u00e9dico.<\/em><\/p>\n<p>A\u00a0<strong>\u00c1ustria\u00a0<\/strong>entrou oficialmente em confinamento \u00e0 zero hora desta\u00a0segunda-feira (22), uma medida severa que desatou protestos no pa\u00eds no fim de semana, bem como na B\u00e9lgica e na Holanda, onde houve manifesta\u00e7\u00f5es contra as restri\u00e7\u00f5es<strong>\u00a0anticovid<\/strong>.<\/p>\n<p>Viena parecia uma cidade fantasma, onde lojas, restaurantes, mercados natalinos, salas de concerto e sal\u00f5es de beleza baixaram as portas. Com exce\u00e7\u00e3o das escolas, a capital e o restante do pa\u00eds amanheceram em sil\u00eancio na segunda.<\/p>\n<p>Como em confinamentos anteriores, os<strong>\u00a08,9 milh\u00f5es de austr\u00edacos teoricamente est\u00e3o proibidos de sair<\/strong>\u00a0<strong>de casa<\/strong>, exceto para fazer compras, praticar esportes ou receber atendimento m\u00e9dico.<\/p>\n<p>Tamb\u00e9m podem ir ao escrit\u00f3rio e levar as crian\u00e7as para a escola, mas as autoridades pediram \u00e0 popula\u00e7\u00e3o para permanecer em casa.<\/p>\n<p>O an\u00fancio das medidas, feito na sexta-feira (19), devido a um repique dos casos de<strong>\u00a0Covid-19<\/strong>, repercutiu em outras partes da Europa, com grandes protestos em Holanda, e B\u00e9lgica, entre outros pa\u00edses.<\/p>\n<p>A Holanda viveu no domingo sua terceira noite de protestos, com fogos de artif\u00edcio e vandalismo nas cidades de Groningen e Leeuwarden, no norte, bem como em Enschede, no leste, e em Tilburg, no sul.<\/p>\n<p>No entanto, os protestos foram menos intensos e violentos do que os que sacudiram Roterd\u00e3, na sexta, e Haia, no s\u00e1bado.<\/p>\n<p>A pol\u00edcia holandesa informou que\u00a0<strong>145 pessoas<\/strong>\u00a0foram detidas depois de tr\u00eas dias de protestos.<\/p>\n<p>O inc\u00f4modo na Holanda surgiu pelas restri\u00e7\u00f5es que afetam especialmente os restaurantes, que devem fechar \u00e0s 20h.<br \/>\n<strong>Caos<\/strong><\/p>\n<p>O governo holand\u00eas planejou proibir o acesso dos n\u00e3o vacinados a certos locais para conter a onda de cont\u00e1gios.<\/p>\n<p>&#8220;As pessoas querem viver (&#8230;) Por isso estamos aqui&#8221;, declarou \u00e0 AFP Joost Eras, um dos organizadores das manifesta\u00e7\u00f5es, que se distanciou da viol\u00eancia.<\/p>\n<p>Na \u00c1ustria, o cen\u00e1rio parecia impens\u00e1vel semanas atr\u00e1s, quando o ex-chanceler conservador Sebastian Kurz declarou o fim da pandemia diante da prolifera\u00e7\u00e3o de vacinas.<\/p>\n<p>Seu sucessor, Alexander Shallenberg, que assumiu o cargo em outubro, &#8220;n\u00e3o quis contradizer esta mensagem e por muito tempo manteve a fic\u00e7\u00e3o&#8221; de que tudo estava bem, comentou \u00e0 AFP o cientista pol\u00edtico Thomas Hofer.<\/p>\n<p>Com o aumento dos cont\u00e1gios, que chegaram a n\u00edveis in\u00e9ditos desde o in\u00edcio da pandemia, o governo austr\u00edaco come\u00e7ou a tomar medidas destinadas aos n\u00e3o vacinados, impedindo seu acesso a locais p\u00fablicos.<\/p>\n<p>A taxa de vacina\u00e7\u00e3o \u00e9 &#8220;baixa demais&#8221;, com\u00a0<strong>66% da popula\u00e7\u00e3o<\/strong>\u00a0contra<strong>\u00a075% na Fran\u00e7a<\/strong>, por exemplo, destacou o cientista pol\u00edtico.<\/p>\n<p>Al\u00e9m do confinamento, previsto para se estender at\u00e9 13 de dezembro, a vacina\u00e7\u00e3o da popula\u00e7\u00e3o adulta ser\u00e1 obrigat\u00f3ria em 1\u00ba de fevereiro de 2022, uma medida que poucos pa\u00edses do mundo adotaram.<\/p>\n<p>&#8220;\u00c9 um verdadeiro caos&#8221;, disse Hofer, ao destacar &#8220;a aus\u00eancia de uma estrat\u00e9gica clara do governo&#8221;.<\/p>\n<p>&#8220;Eu esperava que n\u00e3o cheg\u00e1ssemos a isto, sobretudo agora que temos a vacina. \u00c9 dram\u00e1tico&#8221;, avaliou Andreas Schneider, economista belga de 31 anos, que trabalha em Viena.<\/p>\n<p><strong>Mobiliza\u00e7\u00e3o e dist\u00farbios\u00a0<\/strong><\/p>\n<p>A rea\u00e7\u00e3o n\u00e3o demorou: na tarde de s\u00e1bado, cerca de 40.000 pessoas foram \u00e0s ruas de Viena aos gritos de &#8220;ditadura&#8221;, convocadas pelo partido de extrema direita FPO.<\/p>\n<p>Na cidade de Linz, ao norte, uma mobiliza\u00e7\u00e3o tamb\u00e9m reuniu milhares de manifestantes.<\/p>\n<p>Em outras partes da Europa, al\u00e9m da Holanda, onde o n\u00famero de cont\u00e1gios tamb\u00e9m aumenta, voltam as restri\u00e7\u00f5es e crescem as frustra\u00e7\u00f5es.<\/p>\n<p>Em Bruxelas foram registrados confrontos neste domingo, quando dezenas de milhares de pessoas se reuniram para protestar contra as medidas destinadas aos n\u00e3o vacinados.<\/p>\n<p>Tamb\u00e9m houve mobiliza\u00e7\u00f5es contra a vacina\u00e7\u00e3o na Austr\u00e1lia, enquanto nas Antilhas francesas foram registrados protestos violentos contra a exig\u00eancia do passe sanit\u00e1rio e a vacina\u00e7\u00e3o obrigat\u00f3ria do pessoal m\u00e9dico.<\/p>\n<p>O departamento franc\u00eas de Guadalupe, no Caribe, recebeu no domingo refor\u00e7os policiais da Fran\u00e7a, depois das manifesta\u00e7\u00f5es violentas contra a vacina\u00e7\u00e3o obrigat\u00f3ria.<\/p>\n<p>Na Oceania, a Austr\u00e1lia anunciou que voltar\u00e1 a aceitar a entrada de estudantes e trabalhadores especializados do exterior a partir de dezembro, com a flexibiliza\u00e7\u00e3o de uma das restri\u00e7\u00f5es sanit\u00e1rias mais severas do mundo.<\/p>\n<p>Vinte meses depois do fechamento das fronteiras do pa\u00eds, algumas pessoas com vistos, al\u00e9m de cidad\u00e3os do Jap\u00e3o e da Coreia do Sul, poder\u00e3o entrar no pa\u00eds a partir de 1\u00ba de dezembro.<\/p>\n<p>A Nova Zel\u00e2ndia acabar\u00e1 em dezembro com o confinamento de tr\u00eas meses e meio na maior cidade do pa\u00eds, Auckland, ao adotar uma nova estrat\u00e9gia de controle do coronav\u00edrus, anunciou a primeira-ministra Jacinda Ardern.<\/p>\n<p>A partir de 2 de dezembro, o pa\u00eds aplicar\u00e1 uma nova resposta \u00e0\u00a0<strong>Covid-19\u00a0<\/strong>para tentar conter a variante, mais do que tentar elimin\u00e1-la por completo.<\/p>\n<p>&#8220;A dura realidade \u00e9 que a delta est\u00e1 aqui e n\u00e3o vai embora&#8221;, declarou a chefe de Governo.<\/p>\n<p>&#8220;Nenhum pa\u00eds conseguiu eliminar a variante delta por completo, mas a Nova Zel\u00e2ndia est\u00e1 em melhor posi\u00e7\u00e3o que a maioria para enfrent\u00e1-la&#8221;, disse.<\/p>\n<p>A resposta neozelandesa ao\u00a0<strong>coronav\u00edrus\u00a0<\/strong>foi baseada em confinamentos estritos, rastreamento rigoroso dos contatos dos infectados e fechamento da front.<\/p>\n<p>Fonte: Folha de Pernambuco<\/p>\n","protected":false},"excerpt":{"rendered":"<p>Os austr\u00edacos est\u00e3o proibidos de sair de casa, exceto para fazer compras, praticar esportes ou receber atendimento m\u00e9dico. A\u00a0\u00c1ustria\u00a0entrou oficialmente em confinamento \u00e0 zero hora desta\u00a0segunda-feira (22), uma medida severa que desatou protestos no pa\u00eds no fim de semana, bem como na B\u00e9lgica e na Holanda, onde houve manifesta\u00e7\u00f5es contra as restri\u00e7\u00f5es\u00a0anticovid. Viena parecia uma [&hellip;]<\/p>\n","protected":false},"author":1,"featured_media":0,"comment_status":"open","ping_status":"open","sticky":false,"template":"","format":"standard","meta":{"ocean_post_layout":"","ocean_both_sidebars_style":"","ocean_both_sidebars_content_width":0,"ocean_both_sidebars_sidebars_width":0,"ocean_sidebar":"","ocean_second_sidebar":"","ocean_disable_margins":"enable","ocean_add_body_class":"","ocean_shortcode_before_top_bar":"","ocean_shortcode_after_top_bar":"","ocean_shortcode_before_header":"","ocean_shortcode_after_header":"","ocean_has_shortcode":"","ocean_shortcode_after_title":"","ocean_shortcode_before_footer_widgets":"","ocean_shortcode_after_footer_widgets":"","ocean_shortcode_before_footer_bottom":"","ocean_shortcode_after_footer_bottom":"","ocean_display_top_bar":"default","ocean_display_header":"default","ocean_header_style":"","ocean_center_header_left_menu":"","ocean_custom_header_template":"","ocean_custom_logo":0,"ocean_custom_retina_logo":0,"ocean_custom_logo_max_width":0,"ocean_custom_logo_tablet_max_width":0,"ocean_custom_logo_mobile_max_width":0,"ocean_custom_logo_max_height":0,"ocean_custom_logo_tablet_max_height":0,"ocean_custom_logo_mobile_max_height":0,"ocean_header_custom_menu":"","ocean_menu_typo_font_family":"","ocean_menu_typo_font_subset":"","ocean_menu_typo_font_size":0,"ocean_menu_typo_font_size_tablet":0,"ocean_menu_typo_font_size_mobile":0,"ocean_menu_typo_font_size_unit":"px","ocean_menu_typo_font_weight":"","ocean_menu_typo_font_weight_tablet":"","ocean_menu_typo_font_weight_mobile":"","ocean_menu_typo_transform":"","ocean_menu_typo_transform_tablet":"","ocean_menu_typo_transform_mobile":"","ocean_menu_typo_line_height":0,"ocean_menu_typo_line_height_tablet":0,"ocean_menu_typo_line_height_mobile":0,"ocean_menu_typo_line_height_unit":"","ocean_menu_typo_spacing":0,"ocean_menu_typo_spacing_tablet":0,"ocean_menu_typo_spacing_mobile":0,"ocean_menu_typo_spacing_unit":"","ocean_menu_link_color":"","ocean_menu_link_color_hover":"","ocean_menu_link_color_active":"","ocean_menu_link_background":"","ocean_menu_link_hover_background":"","ocean_menu_link_active_background":"","ocean_menu_social_links_bg":"","ocean_menu_social_hover_links_bg":"","ocean_menu_social_links_color":"","ocean_menu_social_hover_links_color":"","ocean_disable_title":"default","ocean_disable_heading":"default","ocean_post_title":"","ocean_post_subheading":"","ocean_post_title_style":"","ocean_post_title_background_color":"","ocean_post_title_background":0,"ocean_post_title_bg_image_position":"","ocean_post_title_bg_image_attachment":"","ocean_post_title_bg_image_repeat":"","ocean_post_title_bg_image_size":"","ocean_post_title_height":0,"ocean_post_title_bg_overlay":0.5,"ocean_post_title_bg_overlay_color":"","ocean_disable_breadcrumbs":"default","ocean_breadcrumbs_color":"","ocean_breadcrumbs_separator_color":"","ocean_breadcrumbs_links_color":"","ocean_breadcrumbs_links_hover_color":"","ocean_display_footer_widgets":"default","ocean_display_footer_bottom":"default","ocean_custom_footer_template":"","ocean_post_oembed":"","ocean_post_self_hosted_media":"","ocean_post_video_embed":"","ocean_link_format":"","ocean_link_format_target":"self","ocean_quote_format":"","ocean_quote_format_link":"post","ocean_gallery_link_images":"on","ocean_gallery_id":[]},"categories":[9],"tags":[],"acf":[],"_links":{"self":[{"href":"https:\/\/www.simepe.com.br\/novo\/wp-json\/wp\/v2\/posts\/62036"}],"collection":[{"href":"https:\/\/www.simepe.com.br\/novo\/wp-json\/wp\/v2\/posts"}],"about":[{"href":"https:\/\/www.simepe.com.br\/novo\/wp-json\/wp\/v2\/types\/post"}],"author":[{"embeddable":true,"href":"https:\/\/www.simepe.com.br\/novo\/wp-json\/wp\/v2\/users\/1"}],"replies":[{"embeddable":true,"href":"https:\/\/www.simepe.com.br\/novo\/wp-json\/wp\/v2\/comments?post=62036"}],"version-history":[{"count":1,"href":"https:\/\/www.simepe.com.br\/novo\/wp-json\/wp\/v2\/posts\/62036\/revisions"}],"predecessor-version":[{"id":62037,"href":"https:\/\/www.simepe.com.br\/novo\/wp-json\/wp\/v2\/posts\/62036\/revisions\/62037"}],"wp:attachment":[{"href":"https:\/\/www.simepe.com.br\/novo\/wp-json\/wp\/v2\/media?parent=62036"}],"wp:term":[{"taxonomy":"category","embeddable":true,"href":"https:\/\/www.simepe.com.br\/novo\/wp-json\/wp\/v2\/categories?post=62036"},{"taxonomy":"post_tag","embeddable":true,"href":"https:\/\/www.simepe.com.br\/novo\/wp-json\/wp\/v2\/tags?post=62036"}],"curies":[{"name":"wp","href":"https:\/\/api.w.org\/{rel}","templated":true}]}}