{"id":62040,"date":"2021-11-22T10:13:03","date_gmt":"2021-11-22T13:13:03","guid":{"rendered":"https:\/\/www.simepe.com.br\/novo\/?p=62040"},"modified":"2021-11-22T10:13:03","modified_gmt":"2021-11-22T13:13:03","slug":"camaragibe-inicia-dose-de-reforco-contra-a-covid-19-em-pessoas-a-partir-dos-18-anos","status":"publish","type":"post","link":"https:\/\/www.simepe.com.br\/novo\/camaragibe-inicia-dose-de-reforco-contra-a-covid-19-em-pessoas-a-partir-dos-18-anos\/","title":{"rendered":"Camaragibe inicia dose de refor\u00e7o contra a Covid-19 em pessoas a partir dos 18 anos"},"content":{"rendered":"<p>A Prefeitura de Camaragibe inicia, nesta segunda-feira (22), a aplica\u00e7\u00e3o da dose de refor\u00e7o contra a Covid-19 em pessoas com idade a partir de 18 anos que tenham tomado a segunda dose h\u00e1 pelo menos cinco meses. Imunossuprimidos graves tamb\u00e9m podem receber a terceira dose da vacina contra a doen\u00e7a ap\u00f3s 28 dias da segunda imuniza\u00e7\u00e3o.<\/p>\n<p>Para ter acesso ao imunizante, os moradores devem agendar a aplica\u00e7\u00e3o na unidade b\u00e1sica de sa\u00fade onde completaram o ciclo inicial com duas doses, portando documento oficial com foto, CPF ou cart\u00e3o SUS, cart\u00e3o de vacina e comprovante de resid\u00eancia. A vacina\u00e7\u00e3o no munic\u00edpio acontece de segunda at\u00e9 sexta-feira, das 8h \u00e0s 16h, nas 45 unidades de sa\u00fade.<\/p>\n<p>Quem foi vacinado com o imunizante da Janssen deve procurar a unidade b\u00e1sica de sa\u00fade para realizar o agendamento da segunda dose ap\u00f3s 60 dias desde a primeira aplica\u00e7\u00e3o.<\/p>\n<p>A gest\u00e3o municipal informou que j\u00e1 estava realizando a vacina\u00e7\u00e3o com a dose de refor\u00e7o em trabalhadores da sa\u00fade e popula\u00e7\u00e3o a partir de 55 anos que tenham tomado a segunda dose num intervalo de quatro meses. Essas pessoas recebem a vacina da Pfizer como dose de refor\u00e7o.<\/p>\n<p>&#8220;Ap\u00f3s a libera\u00e7\u00e3o por parte das autoridades sanit\u00e1rias, o munic\u00edpio inicia a aplica\u00e7\u00e3o da terceira dose em os moradores com idade superior a 18 anos. O nosso Programa Nacional de Imuniza\u00e7\u00e3o j\u00e1 intensificou a vacina\u00e7\u00e3o das pessoas a partir de 55 anos e profissionais de sa\u00fade que atuam no munic\u00edpio. \u00c9 a vez do esfor\u00e7os serem concentrados nessa parcela significativa da popula\u00e7\u00e3o&#8221;, afirmou o secret\u00e1rio de Sa\u00fade, Antonio Amato.<\/p>\n<p>Fonte: Diario de Pernambuco<\/p>\n","protected":false},"excerpt":{"rendered":"<p>A Prefeitura de Camaragibe inicia, nesta segunda-feira (22), a aplica\u00e7\u00e3o da dose de refor\u00e7o contra a Covid-19 em pessoas com idade a partir de 18 anos que tenham tomado a segunda dose h\u00e1 pelo menos cinco meses. Imunossuprimidos graves tamb\u00e9m podem receber a terceira dose da vacina contra a doen\u00e7a ap\u00f3s 28 dias da segunda [&hellip;]<\/p>\n","protected":false},"author":1,"featured_media":0,"comment_status":"open","ping_status":"open","sticky":false,"template":"","format":"standard","meta":{"ocean_post_layout":"","ocean_both_sidebars_style":"","ocean_both_sidebars_content_width":0,"ocean_both_sidebars_sidebars_width":0,"ocean_sidebar":"","ocean_second_sidebar":"","ocean_disable_margins":"enable","ocean_add_body_class":"","ocean_shortcode_before_top_bar":"","ocean_shortcode_after_top_bar":"","ocean_shortcode_before_header":"","ocean_shortcode_after_header":"","ocean_has_shortcode":"","ocean_shortcode_after_title":"","ocean_shortcode_before_footer_widgets":"","ocean_shortcode_after_footer_widgets":"","ocean_shortcode_before_footer_bottom":"","ocean_shortcode_after_footer_bottom":"","ocean_display_top_bar":"default","ocean_display_header":"default","ocean_header_style":"","ocean_center_header_left_menu":"","ocean_custom_header_template":"","ocean_custom_logo":0,"ocean_custom_retina_logo":0,"ocean_custom_logo_max_width":0,"ocean_custom_logo_tablet_max_width":0,"ocean_custom_logo_mobile_max_width":0,"ocean_custom_logo_max_height":0,"ocean_custom_logo_tablet_max_height":0,"ocean_custom_logo_mobile_max_height":0,"ocean_header_custom_menu":"","ocean_menu_typo_font_family":"","ocean_menu_typo_font_subset":"","ocean_menu_typo_font_size":0,"ocean_menu_typo_font_size_tablet":0,"ocean_menu_typo_font_size_mobile":0,"ocean_menu_typo_font_size_unit":"px","ocean_menu_typo_font_weight":"","ocean_menu_typo_font_weight_tablet":"","ocean_menu_typo_font_weight_mobile":"","ocean_menu_typo_transform":"","ocean_menu_typo_transform_tablet":"","ocean_menu_typo_transform_mobile":"","ocean_menu_typo_line_height":0,"ocean_menu_typo_line_height_tablet":0,"ocean_menu_typo_line_height_mobile":0,"ocean_menu_typo_line_height_unit":"","ocean_menu_typo_spacing":0,"ocean_menu_typo_spacing_tablet":0,"ocean_menu_typo_spacing_mobile":0,"ocean_menu_typo_spacing_unit":"","ocean_menu_link_color":"","ocean_menu_link_color_hover":"","ocean_menu_link_color_active":"","ocean_menu_link_background":"","ocean_menu_link_hover_background":"","ocean_menu_link_active_background":"","ocean_menu_social_links_bg":"","ocean_menu_social_hover_links_bg":"","ocean_menu_social_links_color":"","ocean_menu_social_hover_links_color":"","ocean_disable_title":"default","ocean_disable_heading":"default","ocean_post_title":"","ocean_post_subheading":"","ocean_post_title_style":"","ocean_post_title_background_color":"","ocean_post_title_background":0,"ocean_post_title_bg_image_position":"","ocean_post_title_bg_image_attachment":"","ocean_post_title_bg_image_repeat":"","ocean_post_title_bg_image_size":"","ocean_post_title_height":0,"ocean_post_title_bg_overlay":0.5,"ocean_post_title_bg_overlay_color":"","ocean_disable_breadcrumbs":"default","ocean_breadcrumbs_color":"","ocean_breadcrumbs_separator_color":"","ocean_breadcrumbs_links_color":"","ocean_breadcrumbs_links_hover_color":"","ocean_display_footer_widgets":"default","ocean_display_footer_bottom":"default","ocean_custom_footer_template":"","ocean_post_oembed":"","ocean_post_self_hosted_media":"","ocean_post_video_embed":"","ocean_link_format":"","ocean_link_format_target":"self","ocean_quote_format":"","ocean_quote_format_link":"post","ocean_gallery_link_images":"on","ocean_gallery_id":[]},"categories":[9],"tags":[],"acf":[],"_links":{"self":[{"href":"https:\/\/www.simepe.com.br\/novo\/wp-json\/wp\/v2\/posts\/62040"}],"collection":[{"href":"https:\/\/www.simepe.com.br\/novo\/wp-json\/wp\/v2\/posts"}],"about":[{"href":"https:\/\/www.simepe.com.br\/novo\/wp-json\/wp\/v2\/types\/post"}],"author":[{"embeddable":true,"href":"https:\/\/www.simepe.com.br\/novo\/wp-json\/wp\/v2\/users\/1"}],"replies":[{"embeddable":true,"href":"https:\/\/www.simepe.com.br\/novo\/wp-json\/wp\/v2\/comments?post=62040"}],"version-history":[{"count":1,"href":"https:\/\/www.simepe.com.br\/novo\/wp-json\/wp\/v2\/posts\/62040\/revisions"}],"predecessor-version":[{"id":62041,"href":"https:\/\/www.simepe.com.br\/novo\/wp-json\/wp\/v2\/posts\/62040\/revisions\/62041"}],"wp:attachment":[{"href":"https:\/\/www.simepe.com.br\/novo\/wp-json\/wp\/v2\/media?parent=62040"}],"wp:term":[{"taxonomy":"category","embeddable":true,"href":"https:\/\/www.simepe.com.br\/novo\/wp-json\/wp\/v2\/categories?post=62040"},{"taxonomy":"post_tag","embeddable":true,"href":"https:\/\/www.simepe.com.br\/novo\/wp-json\/wp\/v2\/tags?post=62040"}],"curies":[{"name":"wp","href":"https:\/\/api.w.org\/{rel}","templated":true}]}}