{"id":62052,"date":"2021-11-23T09:24:39","date_gmt":"2021-11-23T12:24:39","guid":{"rendered":"https:\/\/www.simepe.com.br\/novo\/?p=62052"},"modified":"2021-11-23T09:24:39","modified_gmt":"2021-11-23T12:24:39","slug":"carro-da-vacina-estara-nesta-terca-23-no-alto-santa-terezinha","status":"publish","type":"post","link":"https:\/\/www.simepe.com.br\/novo\/carro-da-vacina-estara-nesta-terca-23-no-alto-santa-terezinha\/","title":{"rendered":"Carro da Vacina estar\u00e1 nesta ter\u00e7a (23) no Alto Santa Terezinha"},"content":{"rendered":"<p><a href=\"https:\/\/www.folhape.com.br\/noticia\/detalhe\/carro-da-vacina-vai-percorrer-o-recife-para-imunizar-populacao\/206523\/\">A\u00e7\u00e3o lan\u00e7ada esse fim de semana<\/a>, o\u00a0<strong>Carro da Vacina<\/strong>, da Prefeitura do Recife, estar\u00e1 esta ter\u00e7a-feira (23)\u00a0circulando, das 9h \u00e0s 16h,\u00a0 no\u00a0<strong>Alto Santa Terezinha<\/strong>, na Zona Norte da cidade.<\/p>\n<p>A ideia \u00e9 que o carro alerte\u00a0a popula\u00e7\u00e3o, de forma irreverente, sobre a import\u00e2ncia de se imunizar. A convoca\u00e7\u00e3o \u00e9 feita por um arte-educador, que chama o p\u00fablico a comparecer a um posto de vacina\u00e7\u00e3o montado na localidade.<\/p>\n<p>\u00c9 necess\u00e1rio levar documento de identifica\u00e7\u00e3o com foto. A dose do imunizante ser\u00e1 aplicada sem necessidade de agendamento.<\/p>\n<p>Segundo a Prefeitura do Recife, desde o in\u00edcio do Carro da Vacina, os postos de\u00a0<a href=\"https:\/\/www.folhape.com.br\/noticia\/detalhe\/pcr-realiza-vacinacao-itinerante-em-doze-comunidades-nesta-semana\/206641\">vacina\u00e7\u00e3o itinerantes<\/a>\u00a0instalados nos locais onde a van tem circulado registra\u00a0bons \u00edndices de ades\u00e3o. No\u00a0<a href=\"https:\/\/www.folhape.com.br\/noticia\/detalhe\/carro-da-vacina-vai-percorrer-o-recife-para-imunizar-populacao\/206523\/\">s\u00e1bado (20)<\/a>, por exemplo, 331 doses de imunizantes foram aplicadas na Feira Nova de Afogados, na Zona Oeste da cidade.<\/p>\n<p>J\u00e1 nesta segunda-feira (22), 310 pessoas foram imunizadas na Comunidade do Barbalho, na Iputinga, por onde o carro transitou pela manh\u00e3, e 235 em Roda de Fogo, nos Torr\u00f5es, localidade visitada \u00e0\u00a0tarde. Somados, esses n\u00fameros s\u00e3o superiores, de acordo com a prefeitura, por exemplo, ao total de doses previstas para aplica\u00e7\u00e3o\u00a0nesta segunda-feira (22)\u00a0em outros postos de vacina\u00e7\u00e3o fixos e que atendem ao p\u00fablico mediante agendamento no\u00a0<a href=\"https:\/\/conectarecife.recife.pe.gov.br\/\" target=\"_blank\">Conecta Recife<\/a>, como o do Parque da Macaxeira.<\/p>\n<p>O p\u00fablico-alvo s\u00e3o moradores\u00a0que est\u00e3o dentro do perfil para receber a primeira dose da vacina contra a Covid-19, que est\u00e3o no prazo para tomar a segunda dose ou com ela em atraso ou aqueles que j\u00e1 podem receber a dose de refor\u00e7o.<\/p>\n<p>Fonte: Folha de Pernambuco<\/p>\n<p>&nbsp;<\/p>\n","protected":false},"excerpt":{"rendered":"<p>A\u00e7\u00e3o lan\u00e7ada esse fim de semana, o\u00a0Carro da Vacina, da Prefeitura do Recife, estar\u00e1 esta ter\u00e7a-feira (23)\u00a0circulando, das 9h \u00e0s 16h,\u00a0 no\u00a0Alto Santa Terezinha, na Zona Norte da cidade. A ideia \u00e9 que o carro alerte\u00a0a popula\u00e7\u00e3o, de forma irreverente, sobre a import\u00e2ncia de se imunizar. A convoca\u00e7\u00e3o \u00e9 feita por um arte-educador, que chama [&hellip;]<\/p>\n","protected":false},"author":1,"featured_media":0,"comment_status":"open","ping_status":"open","sticky":false,"template":"","format":"standard","meta":{"ocean_post_layout":"","ocean_both_sidebars_style":"","ocean_both_sidebars_content_width":0,"ocean_both_sidebars_sidebars_width":0,"ocean_sidebar":"","ocean_second_sidebar":"","ocean_disable_margins":"enable","ocean_add_body_class":"","ocean_shortcode_before_top_bar":"","ocean_shortcode_after_top_bar":"","ocean_shortcode_before_header":"","ocean_shortcode_after_header":"","ocean_has_shortcode":"","ocean_shortcode_after_title":"","ocean_shortcode_before_footer_widgets":"","ocean_shortcode_after_footer_widgets":"","ocean_shortcode_before_footer_bottom":"","ocean_shortcode_after_footer_bottom":"","ocean_display_top_bar":"default","ocean_display_header":"default","ocean_header_style":"","ocean_center_header_left_menu":"","ocean_custom_header_template":"","ocean_custom_logo":0,"ocean_custom_retina_logo":0,"ocean_custom_logo_max_width":0,"ocean_custom_logo_tablet_max_width":0,"ocean_custom_logo_mobile_max_width":0,"ocean_custom_logo_max_height":0,"ocean_custom_logo_tablet_max_height":0,"ocean_custom_logo_mobile_max_height":0,"ocean_header_custom_menu":"","ocean_menu_typo_font_family":"","ocean_menu_typo_font_subset":"","ocean_menu_typo_font_size":0,"ocean_menu_typo_font_size_tablet":0,"ocean_menu_typo_font_size_mobile":0,"ocean_menu_typo_font_size_unit":"px","ocean_menu_typo_font_weight":"","ocean_menu_typo_font_weight_tablet":"","ocean_menu_typo_font_weight_mobile":"","ocean_menu_typo_transform":"","ocean_menu_typo_transform_tablet":"","ocean_menu_typo_transform_mobile":"","ocean_menu_typo_line_height":0,"ocean_menu_typo_line_height_tablet":0,"ocean_menu_typo_line_height_mobile":0,"ocean_menu_typo_line_height_unit":"","ocean_menu_typo_spacing":0,"ocean_menu_typo_spacing_tablet":0,"ocean_menu_typo_spacing_mobile":0,"ocean_menu_typo_spacing_unit":"","ocean_menu_link_color":"","ocean_menu_link_color_hover":"","ocean_menu_link_color_active":"","ocean_menu_link_background":"","ocean_menu_link_hover_background":"","ocean_menu_link_active_background":"","ocean_menu_social_links_bg":"","ocean_menu_social_hover_links_bg":"","ocean_menu_social_links_color":"","ocean_menu_social_hover_links_color":"","ocean_disable_title":"default","ocean_disable_heading":"default","ocean_post_title":"","ocean_post_subheading":"","ocean_post_title_style":"","ocean_post_title_background_color":"","ocean_post_title_background":0,"ocean_post_title_bg_image_position":"","ocean_post_title_bg_image_attachment":"","ocean_post_title_bg_image_repeat":"","ocean_post_title_bg_image_size":"","ocean_post_title_height":0,"ocean_post_title_bg_overlay":0.5,"ocean_post_title_bg_overlay_color":"","ocean_disable_breadcrumbs":"default","ocean_breadcrumbs_color":"","ocean_breadcrumbs_separator_color":"","ocean_breadcrumbs_links_color":"","ocean_breadcrumbs_links_hover_color":"","ocean_display_footer_widgets":"default","ocean_display_footer_bottom":"default","ocean_custom_footer_template":"","ocean_post_oembed":"","ocean_post_self_hosted_media":"","ocean_post_video_embed":"","ocean_link_format":"","ocean_link_format_target":"self","ocean_quote_format":"","ocean_quote_format_link":"post","ocean_gallery_link_images":"on","ocean_gallery_id":[]},"categories":[9],"tags":[],"acf":[],"_links":{"self":[{"href":"https:\/\/www.simepe.com.br\/novo\/wp-json\/wp\/v2\/posts\/62052"}],"collection":[{"href":"https:\/\/www.simepe.com.br\/novo\/wp-json\/wp\/v2\/posts"}],"about":[{"href":"https:\/\/www.simepe.com.br\/novo\/wp-json\/wp\/v2\/types\/post"}],"author":[{"embeddable":true,"href":"https:\/\/www.simepe.com.br\/novo\/wp-json\/wp\/v2\/users\/1"}],"replies":[{"embeddable":true,"href":"https:\/\/www.simepe.com.br\/novo\/wp-json\/wp\/v2\/comments?post=62052"}],"version-history":[{"count":1,"href":"https:\/\/www.simepe.com.br\/novo\/wp-json\/wp\/v2\/posts\/62052\/revisions"}],"predecessor-version":[{"id":62053,"href":"https:\/\/www.simepe.com.br\/novo\/wp-json\/wp\/v2\/posts\/62052\/revisions\/62053"}],"wp:attachment":[{"href":"https:\/\/www.simepe.com.br\/novo\/wp-json\/wp\/v2\/media?parent=62052"}],"wp:term":[{"taxonomy":"category","embeddable":true,"href":"https:\/\/www.simepe.com.br\/novo\/wp-json\/wp\/v2\/categories?post=62052"},{"taxonomy":"post_tag","embeddable":true,"href":"https:\/\/www.simepe.com.br\/novo\/wp-json\/wp\/v2\/tags?post=62052"}],"curies":[{"name":"wp","href":"https:\/\/api.w.org\/{rel}","templated":true}]}}