{"id":62054,"date":"2021-11-23T09:26:19","date_gmt":"2021-11-23T12:26:19","guid":{"rendered":"https:\/\/www.simepe.com.br\/novo\/?p=62054"},"modified":"2021-11-23T09:26:19","modified_gmt":"2021-11-23T12:26:19","slug":"diretora-da-oms-diz-que-mundo-esta-entrando-em-quarta-onda-de-covid-19","status":"publish","type":"post","link":"https:\/\/www.simepe.com.br\/novo\/diretora-da-oms-diz-que-mundo-esta-entrando-em-quarta-onda-de-covid-19\/","title":{"rendered":"Diretora da OMS diz que mundo est\u00e1 entrando em quarta onda de Covid-19"},"content":{"rendered":"<p><em>Segundo ela, o v\u00edrus continua evoluindo com variantes mais transmiss\u00edveis.<\/em><\/p>\n<p>O mundo est\u00e1 entrando em uma quarta onda da pandemia do novo coronav\u00edrus. A avalia\u00e7\u00e3o \u00e9 da\u00a0<strong>diretora-geral adjunta de acesso a medicamentos e produtos farmac\u00eauticos da<\/strong>\u00a0<strong>Organiza\u00e7\u00e3o Mundial da Sa\u00fade (OMS)<\/strong>, a brasileira\u00a0<strong>Mari\u00e2ngela Sim\u00e3o<\/strong>. Ela abordou a situa\u00e7\u00e3o da pandemia em confer\u00eancia na abertura no Congresso Brasileiro de Epidemiologia.<img src=\"https:\/\/agenciabrasil.ebc.com.br\/ebc.png?id=1428569&amp;o=node\" alt=\"\" \/><img src=\"https:\/\/agenciabrasil.ebc.com.br\/ebc.gif?id=1428569&amp;o=node\" alt=\"\" \/><\/p>\n<p>\u201cEstamos vendo a ressurg\u00eancia de casos de Covid-19 na Europa. Tivemos nas \u00faltimas 24 horas mais de 440 mil novos casos confirmados. E isso que h\u00e1 subnotifica\u00e7\u00e3o em v\u00e1rios continentes. O mundo est\u00e1 entrando em uma quarta onda, mas as regi\u00f5es t\u00eam tido um comportamento diferente em rela\u00e7\u00e3o \u00e0 pandemia\u201d, declarou Mari\u00e2ngela Sim\u00e3o.<\/p>\n<div id=\"ad-middle\" class=\" adRef\">\u00a0Segundo ela,\u00a0<a href=\"https:\/\/www.folhape.com.br\/noticias\/pesquisa-mapeia-entrada-e-disseminacao-da-variante-delta-no-brasil\/205682\/\"><strong>o v\u00edrus continua evoluindo com variantes mais transmiss\u00edveis<\/strong><\/a>. Mas em raz\u00e3o da vacina\u00e7\u00e3o houve uma dissocia\u00e7\u00e3o entre casos e mortes, pelo fato da vacina\u00e7\u00e3o ter reduzido os \u00f3bitos decorrentes da Covid-19. Ela lembrou que\u00a0<strong>a imuniza\u00e7\u00e3o reduz as hospitaliza\u00e7\u00f5es mas n\u00e3o interrompe a transmiss\u00e3o<\/strong>.<\/div>\n<div class=\" adRef\">\n<p>A diretora avaliou que\u00a0<strong><a href=\"https:\/\/www.folhape.com.br\/noticias\/coronavirus\/taxa-de-incidencia-de-covid-na-alemanha-aumenta-e-retorna-ao-nivel-de\/202949\/\">os novos picos na Europa<\/a>\u00a0se devem \u00e0 abertura e flexibiliza\u00e7\u00e3o das medidas de distanciamento no ver\u00e3o<\/strong>, al\u00e9m do uso inconsistente de medidas de preven\u00e7\u00e3o em pa\u00edses e regi\u00f5es.<\/p>\n<p>\u201cO aumento da cobertura vacinal n\u00e3o influencia na higiene pessoal, mas tem associa\u00e7\u00e3o com diminui\u00e7\u00e3o do uso de m\u00e1scaras e distanciamento social. Al\u00e9m disso, h\u00e1 desinforma\u00e7\u00e3o, mensagens contradit\u00f3rias que s\u00e3o respons\u00e1veis por matar pessoas\u201d, pontuou a diretora-geral adjunta da OMS.<\/p>\n<p><strong>Um problema grave, acrescentou, \u00e9 a desigualdade no acesso \u00e0s vacinas no mundo<\/strong>. \u201cForam aplicadas mais de 7,5 bilh\u00f5es de doses. Em pa\u00edses de baixa renda, h\u00e1 menos de 5% das pessoas com pelo menos uma dose. Um dos fatores foi o fato de os produtores terem feito acordos bilaterais com pa\u00edses de alta renda e n\u00e3o estarem privilegiando vacinas para pa\u00edses de baixa renda\u201d, analisou.<\/p>\n<p><strong>Outro obst\u00e1culo \u00e9 a concentra\u00e7\u00e3o em poucos pa\u00edses que dominam tecnologias utilizadas para a produ\u00e7\u00e3o de vacinas<\/strong>, como o emprego do RNA mensageiro, como no caso do imunizante da Pfizer-BioNTech.<\/p>\n<p>Mari\u00e2ngela Sim\u00e3o considera que\u00a0<strong>o futuro da pandemia depende de uma s\u00e9rie de fatores.<\/strong>\u00a0<strong>O primeiro \u00e9 a<\/strong>\u00a0<strong>imunidade populacional<\/strong>, resultante da vacina\u00e7\u00e3o e da imuniza\u00e7\u00e3o natural.\u00a0<strong>O segundo \u00e9 o acesso a medicamentos<\/strong>. O terceiro \u00e9 como ir\u00e3o se comportar as variantes de preocupa\u00e7\u00e3o e do qu\u00e3o transmiss\u00edveis elas ser\u00e3o.<\/p>\n<p><strong>O quarto \u00e9 a ado\u00e7\u00e3o de medidas sociais de sa\u00fade p\u00fablica e a ader\u00eancia da popula\u00e7\u00e3o a essas pol\u00edticas<\/strong>. \u201cOnde medidas de sa\u00fade p\u00fablica s\u00e3o usadas de forma inconsistente os surtos continuar\u00e3o a ocorrer em popula\u00e7\u00f5es suscet\u00edveis\u201d, projetou.<\/p>\n<p>A diretora da\u00a0<strong>OMS<\/strong>\u00a0defendeu que al\u00e9m das medidas de preven\u00e7\u00e3o \u00e9 preciso assegurar a equidade no acesso a vacinas, terapias e testagens. \u201c\u00c9 vacinas, mas n\u00e3o somente vacinas\u201d, resumiu.<\/p>\n<p><strong>Am\u00e9ricas e Brasil<\/strong><\/p>\n<p>Ao avaliar a situa\u00e7\u00e3o das Am\u00e9ricas e do Brasil, Mari\u00e2ngela Sim\u00e3o afirmou que\u00a0<strong>as Am\u00e9ricas v\u00eam tendo um comportamento de transmiss\u00e3o comunit\u00e1ria continuada, com ondas repetidas<\/strong>.<\/p>\n<p>Quanto ao Brasil, ela avaliou que o programa de vacina\u00e7\u00e3o est\u00e1 andando bem. Mas, a partir da situa\u00e7\u00e3o na Europa, se mostrou\u00a0<strong>receosa com o futuro da pandemia no Brasil pelas discuss\u00f5es em curso sobre o carnaval<\/strong>.<\/p>\n<p>\u201cMe preocupa quando vejo no Brasil a discuss\u00e3o sobre o Carnaval. \u00c9 uma condi\u00e7\u00e3o extremamente prop\u00edcia para aumento da transmiss\u00e3o comunit\u00e1ria. Precisamos planejar as a\u00e7\u00f5es para 2022\u201d, alertou.<\/p>\n<p><strong>Congresso<\/strong><\/p>\n<p>O\u00a0<a href=\"https:\/\/zandaeventos.com.br\/epi\/\">Congresso Brasileiro de Epidemiologia teve in\u00edcio nesta segunda-feira (22)<\/a>\u00a0e ir\u00e1 at\u00e9 a sexta-feira (26). O evento \u00e9 uma promo\u00e7\u00e3o da Associa\u00e7\u00e3o Brasileira de Sa\u00fade Coletiva (Abrasco) e contar\u00e1 com diversas palestras, debates e apresenta\u00e7\u00f5es de trabalhos cient\u00edficos.<\/p>\n<p>Fonte: Folha de Pernambuco<\/p>\n<section class=\"bannerBillboardDetalhe\">\n<div id=\"middle\"><\/div>\n<\/section>\n<div class=\"clear\"><\/div>\n<\/div>\n","protected":false},"excerpt":{"rendered":"<p>Segundo ela, o v\u00edrus continua evoluindo com variantes mais transmiss\u00edveis. O mundo est\u00e1 entrando em uma quarta onda da pandemia do novo coronav\u00edrus. A avalia\u00e7\u00e3o \u00e9 da\u00a0diretora-geral adjunta de acesso a medicamentos e produtos farmac\u00eauticos da\u00a0Organiza\u00e7\u00e3o Mundial da Sa\u00fade (OMS), a brasileira\u00a0Mari\u00e2ngela Sim\u00e3o. Ela abordou a situa\u00e7\u00e3o da pandemia em confer\u00eancia na abertura no Congresso [&hellip;]<\/p>\n","protected":false},"author":1,"featured_media":0,"comment_status":"open","ping_status":"open","sticky":false,"template":"","format":"standard","meta":{"ocean_post_layout":"","ocean_both_sidebars_style":"","ocean_both_sidebars_content_width":0,"ocean_both_sidebars_sidebars_width":0,"ocean_sidebar":"","ocean_second_sidebar":"","ocean_disable_margins":"enable","ocean_add_body_class":"","ocean_shortcode_before_top_bar":"","ocean_shortcode_after_top_bar":"","ocean_shortcode_before_header":"","ocean_shortcode_after_header":"","ocean_has_shortcode":"","ocean_shortcode_after_title":"","ocean_shortcode_before_footer_widgets":"","ocean_shortcode_after_footer_widgets":"","ocean_shortcode_before_footer_bottom":"","ocean_shortcode_after_footer_bottom":"","ocean_display_top_bar":"default","ocean_display_header":"default","ocean_header_style":"","ocean_center_header_left_menu":"","ocean_custom_header_template":"","ocean_custom_logo":0,"ocean_custom_retina_logo":0,"ocean_custom_logo_max_width":0,"ocean_custom_logo_tablet_max_width":0,"ocean_custom_logo_mobile_max_width":0,"ocean_custom_logo_max_height":0,"ocean_custom_logo_tablet_max_height":0,"ocean_custom_logo_mobile_max_height":0,"ocean_header_custom_menu":"","ocean_menu_typo_font_family":"","ocean_menu_typo_font_subset":"","ocean_menu_typo_font_size":0,"ocean_menu_typo_font_size_tablet":0,"ocean_menu_typo_font_size_mobile":0,"ocean_menu_typo_font_size_unit":"px","ocean_menu_typo_font_weight":"","ocean_menu_typo_font_weight_tablet":"","ocean_menu_typo_font_weight_mobile":"","ocean_menu_typo_transform":"","ocean_menu_typo_transform_tablet":"","ocean_menu_typo_transform_mobile":"","ocean_menu_typo_line_height":0,"ocean_menu_typo_line_height_tablet":0,"ocean_menu_typo_line_height_mobile":0,"ocean_menu_typo_line_height_unit":"","ocean_menu_typo_spacing":0,"ocean_menu_typo_spacing_tablet":0,"ocean_menu_typo_spacing_mobile":0,"ocean_menu_typo_spacing_unit":"","ocean_menu_link_color":"","ocean_menu_link_color_hover":"","ocean_menu_link_color_active":"","ocean_menu_link_background":"","ocean_menu_link_hover_background":"","ocean_menu_link_active_background":"","ocean_menu_social_links_bg":"","ocean_menu_social_hover_links_bg":"","ocean_menu_social_links_color":"","ocean_menu_social_hover_links_color":"","ocean_disable_title":"default","ocean_disable_heading":"default","ocean_post_title":"","ocean_post_subheading":"","ocean_post_title_style":"","ocean_post_title_background_color":"","ocean_post_title_background":0,"ocean_post_title_bg_image_position":"","ocean_post_title_bg_image_attachment":"","ocean_post_title_bg_image_repeat":"","ocean_post_title_bg_image_size":"","ocean_post_title_height":0,"ocean_post_title_bg_overlay":0.5,"ocean_post_title_bg_overlay_color":"","ocean_disable_breadcrumbs":"default","ocean_breadcrumbs_color":"","ocean_breadcrumbs_separator_color":"","ocean_breadcrumbs_links_color":"","ocean_breadcrumbs_links_hover_color":"","ocean_display_footer_widgets":"default","ocean_display_footer_bottom":"default","ocean_custom_footer_template":"","ocean_post_oembed":"","ocean_post_self_hosted_media":"","ocean_post_video_embed":"","ocean_link_format":"","ocean_link_format_target":"self","ocean_quote_format":"","ocean_quote_format_link":"post","ocean_gallery_link_images":"on","ocean_gallery_id":[]},"categories":[9],"tags":[],"acf":[],"_links":{"self":[{"href":"https:\/\/www.simepe.com.br\/novo\/wp-json\/wp\/v2\/posts\/62054"}],"collection":[{"href":"https:\/\/www.simepe.com.br\/novo\/wp-json\/wp\/v2\/posts"}],"about":[{"href":"https:\/\/www.simepe.com.br\/novo\/wp-json\/wp\/v2\/types\/post"}],"author":[{"embeddable":true,"href":"https:\/\/www.simepe.com.br\/novo\/wp-json\/wp\/v2\/users\/1"}],"replies":[{"embeddable":true,"href":"https:\/\/www.simepe.com.br\/novo\/wp-json\/wp\/v2\/comments?post=62054"}],"version-history":[{"count":1,"href":"https:\/\/www.simepe.com.br\/novo\/wp-json\/wp\/v2\/posts\/62054\/revisions"}],"predecessor-version":[{"id":62055,"href":"https:\/\/www.simepe.com.br\/novo\/wp-json\/wp\/v2\/posts\/62054\/revisions\/62055"}],"wp:attachment":[{"href":"https:\/\/www.simepe.com.br\/novo\/wp-json\/wp\/v2\/media?parent=62054"}],"wp:term":[{"taxonomy":"category","embeddable":true,"href":"https:\/\/www.simepe.com.br\/novo\/wp-json\/wp\/v2\/categories?post=62054"},{"taxonomy":"post_tag","embeddable":true,"href":"https:\/\/www.simepe.com.br\/novo\/wp-json\/wp\/v2\/tags?post=62054"}],"curies":[{"name":"wp","href":"https:\/\/api.w.org\/{rel}","templated":true}]}}