{"id":62137,"date":"2021-11-29T15:04:05","date_gmt":"2021-11-29T18:04:05","guid":{"rendered":"https:\/\/www.simepe.com.br\/novo\/?p=62137"},"modified":"2021-11-29T15:38:12","modified_gmt":"2021-11-29T18:38:12","slug":"declaracao-entidades-medicas-pernambucanas-se-posicionam-contra-realizacao-do-reveillon-e-carnaval-de-2022","status":"publish","type":"post","link":"https:\/\/www.simepe.com.br\/novo\/declaracao-entidades-medicas-pernambucanas-se-posicionam-contra-realizacao-do-reveillon-e-carnaval-de-2022\/","title":{"rendered":"Entidades m\u00e9dicas pernambucanas se posicionam contra realiza\u00e7\u00e3o do R\u00e9veillon e Carnaval de 2022"},"content":{"rendered":"<p>O Conselho Regional de Medicina do Estado de Pernambuco (Cremepe) alerta para nova onda da Covid-19 e pede que os eventos de grande porte sejam evitadas at\u00e9 o seguro controle da pandemia.<\/p>\n<p>Com a aproxima\u00e7\u00e3o do final do ano, cresce a press\u00e3o contra a realiza\u00e7\u00e3o do Carnaval de 2022 em Pernambuco, bem como de festas p\u00fablicas de r\u00e9veillon, ambas reespos\u00e1veis por reunir milhares de pessoas nas ruas. No Estado, entidades da \u00e1rea de sa\u00fade j\u00e1 emitiram posicionamentos no sentindo de evitar os festejos de momo e da virada de ano.<\/p>\n<p>O Conselho Regional de Medicina do Estado de Pernambuco (Cremepe) alerta para nova onda da Covid-19, \u201cque assola a \u00c1frica do Sul e v\u00e1rios pa\u00edses da Europa, das Am\u00e9ricas e \u00c1frica\u201d.<\/p>\n<p>\u201cA realiza\u00e7\u00e3o de eventos com aglomera\u00e7\u00f5es como festas de final de ano e carnaval, devem ser evitadas at\u00e9 o seguro controle da pandemia, ante o risco de aumento de casos e mais mortes pela Covid 19. Destaca ainda a import\u00e2ncia do uso de m\u00e1scaras e do distanciamento seguro\u201d, diz nota emitida pelo Cremepe no \u00faltimo dia 26 de novembro.<\/p>\n<p>Quem tamb\u00e9m \u00e9 contra os eventos de grande porte \u00e9 o Sindicato dos M\u00e9dicos de Pernambuco (Simepe), que citou percal\u00e7os enfrentados pela categoria e riscos de nova onda de cont\u00e1gio por Covid-19.<\/p>\n<p>\u201cOs m\u00e9dicos de Pernambuco enfrentam, h\u00e1 dois anos, uma pandemia mortal e, sem hesitar, se colocam como guarda avan\u00e7ada nesta batalha. Contudo, precisaram superar medos, ang\u00fastias isolamento de suas fam\u00edlias e horas ininterruptas de trabalho \u00e1rduo. Al\u00e9m disso, muitos precisaram superar a pr\u00f3pria doen\u00e7a e alguns perderam sua vida para esse v\u00edrus que ainda est\u00e1 entre n\u00f3s\u201d, escreveu o Simepe em nota.<\/p>\n<p>O Sindicato diz que \u00e9 \u201cimprud\u00eancia\u201d pensar em carnaval para 2022, \u201cainda mais neste momento em que os n\u00fameros da contamina\u00e7\u00e3o come\u00e7am a arrefecer\u201d.<\/p>\n<p>Por meio de nota oficial, a Federa\u00e7\u00e3o M\u00e9dica Brasileira (FMB) manifestou preocupa\u00e7\u00e3o com as aglomera\u00e7\u00f5es de festas de final de ano e com o carnaval 2022.<\/p>\n<p>\u201cA Europa tem sido exemplo das consequ\u00eancias das flexibiliza\u00e7\u00f5es, como dispensa do uso de m\u00e1scaras e libera\u00e7\u00e3o de grandes eventos, e vive um quadro com o aumento severo de casos de contaminados. Neste momento, em que a pandemia ainda est\u00e1 sendo controlada, a FMB entende como desnecess\u00e1rias as aglomera\u00e7\u00f5es. Esse \u00e9 o momento do gestor p\u00fablico manter empenho na vacina\u00e7\u00e3o e na orienta\u00e7\u00e3o para o distanciamento social e uso de m\u00e1scaras. \u00c9 preciso continuar seguindo \u00e0s normas para que a comemora\u00e7\u00e3o seja completa em um futuro que logo chegar\u00e1. Com paci\u00eancia, responsabilidade, vacina e controle sanit\u00e1rio, venceremos a guerra contra o Coronav\u00edrus\u201d.<\/p>\n<p>Na C\u00e2mara Municipal do Recife foi aprovada nesta segunda-feira, 29 de novembro, um requerimento para a instala\u00e7\u00e3o de uma Comiss\u00e3o Especial que vai discutir a retomada do carnaval 2022 e demais eventos de grande porte na capital pernambucana. A iniciativa \u00e9 de autoria do vereador Marco Aur\u00e9lio Filho (PRTB).<\/p>\n<p>O vereador Tadeu Calheiros (Podemos), que \u00e9 m\u00e9dico e vice-presidente da Comiss\u00e3o de Sa\u00fade da C\u00e2mara do Recife, tamb\u00e9m fez um alerta para os riscos de grandes aglomera\u00e7\u00f5es.<\/p>\n<p>\u201cO posicionamento do nosso mandato corrobora com a postura de cautela defendida tamb\u00e9m pelas entidades m\u00e9dicas pernambucanas (Cremepe, Simepe, AMPE e Academia de Medicina). Sabedor de que a sa\u00fade precisa estar sempre em primeiro lugar, desde j\u00e1, comunico publicamente que sou contr\u00e1rio \u00e0 realiza\u00e7\u00e3o das festividades de fim de ano e carnaval\u201d, diz o vereador.<\/p>\n<p><a href=\"https:\/\/portaldeprefeitura.com.br\/2021\/11\/29\/entidades-medicas-pernambucanas-se-posicionam-contra-realizacao-do-reveillon-e-carnaval-de-2022\/\">Fonte: Portal de Prefeitura\u00a0<\/a><\/p>\n","protected":false},"excerpt":{"rendered":"<p>O Conselho Regional de Medicina do Estado de Pernambuco (Cremepe) alerta para nova onda da Covid-19 e pede que os eventos de grande porte sejam evitadas at\u00e9 o seguro controle da pandemia. Com a aproxima\u00e7\u00e3o do final do ano, cresce a press\u00e3o contra a realiza\u00e7\u00e3o do Carnaval de 2022 em Pernambuco, bem como de festas [&hellip;]<\/p>\n","protected":false},"author":1,"featured_media":0,"comment_status":"open","ping_status":"open","sticky":false,"template":"","format":"standard","meta":{"ocean_post_layout":"","ocean_both_sidebars_style":"","ocean_both_sidebars_content_width":0,"ocean_both_sidebars_sidebars_width":0,"ocean_sidebar":"","ocean_second_sidebar":"","ocean_disable_margins":"enable","ocean_add_body_class":"","ocean_shortcode_before_top_bar":"","ocean_shortcode_after_top_bar":"","ocean_shortcode_before_header":"","ocean_shortcode_after_header":"","ocean_has_shortcode":"","ocean_shortcode_after_title":"","ocean_shortcode_before_footer_widgets":"","ocean_shortcode_after_footer_widgets":"","ocean_shortcode_before_footer_bottom":"","ocean_shortcode_after_footer_bottom":"","ocean_display_top_bar":"default","ocean_display_header":"default","ocean_header_style":"","ocean_center_header_left_menu":"","ocean_custom_header_template":"","ocean_custom_logo":0,"ocean_custom_retina_logo":0,"ocean_custom_logo_max_width":0,"ocean_custom_logo_tablet_max_width":0,"ocean_custom_logo_mobile_max_width":0,"ocean_custom_logo_max_height":0,"ocean_custom_logo_tablet_max_height":0,"ocean_custom_logo_mobile_max_height":0,"ocean_header_custom_menu":"","ocean_menu_typo_font_family":"","ocean_menu_typo_font_subset":"","ocean_menu_typo_font_size":0,"ocean_menu_typo_font_size_tablet":0,"ocean_menu_typo_font_size_mobile":0,"ocean_menu_typo_font_size_unit":"px","ocean_menu_typo_font_weight":"","ocean_menu_typo_font_weight_tablet":"","ocean_menu_typo_font_weight_mobile":"","ocean_menu_typo_transform":"","ocean_menu_typo_transform_tablet":"","ocean_menu_typo_transform_mobile":"","ocean_menu_typo_line_height":0,"ocean_menu_typo_line_height_tablet":0,"ocean_menu_typo_line_height_mobile":0,"ocean_menu_typo_line_height_unit":"","ocean_menu_typo_spacing":0,"ocean_menu_typo_spacing_tablet":0,"ocean_menu_typo_spacing_mobile":0,"ocean_menu_typo_spacing_unit":"","ocean_menu_link_color":"","ocean_menu_link_color_hover":"","ocean_menu_link_color_active":"","ocean_menu_link_background":"","ocean_menu_link_hover_background":"","ocean_menu_link_active_background":"","ocean_menu_social_links_bg":"","ocean_menu_social_hover_links_bg":"","ocean_menu_social_links_color":"","ocean_menu_social_hover_links_color":"","ocean_disable_title":"default","ocean_disable_heading":"default","ocean_post_title":"","ocean_post_subheading":"","ocean_post_title_style":"","ocean_post_title_background_color":"","ocean_post_title_background":0,"ocean_post_title_bg_image_position":"","ocean_post_title_bg_image_attachment":"","ocean_post_title_bg_image_repeat":"","ocean_post_title_bg_image_size":"","ocean_post_title_height":0,"ocean_post_title_bg_overlay":0.5,"ocean_post_title_bg_overlay_color":"","ocean_disable_breadcrumbs":"default","ocean_breadcrumbs_color":"","ocean_breadcrumbs_separator_color":"","ocean_breadcrumbs_links_color":"","ocean_breadcrumbs_links_hover_color":"","ocean_display_footer_widgets":"default","ocean_display_footer_bottom":"default","ocean_custom_footer_template":"","ocean_post_oembed":"","ocean_post_self_hosted_media":"","ocean_post_video_embed":"","ocean_link_format":"","ocean_link_format_target":"self","ocean_quote_format":"","ocean_quote_format_link":"post","ocean_gallery_link_images":"on","ocean_gallery_id":[]},"categories":[1],"tags":[],"acf":[],"_links":{"self":[{"href":"https:\/\/www.simepe.com.br\/novo\/wp-json\/wp\/v2\/posts\/62137"}],"collection":[{"href":"https:\/\/www.simepe.com.br\/novo\/wp-json\/wp\/v2\/posts"}],"about":[{"href":"https:\/\/www.simepe.com.br\/novo\/wp-json\/wp\/v2\/types\/post"}],"author":[{"embeddable":true,"href":"https:\/\/www.simepe.com.br\/novo\/wp-json\/wp\/v2\/users\/1"}],"replies":[{"embeddable":true,"href":"https:\/\/www.simepe.com.br\/novo\/wp-json\/wp\/v2\/comments?post=62137"}],"version-history":[{"count":3,"href":"https:\/\/www.simepe.com.br\/novo\/wp-json\/wp\/v2\/posts\/62137\/revisions"}],"predecessor-version":[{"id":62149,"href":"https:\/\/www.simepe.com.br\/novo\/wp-json\/wp\/v2\/posts\/62137\/revisions\/62149"}],"wp:attachment":[{"href":"https:\/\/www.simepe.com.br\/novo\/wp-json\/wp\/v2\/media?parent=62137"}],"wp:term":[{"taxonomy":"category","embeddable":true,"href":"https:\/\/www.simepe.com.br\/novo\/wp-json\/wp\/v2\/categories?post=62137"},{"taxonomy":"post_tag","embeddable":true,"href":"https:\/\/www.simepe.com.br\/novo\/wp-json\/wp\/v2\/tags?post=62137"}],"curies":[{"name":"wp","href":"https:\/\/api.w.org\/{rel}","templated":true}]}}