{"id":62157,"date":"2021-12-01T09:50:04","date_gmt":"2021-12-01T12:50:04","guid":{"rendered":"https:\/\/www.simepe.com.br\/novo\/?p=62157"},"modified":"2021-12-01T09:50:04","modified_gmt":"2021-12-01T12:50:04","slug":"entrada-em-orgaos-estaduais-apenas-com-passaporte-vacinal","status":"publish","type":"post","link":"https:\/\/www.simepe.com.br\/novo\/entrada-em-orgaos-estaduais-apenas-com-passaporte-vacinal\/","title":{"rendered":"Entrada em \u00f3rg\u00e3os estaduais apenas com passaporte vacinal"},"content":{"rendered":"<p>A exig\u00eancia da comprova\u00e7\u00e3o do esquema vacinal completo contra a Covid-19 para acesso aos estabelecimentos p\u00fablicos em Pernambuco entra em vigor na pr\u00f3xima segunda-feira (06.12). O decreto com todas as regras para cumprimento da norma ser\u00e1 publicado na edi\u00e7\u00e3o de amanh\u00e3 (01.12) do Di\u00e1rio Oficial do Estado.<\/p>\n<p>A apresenta\u00e7\u00e3o obrigat\u00f3ria do comprovante de vacina\u00e7\u00e3o para entrada em estabelecimentos p\u00fablicos vinculados \u00e0 administra\u00e7\u00e3o estadual foi anunciada durante coletiva de imprensa, na \u00faltima quinta-feira (25.11). A medida refor\u00e7a o incentivo \u00e0 vacina\u00e7\u00e3o de todos os pernambucanos contra a doen\u00e7a, com o objetivo de proteger a popula\u00e7\u00e3o.<\/p>\n<p>De acordo com o secret\u00e1rio estadual de Sa\u00fade, Andr\u00e9 Longo, a imuniza\u00e7\u00e3o \u00e9 necess\u00e1ria para evitar novas ondas da doen\u00e7a. \u201cDados divulgados pelo Centro Europeu de Controle de Doen\u00e7as apontam que os locais com maiores \u00edndices de vacinados est\u00e3o registrando menos mortes, comprovando que as vacinas, al\u00e9m de seguras, salvam vidas. O cen\u00e1rio que temos hoje \u00e9 de uma pandemia em pessoas n\u00e3o totalmente vacinadas\u201d, pontuou Longo, durante a recente coletiva de imprensa.<\/p>\n<p>Fonte: Secretaria de Sa\u00fade do Estado<\/p>\n","protected":false},"excerpt":{"rendered":"<p>A exig\u00eancia da comprova\u00e7\u00e3o do esquema vacinal completo contra a Covid-19 para acesso aos estabelecimentos p\u00fablicos em Pernambuco entra em vigor na pr\u00f3xima segunda-feira (06.12). O decreto com todas as regras para cumprimento da norma ser\u00e1 publicado na edi\u00e7\u00e3o de amanh\u00e3 (01.12) do Di\u00e1rio Oficial do Estado. A apresenta\u00e7\u00e3o obrigat\u00f3ria do comprovante de vacina\u00e7\u00e3o para [&hellip;]<\/p>\n","protected":false},"author":1,"featured_media":0,"comment_status":"open","ping_status":"open","sticky":false,"template":"","format":"standard","meta":{"ocean_post_layout":"","ocean_both_sidebars_style":"","ocean_both_sidebars_content_width":0,"ocean_both_sidebars_sidebars_width":0,"ocean_sidebar":"","ocean_second_sidebar":"","ocean_disable_margins":"enable","ocean_add_body_class":"","ocean_shortcode_before_top_bar":"","ocean_shortcode_after_top_bar":"","ocean_shortcode_before_header":"","ocean_shortcode_after_header":"","ocean_has_shortcode":"","ocean_shortcode_after_title":"","ocean_shortcode_before_footer_widgets":"","ocean_shortcode_after_footer_widgets":"","ocean_shortcode_before_footer_bottom":"","ocean_shortcode_after_footer_bottom":"","ocean_display_top_bar":"default","ocean_display_header":"default","ocean_header_style":"","ocean_center_header_left_menu":"","ocean_custom_header_template":"","ocean_custom_logo":0,"ocean_custom_retina_logo":0,"ocean_custom_logo_max_width":0,"ocean_custom_logo_tablet_max_width":0,"ocean_custom_logo_mobile_max_width":0,"ocean_custom_logo_max_height":0,"ocean_custom_logo_tablet_max_height":0,"ocean_custom_logo_mobile_max_height":0,"ocean_header_custom_menu":"","ocean_menu_typo_font_family":"","ocean_menu_typo_font_subset":"","ocean_menu_typo_font_size":0,"ocean_menu_typo_font_size_tablet":0,"ocean_menu_typo_font_size_mobile":0,"ocean_menu_typo_font_size_unit":"px","ocean_menu_typo_font_weight":"","ocean_menu_typo_font_weight_tablet":"","ocean_menu_typo_font_weight_mobile":"","ocean_menu_typo_transform":"","ocean_menu_typo_transform_tablet":"","ocean_menu_typo_transform_mobile":"","ocean_menu_typo_line_height":0,"ocean_menu_typo_line_height_tablet":0,"ocean_menu_typo_line_height_mobile":0,"ocean_menu_typo_line_height_unit":"","ocean_menu_typo_spacing":0,"ocean_menu_typo_spacing_tablet":0,"ocean_menu_typo_spacing_mobile":0,"ocean_menu_typo_spacing_unit":"","ocean_menu_link_color":"","ocean_menu_link_color_hover":"","ocean_menu_link_color_active":"","ocean_menu_link_background":"","ocean_menu_link_hover_background":"","ocean_menu_link_active_background":"","ocean_menu_social_links_bg":"","ocean_menu_social_hover_links_bg":"","ocean_menu_social_links_color":"","ocean_menu_social_hover_links_color":"","ocean_disable_title":"default","ocean_disable_heading":"default","ocean_post_title":"","ocean_post_subheading":"","ocean_post_title_style":"","ocean_post_title_background_color":"","ocean_post_title_background":0,"ocean_post_title_bg_image_position":"","ocean_post_title_bg_image_attachment":"","ocean_post_title_bg_image_repeat":"","ocean_post_title_bg_image_size":"","ocean_post_title_height":0,"ocean_post_title_bg_overlay":0.5,"ocean_post_title_bg_overlay_color":"","ocean_disable_breadcrumbs":"default","ocean_breadcrumbs_color":"","ocean_breadcrumbs_separator_color":"","ocean_breadcrumbs_links_color":"","ocean_breadcrumbs_links_hover_color":"","ocean_display_footer_widgets":"default","ocean_display_footer_bottom":"default","ocean_custom_footer_template":"","ocean_post_oembed":"","ocean_post_self_hosted_media":"","ocean_post_video_embed":"","ocean_link_format":"","ocean_link_format_target":"self","ocean_quote_format":"","ocean_quote_format_link":"post","ocean_gallery_link_images":"on","ocean_gallery_id":[]},"categories":[9],"tags":[],"acf":[],"_links":{"self":[{"href":"https:\/\/www.simepe.com.br\/novo\/wp-json\/wp\/v2\/posts\/62157"}],"collection":[{"href":"https:\/\/www.simepe.com.br\/novo\/wp-json\/wp\/v2\/posts"}],"about":[{"href":"https:\/\/www.simepe.com.br\/novo\/wp-json\/wp\/v2\/types\/post"}],"author":[{"embeddable":true,"href":"https:\/\/www.simepe.com.br\/novo\/wp-json\/wp\/v2\/users\/1"}],"replies":[{"embeddable":true,"href":"https:\/\/www.simepe.com.br\/novo\/wp-json\/wp\/v2\/comments?post=62157"}],"version-history":[{"count":1,"href":"https:\/\/www.simepe.com.br\/novo\/wp-json\/wp\/v2\/posts\/62157\/revisions"}],"predecessor-version":[{"id":62158,"href":"https:\/\/www.simepe.com.br\/novo\/wp-json\/wp\/v2\/posts\/62157\/revisions\/62158"}],"wp:attachment":[{"href":"https:\/\/www.simepe.com.br\/novo\/wp-json\/wp\/v2\/media?parent=62157"}],"wp:term":[{"taxonomy":"category","embeddable":true,"href":"https:\/\/www.simepe.com.br\/novo\/wp-json\/wp\/v2\/categories?post=62157"},{"taxonomy":"post_tag","embeddable":true,"href":"https:\/\/www.simepe.com.br\/novo\/wp-json\/wp\/v2\/tags?post=62157"}],"curies":[{"name":"wp","href":"https:\/\/api.w.org\/{rel}","templated":true}]}}