{"id":62159,"date":"2021-12-01T09:51:59","date_gmt":"2021-12-01T12:51:59","guid":{"rendered":"https:\/\/www.simepe.com.br\/novo\/?p=62159"},"modified":"2021-12-01T09:51:59","modified_gmt":"2021-12-01T12:51:59","slug":"criancas-asmaticas-correm-mais-riscos-com-a-covid-19-diz-estudo","status":"publish","type":"post","link":"https:\/\/www.simepe.com.br\/novo\/criancas-asmaticas-correm-mais-riscos-com-a-covid-19-diz-estudo\/","title":{"rendered":"Crian\u00e7as asm\u00e1ticas correm mais riscos com a Covid-19, diz estudo"},"content":{"rendered":"<p><em>Por este motivo, as crian\u00e7as asm\u00e1ticas deveriam ser priorit\u00e1rias nas campanhas de vacina\u00e7\u00e3o contra a Covid-19, segundo os autores.<\/em><\/p>\n<p>As\u00a0<strong>crian\u00e7as\u00a0<\/strong>com asma s\u00e3o hospitalizadas com mais frequ\u00eancia do que as demais quando contraem\u00a0<a href=\"https:\/\/www.folhape.com.br\/noticia\/detalhe\/atuais-vacinas-podem-ser-ineficazes-contra-variante-omicron-adverte\/207823\/\"><strong>Covid-19<\/strong><\/a>, de acordo com um estudo realizado na Esc\u00f3cia, mas os casos s\u00e3o pouco frequentes e as mortes extremamente raras.<\/p>\n<p>&#8220;As crian\u00e7as asm\u00e1ticas correm mais riscos de hospitaliza\u00e7\u00e3o por causa da Covid-19 que aquelas que n\u00e3o t\u00eam asma&#8221;, afirma o estudo desenvolvido a aprtir dos dados obtidos pela sa\u00fade p\u00fablica na Esc\u00f3cia publicados na Lancet Respiratory Medicine.<\/p>\n<p>Os autores estudaram a propor\u00e7\u00e3o de interna\u00e7\u00f5es ap\u00f3s uma infec\u00e7\u00e3o por<strong>\u00a0coronav\u00edrus<\/strong>\u00a0entre pessoas de\u00a0<strong>5 a 17 anos\u00a0<\/strong>e que previamente aviam sido diagnosticadas como asm\u00e1ticas.<\/p>\n<p>Ao comparar os n\u00fameros de interna\u00e7\u00f5es hospitalares com as de n\u00e3o asm\u00e1ticos foi constatado que as crian\u00e7as com dificuldades respirat\u00f3rias foram hospitalizadas com mais frequ\u00eancia.<\/p>\n<p>A diferen\u00e7a \u00e9 ainda maior quando se considera os casos mais graves, das crian\u00e7as com asma que precisaram ser hospitalizadas ou que receberam tratamento m\u00e9dico.<\/p>\n<p>Por este motivo, as crian\u00e7as asm\u00e1ticas deveriam ser priorit\u00e1rias nas campanhas de vacina\u00e7\u00e3o contra a\u00a0<strong>Covid-19<\/strong>, segundo os autores.<\/p>\n<p>De todas as formas, a hospitaliza\u00e7\u00e3o de crian\u00e7as por causa da covid \u00e9 algo raro: apenas\u00a0<strong>1,5%<\/strong>\u00a0precisou de interna\u00e7\u00e3o em um centro m\u00e9dico.<\/p>\n<p>As mortes s\u00e3o t\u00e3o raras que n\u00e3o \u00e9 poss\u00edvel obter nenhuma conclus\u00e3o estat\u00edstica a respeito.<\/p>\n<p>Fonte: Folha de Pernambuco<\/p>\n","protected":false},"excerpt":{"rendered":"<p>Por este motivo, as crian\u00e7as asm\u00e1ticas deveriam ser priorit\u00e1rias nas campanhas de vacina\u00e7\u00e3o contra a Covid-19, segundo os autores. As\u00a0crian\u00e7as\u00a0com asma s\u00e3o hospitalizadas com mais frequ\u00eancia do que as demais quando contraem\u00a0Covid-19, de acordo com um estudo realizado na Esc\u00f3cia, mas os casos s\u00e3o pouco frequentes e as mortes extremamente raras. &#8220;As crian\u00e7as asm\u00e1ticas correm [&hellip;]<\/p>\n","protected":false},"author":1,"featured_media":0,"comment_status":"open","ping_status":"open","sticky":false,"template":"","format":"standard","meta":{"ocean_post_layout":"","ocean_both_sidebars_style":"","ocean_both_sidebars_content_width":0,"ocean_both_sidebars_sidebars_width":0,"ocean_sidebar":"","ocean_second_sidebar":"","ocean_disable_margins":"enable","ocean_add_body_class":"","ocean_shortcode_before_top_bar":"","ocean_shortcode_after_top_bar":"","ocean_shortcode_before_header":"","ocean_shortcode_after_header":"","ocean_has_shortcode":"","ocean_shortcode_after_title":"","ocean_shortcode_before_footer_widgets":"","ocean_shortcode_after_footer_widgets":"","ocean_shortcode_before_footer_bottom":"","ocean_shortcode_after_footer_bottom":"","ocean_display_top_bar":"default","ocean_display_header":"default","ocean_header_style":"","ocean_center_header_left_menu":"","ocean_custom_header_template":"","ocean_custom_logo":0,"ocean_custom_retina_logo":0,"ocean_custom_logo_max_width":0,"ocean_custom_logo_tablet_max_width":0,"ocean_custom_logo_mobile_max_width":0,"ocean_custom_logo_max_height":0,"ocean_custom_logo_tablet_max_height":0,"ocean_custom_logo_mobile_max_height":0,"ocean_header_custom_menu":"","ocean_menu_typo_font_family":"","ocean_menu_typo_font_subset":"","ocean_menu_typo_font_size":0,"ocean_menu_typo_font_size_tablet":0,"ocean_menu_typo_font_size_mobile":0,"ocean_menu_typo_font_size_unit":"px","ocean_menu_typo_font_weight":"","ocean_menu_typo_font_weight_tablet":"","ocean_menu_typo_font_weight_mobile":"","ocean_menu_typo_transform":"","ocean_menu_typo_transform_tablet":"","ocean_menu_typo_transform_mobile":"","ocean_menu_typo_line_height":0,"ocean_menu_typo_line_height_tablet":0,"ocean_menu_typo_line_height_mobile":0,"ocean_menu_typo_line_height_unit":"","ocean_menu_typo_spacing":0,"ocean_menu_typo_spacing_tablet":0,"ocean_menu_typo_spacing_mobile":0,"ocean_menu_typo_spacing_unit":"","ocean_menu_link_color":"","ocean_menu_link_color_hover":"","ocean_menu_link_color_active":"","ocean_menu_link_background":"","ocean_menu_link_hover_background":"","ocean_menu_link_active_background":"","ocean_menu_social_links_bg":"","ocean_menu_social_hover_links_bg":"","ocean_menu_social_links_color":"","ocean_menu_social_hover_links_color":"","ocean_disable_title":"default","ocean_disable_heading":"default","ocean_post_title":"","ocean_post_subheading":"","ocean_post_title_style":"","ocean_post_title_background_color":"","ocean_post_title_background":0,"ocean_post_title_bg_image_position":"","ocean_post_title_bg_image_attachment":"","ocean_post_title_bg_image_repeat":"","ocean_post_title_bg_image_size":"","ocean_post_title_height":0,"ocean_post_title_bg_overlay":0.5,"ocean_post_title_bg_overlay_color":"","ocean_disable_breadcrumbs":"default","ocean_breadcrumbs_color":"","ocean_breadcrumbs_separator_color":"","ocean_breadcrumbs_links_color":"","ocean_breadcrumbs_links_hover_color":"","ocean_display_footer_widgets":"default","ocean_display_footer_bottom":"default","ocean_custom_footer_template":"","ocean_post_oembed":"","ocean_post_self_hosted_media":"","ocean_post_video_embed":"","ocean_link_format":"","ocean_link_format_target":"self","ocean_quote_format":"","ocean_quote_format_link":"post","ocean_gallery_link_images":"on","ocean_gallery_id":[]},"categories":[9],"tags":[],"acf":[],"_links":{"self":[{"href":"https:\/\/www.simepe.com.br\/novo\/wp-json\/wp\/v2\/posts\/62159"}],"collection":[{"href":"https:\/\/www.simepe.com.br\/novo\/wp-json\/wp\/v2\/posts"}],"about":[{"href":"https:\/\/www.simepe.com.br\/novo\/wp-json\/wp\/v2\/types\/post"}],"author":[{"embeddable":true,"href":"https:\/\/www.simepe.com.br\/novo\/wp-json\/wp\/v2\/users\/1"}],"replies":[{"embeddable":true,"href":"https:\/\/www.simepe.com.br\/novo\/wp-json\/wp\/v2\/comments?post=62159"}],"version-history":[{"count":1,"href":"https:\/\/www.simepe.com.br\/novo\/wp-json\/wp\/v2\/posts\/62159\/revisions"}],"predecessor-version":[{"id":62160,"href":"https:\/\/www.simepe.com.br\/novo\/wp-json\/wp\/v2\/posts\/62159\/revisions\/62160"}],"wp:attachment":[{"href":"https:\/\/www.simepe.com.br\/novo\/wp-json\/wp\/v2\/media?parent=62159"}],"wp:term":[{"taxonomy":"category","embeddable":true,"href":"https:\/\/www.simepe.com.br\/novo\/wp-json\/wp\/v2\/categories?post=62159"},{"taxonomy":"post_tag","embeddable":true,"href":"https:\/\/www.simepe.com.br\/novo\/wp-json\/wp\/v2\/tags?post=62159"}],"curies":[{"name":"wp","href":"https:\/\/api.w.org\/{rel}","templated":true}]}}