{"id":62170,"date":"2021-12-02T10:47:28","date_gmt":"2021-12-02T13:47:28","guid":{"rendered":"https:\/\/www.simepe.com.br\/novo\/?p=62170"},"modified":"2021-12-02T10:47:28","modified_gmt":"2021-12-02T13:47:28","slug":"oms-alerta-para-coquetel-toxico-causado-pela-covid-ue-discute-vacinacao-obrigatoria","status":"publish","type":"post","link":"https:\/\/www.simepe.com.br\/novo\/oms-alerta-para-coquetel-toxico-causado-pela-covid-ue-discute-vacinacao-obrigatoria\/","title":{"rendered":"OMS alerta para &#8216;coquetel t\u00f3xico&#8217; causado pela covid; UE discute vacina\u00e7\u00e3o obrigat\u00f3ria"},"content":{"rendered":"<p><em>Segundo a organiza\u00e7\u00e3o, os baixos \u00edndices de testes e vacinas contra a covid-19 s\u00e3o &#8220;a combina\u00e7\u00e3o ideal para a reprodu\u00e7\u00e3o e aumento de variantes&#8221;.<\/em><\/p>\n<p><strong>A Organiza\u00e7\u00e3o Mundial da Sa\u00fade\u00a0<\/strong>(OMS) alertou, nesta quarta-feira (1\u00ba), que\u00a0<strong>os baixos \u00edndices de vacina\u00e7\u00e3o anticovid e testes provocam um &#8220;coquetel t\u00f3xico&#8221;, com a variante \u00d4micron se espalhando e chegando ao Brasil e Estados Unidos<\/strong>\u00a0e levando a Uni\u00e3o Europeia a refletir sobre a vacina\u00e7\u00e3o obrigat\u00f3ria.<\/p>\n<p>O surgimento da nova variante, aparentemente mais transmiss\u00edvel e com v\u00e1rias muta\u00e7\u00f5es, gerou uma rea\u00e7\u00e3o de p\u00e2nico em muitos governos.<\/p>\n<div data-google-query-id=\"CKbH0qWgxfQCFXublQId0sYPaQ\">\n<p>A\u00a0<a href=\"http:\/\/http\/\/www.folhape.com.br\/noticias\/oms-variante-omicron-representa-risco-muito-elevado-para-o-mundo\/207492\/\">OMS considera elevada &#8220;a probabilidade de que a \u00d4micron se espalhe a n\u00edvel mundial&#8221;<\/a>. No total, 24 pa\u00edses reportaram casos.<\/p>\n<p><strong>\u201cTemos, mundialmente, um coquetel t\u00f3xico com baixa cobertura vacinal e pouqu\u00edssimos testes, uma combina\u00e7\u00e3o ideal para a reprodu\u00e7\u00e3o e aumento de variantes\u201d\u00a0<\/strong>do coronav\u00edrus, declarou o secret\u00e1rio-geral da OMS, Tedros Adhanom Ghebreyesus.<\/p>\n<p>&#8220;O fim da pandemia n\u00e3o \u00e9 uma quest\u00e3o de sorte, mas de escolha&#8221;, destacou em entrevista coletiva.<\/p>\n<p>Nesta quarta-feira,\u00a0<strong>a Comiss\u00e3o Europeia pediu aos pa\u00edses da Uni\u00e3o que reflitam desde j\u00e1 sobre a obrigatoriedade da vacina\u00e7\u00e3o contra o coronav\u00edrus<\/strong>.<\/p>\n<div id=\"ad-middle1\" class=\" adRef\" data-google-query-id=\"CNncrqqgxfQCFbq5lQIdYdsGkQ\">\n<p>&#8220;Acredito que \u00e9 compreens\u00edvel e adequado liderar este debate agora, como podemos estimular e potencialmente pensar na vacina\u00e7\u00e3o obrigat\u00f3ria dentro da Uni\u00e3o Europeia&#8221;, expressou a presidente da Comiss\u00e3o, Ursula von der Leyen.<\/p>\n<p><a href=\"https:\/\/www.folhape.com.br\/noticias\/austria-confina-populacao-e-vacina-anticovid-sera-obrigatoria-em\/206356\/\">A \u00c1ustria j\u00e1 anunciou que a vacina\u00e7\u00e3o ser\u00e1 obrigat\u00f3ria a partir de fevereiro<\/a>.\u00a0<strong>A Alemanha est\u00e1 analisando essa possibilidade e a Gr\u00e9cia afirmou no domingo que a vacina ser\u00e1 obrigat\u00f3ria<\/strong>\u00a0para os maiores de 60 anos.<\/p>\n<p>A Organiza\u00e7\u00e3o para a Coopera\u00e7\u00e3o e o Desenvolvimento Econ\u00f4micos (OCDE) alertou neste mesmo dia que\u00a0<strong>a \u00d4micron pode ser uma amea\u00e7a para a recupera\u00e7\u00e3o econ\u00f4mica global<\/strong>\u00a0e reduziu suas proje\u00e7\u00f5es para o crescimento mundial em 2021.<\/p>\n<p>Segundo a organiza\u00e7\u00e3o, a economia mundial poderia crescer 5,6% este ano, uma redu\u00e7\u00e3o de 0,1 pontos em compara\u00e7\u00e3o com suas previs\u00f5es anteriores, feitas em setembro.<\/p>\n<p><strong>Casos na Am\u00e9rica<\/strong><\/p>\n<p><a href=\"https:\/\/www.folhape.com.br\/noticias\/primeiro-caso-da-variante-omicron-nos-eua-e-identificado-na-california\/207928\/\">O primeiro caso confirmado da \u00d4micron nos Estados Unidos foi detectado em uma pessoa na Calif\u00f3rnia\u00a0<\/a>que chegava da \u00c1frica do Sul, disse a ag\u00eancia federal dos Centros para o Controle e a Preven\u00e7\u00e3o de Doen\u00e7as (CDC) nesta quarta-feira.<\/p>\n<p>At\u00e9 o momento,\u00a0<strong>o \u00fanico pa\u00eds latino-americano onde a variante \u00d4micron foi detectada \u00e9 o Brasil<\/strong>,\u00a0<a href=\"https:\/\/www.folhape.com.br\/noticias\/sao-paulo-registra-terceiro-caso-da-variante-omicron\/207871\/\">que na ter\u00e7a-feira anunciou dois casos em passageiros vindos da \u00c1frica do Sul e um terceiro nesta quarta<\/a>, em um homem de 29 anos que veio da Eti\u00f3pia.<\/p>\n<p><strong>Os tr\u00eas casos foram detectados no aeroporto de Guarulhos<\/strong>, no estado de\u00a0<strong>S\u00e3o Paulo,<\/strong>\u00a0segundo a Secretaria de Sa\u00fade do estado.<\/p>\n<p>Na Argentina, o\u00a0<strong>Minist\u00e9rio da Sa\u00fade<\/strong>\u00a0anunciou que,<strong>\u00a0para prevenir a variante \u00d4micron, determinou o isolamento em alto mar de um navio procedente de Cabo Verde<\/strong>\u00a0ap\u00f3s a detec\u00e7\u00e3o de um caso.<\/p>\n<p>O navio &#8220;Hamburg&#8221; teria chegado na sexta-feira a Buenos Aires com 170 passageiros e 156 tripulantes, mas agora est\u00e1 em alto mar a cerca de 280 km ao sul da capital.<\/p>\n<p>A\u00a0<strong>\u00c1frica do Sul<\/strong>\u00a0&#8211; onde essa variante foi detectada pela primeira vez na semana passada &#8211;\u00a0<strong>registrou um &#8220;aumento exponencial&#8221; de casos di\u00e1rios<\/strong>, devidos &#8220;em grande parte \u00e0 nova variante&#8221;, que j\u00e1 \u00e9 dominante, explicou a m\u00e9dica Michelle Groome, do Instituto Nacional de Doen\u00e7as Contagiosas (NICD).<\/p>\n<p>O NICD anunciou nesta quarta-feira 8.561 novos casos nas \u00faltimas 24 horas. A m\u00e9dia h\u00e1 uma semana era de mil casos di\u00e1rios, passando para 3.500 esta semana.<\/p>\n<p><strong>&#8220;Estigmatiza\u00e7\u00e3o que n\u00e3o se justifica&#8221;<\/strong><\/p>\n<p>Desde que a \u00c1frica do Sul soou o alarme,\u00a0<a href=\"https:\/\/www.folhape.com.br\/economia\/brasil-fechara-fronteiras-aereas-para-seis-paises-africanos-devido-a\/207392\/\">muitos pa\u00edses fecharam suas fronteiras para pessoas procedentes do sul do continente africano<\/a>, gerando indigna\u00e7\u00e3o na regi\u00e3o.<\/p>\n<p><strong>A detec\u00e7\u00e3o de um segundo caso da \u00d4micron no Jap\u00e3o (um homem que chegou do Peru) levou o governo a pedir \u00e0s companhias a\u00e9reas que n\u00e3o aceitem novas reservas<\/strong>\u00a0para voos de entrada no pa\u00eds at\u00e9 1\u00aa de dezembro.<\/p>\n<p>Nesta quarta-feira, o secret\u00e1rio-geral da\u00a0<strong>ONU, Antonio Guterres<\/strong>, reiterou que os fechamentos das fronteiras impostos a pa\u00edses ou regi\u00f5es espec\u00edficas devido \u00e0 nova variante da covid-19 s\u00e3o &#8220;injustos&#8221; e &#8220;ineficazes&#8221;.<\/p>\n<p>O presidente da Comiss\u00e3o da Uni\u00e3o Africana, Moussa Faki Mahamat, tamb\u00e9m denunciou hoje, em coletiva de imprensa com Guterres, a &#8220;estigmatiza\u00e7\u00e3o que n\u00e3o se justifica&#8221; do continente africano.<\/p>\n<p><strong>&#8220;Por ter sido transparente (&#8230;), o conjunto do sul da \u00c1frica sofreu san\u00e7\u00f5es&#8221;, criticou,<\/strong>\u00a0referindo-se ao fechamento de fronteiras para seus cidad\u00e3os.<\/p>\n<p><strong>A falta de efic\u00e1cia das restri\u00e7\u00f5es foi comprovada quando a Holanda reportou que a variante \u00d4micron estava presente em seu territ\u00f3rio antes que a \u00c1frica do Sul informasse\u00a0<\/strong>o primeiro caso, em 25 de novembro.<\/p>\n<p>A preocupa\u00e7\u00e3o aumentou ainda mais depois que o CEO do laborat\u00f3rio americano Moderna, Stephan Bancel,\u00a0<a href=\"https:\/\/www.folhape.com.br\/noticias\/atuais-vacinas-podem-ser-ineficazes-contra-variante-omicron-adverte\/207823\/\">afirmou que pode acontecer uma &#8220;redu\u00e7\u00e3o significativa&#8221; da efic\u00e1cia das atuais vacinas contra a \u00d4micron.<\/a><\/p>\n<p>At\u00e9 agora,\u00a0<strong>a pandemia de covid-19 provocou mais de 5,2 milh\u00f5es de mortes desde a detec\u00e7\u00e3o do coronav\u00edrus no fim de 2019 na China<\/strong>, segundo um balan\u00e7o da AFP.<\/p>\n<p>Com a pandemia ainda longe do controle,\u00a0<strong>os 194 Estados integrantes da OMS iniciaram nesta quarta-feira negocia\u00e7\u00f5es para alcan\u00e7ar um acordo<\/strong>\u00a0que melhore a preven\u00e7\u00e3o e o combate de futuras pandemias.<\/p>\n<p>Fonte: Folha de Pernambuco<\/p>\n<\/div>\n<\/div>\n","protected":false},"excerpt":{"rendered":"<p>Segundo a organiza\u00e7\u00e3o, os baixos \u00edndices de testes e vacinas contra a covid-19 s\u00e3o &#8220;a combina\u00e7\u00e3o ideal para a reprodu\u00e7\u00e3o e aumento de variantes&#8221;. A Organiza\u00e7\u00e3o Mundial da Sa\u00fade\u00a0(OMS) alertou, nesta quarta-feira (1\u00ba), que\u00a0os baixos \u00edndices de vacina\u00e7\u00e3o anticovid e testes provocam um &#8220;coquetel t\u00f3xico&#8221;, com a variante \u00d4micron se espalhando e chegando ao Brasil [&hellip;]<\/p>\n","protected":false},"author":1,"featured_media":0,"comment_status":"open","ping_status":"open","sticky":false,"template":"","format":"standard","meta":{"ocean_post_layout":"","ocean_both_sidebars_style":"","ocean_both_sidebars_content_width":0,"ocean_both_sidebars_sidebars_width":0,"ocean_sidebar":"","ocean_second_sidebar":"","ocean_disable_margins":"enable","ocean_add_body_class":"","ocean_shortcode_before_top_bar":"","ocean_shortcode_after_top_bar":"","ocean_shortcode_before_header":"","ocean_shortcode_after_header":"","ocean_has_shortcode":"","ocean_shortcode_after_title":"","ocean_shortcode_before_footer_widgets":"","ocean_shortcode_after_footer_widgets":"","ocean_shortcode_before_footer_bottom":"","ocean_shortcode_after_footer_bottom":"","ocean_display_top_bar":"default","ocean_display_header":"default","ocean_header_style":"","ocean_center_header_left_menu":"","ocean_custom_header_template":"","ocean_custom_logo":0,"ocean_custom_retina_logo":0,"ocean_custom_logo_max_width":0,"ocean_custom_logo_tablet_max_width":0,"ocean_custom_logo_mobile_max_width":0,"ocean_custom_logo_max_height":0,"ocean_custom_logo_tablet_max_height":0,"ocean_custom_logo_mobile_max_height":0,"ocean_header_custom_menu":"","ocean_menu_typo_font_family":"","ocean_menu_typo_font_subset":"","ocean_menu_typo_font_size":0,"ocean_menu_typo_font_size_tablet":0,"ocean_menu_typo_font_size_mobile":0,"ocean_menu_typo_font_size_unit":"px","ocean_menu_typo_font_weight":"","ocean_menu_typo_font_weight_tablet":"","ocean_menu_typo_font_weight_mobile":"","ocean_menu_typo_transform":"","ocean_menu_typo_transform_tablet":"","ocean_menu_typo_transform_mobile":"","ocean_menu_typo_line_height":0,"ocean_menu_typo_line_height_tablet":0,"ocean_menu_typo_line_height_mobile":0,"ocean_menu_typo_line_height_unit":"","ocean_menu_typo_spacing":0,"ocean_menu_typo_spacing_tablet":0,"ocean_menu_typo_spacing_mobile":0,"ocean_menu_typo_spacing_unit":"","ocean_menu_link_color":"","ocean_menu_link_color_hover":"","ocean_menu_link_color_active":"","ocean_menu_link_background":"","ocean_menu_link_hover_background":"","ocean_menu_link_active_background":"","ocean_menu_social_links_bg":"","ocean_menu_social_hover_links_bg":"","ocean_menu_social_links_color":"","ocean_menu_social_hover_links_color":"","ocean_disable_title":"default","ocean_disable_heading":"default","ocean_post_title":"","ocean_post_subheading":"","ocean_post_title_style":"","ocean_post_title_background_color":"","ocean_post_title_background":0,"ocean_post_title_bg_image_position":"","ocean_post_title_bg_image_attachment":"","ocean_post_title_bg_image_repeat":"","ocean_post_title_bg_image_size":"","ocean_post_title_height":0,"ocean_post_title_bg_overlay":0.5,"ocean_post_title_bg_overlay_color":"","ocean_disable_breadcrumbs":"default","ocean_breadcrumbs_color":"","ocean_breadcrumbs_separator_color":"","ocean_breadcrumbs_links_color":"","ocean_breadcrumbs_links_hover_color":"","ocean_display_footer_widgets":"default","ocean_display_footer_bottom":"default","ocean_custom_footer_template":"","ocean_post_oembed":"","ocean_post_self_hosted_media":"","ocean_post_video_embed":"","ocean_link_format":"","ocean_link_format_target":"self","ocean_quote_format":"","ocean_quote_format_link":"post","ocean_gallery_link_images":"on","ocean_gallery_id":[]},"categories":[9],"tags":[],"acf":[],"_links":{"self":[{"href":"https:\/\/www.simepe.com.br\/novo\/wp-json\/wp\/v2\/posts\/62170"}],"collection":[{"href":"https:\/\/www.simepe.com.br\/novo\/wp-json\/wp\/v2\/posts"}],"about":[{"href":"https:\/\/www.simepe.com.br\/novo\/wp-json\/wp\/v2\/types\/post"}],"author":[{"embeddable":true,"href":"https:\/\/www.simepe.com.br\/novo\/wp-json\/wp\/v2\/users\/1"}],"replies":[{"embeddable":true,"href":"https:\/\/www.simepe.com.br\/novo\/wp-json\/wp\/v2\/comments?post=62170"}],"version-history":[{"count":1,"href":"https:\/\/www.simepe.com.br\/novo\/wp-json\/wp\/v2\/posts\/62170\/revisions"}],"predecessor-version":[{"id":62171,"href":"https:\/\/www.simepe.com.br\/novo\/wp-json\/wp\/v2\/posts\/62170\/revisions\/62171"}],"wp:attachment":[{"href":"https:\/\/www.simepe.com.br\/novo\/wp-json\/wp\/v2\/media?parent=62170"}],"wp:term":[{"taxonomy":"category","embeddable":true,"href":"https:\/\/www.simepe.com.br\/novo\/wp-json\/wp\/v2\/categories?post=62170"},{"taxonomy":"post_tag","embeddable":true,"href":"https:\/\/www.simepe.com.br\/novo\/wp-json\/wp\/v2\/tags?post=62170"}],"curies":[{"name":"wp","href":"https:\/\/api.w.org\/{rel}","templated":true}]}}