{"id":62180,"date":"2021-12-02T17:13:23","date_gmt":"2021-12-02T20:13:23","guid":{"rendered":"https:\/\/www.simepe.com.br\/novo\/?p=62180"},"modified":"2021-12-20T13:06:59","modified_gmt":"2021-12-20T16:06:59","slug":"medicos-da-rede-municipal-do-recife-avaliam-negociacao-e-aguardam-propostas-para-fechamento-de-acordo","status":"publish","type":"post","link":"https:\/\/www.simepe.com.br\/novo\/medicos-da-rede-municipal-do-recife-avaliam-negociacao-e-aguardam-propostas-para-fechamento-de-acordo\/","title":{"rendered":"M\u00e9dicos da rede municipal do Recife avaliam negocia\u00e7\u00e3o e aguardam propostas para fechamento de acordo"},"content":{"rendered":"<p>&nbsp;<\/p>\n<p>O Sindicato dos M\u00e9dicos de Pernambuco (Simepe), representado pela presidente, Claudia Beatriz Andrade, o vice-presidente, Walber Steffano, al\u00e9m dos diretores Malu David, Fernando J\u00fanior e Rodrigo Rosas, reuniram-se em Assembleia Geral Extraordin\u00e1ria (AGE) na tarde desta quarta-feira (01), com os m\u00e9dicos da rede municipal de sa\u00fade do Recife. O advogado da Defensoria M\u00e9dica, Ricardo Santos, tamb\u00e9m esteve presente.<\/p>\n<p>O encontro, com qu\u00f3rum bastante significativo, foi realizado no audit\u00f3rio da sede do Sindicato, na Boa Vista, e contou com a participa\u00e7\u00e3o da categoria presencial e on-line, atrav\u00e9s do Zoom. Os m\u00e9dicos e representantes debateram, por quase duas horas, a negocia\u00e7\u00e3o da campanha salarial deste ano com os gestores das secretarias de Planejamento e da Sa\u00fade do Governo Jo\u00e3o Campos, bem como outras quest\u00f5es relevantes para a classe m\u00e9dica.<\/p>\n<p>Vale frisar que durante a reuni\u00e3o, a Defensoria M\u00e9dica prestou importantes esclarecimentos sobre as mudan\u00e7as na reforma previdenci\u00e1ria e os crit\u00e9rios adotados para aposentadoria dos servidores municipais do Recife.<\/p>\n<p><img fetchpriority=\"high\" class=\"alignnone size-full wp-image-62183\" src=\"https:\/\/www.simepe.com.br\/novo\/wp-content\/uploads\/2021\/12\/01-2-scaled.jpg\" alt=\"\" width=\"2560\" height=\"1707\" srcset=\"https:\/\/www.simepe.com.br\/novo\/wp-content\/uploads\/2021\/12\/01-2-scaled.jpg 2560w, https:\/\/www.simepe.com.br\/novo\/wp-content\/uploads\/2021\/12\/01-2-300x200.jpg 300w, https:\/\/www.simepe.com.br\/novo\/wp-content\/uploads\/2021\/12\/01-2-1024x683.jpg 1024w, https:\/\/www.simepe.com.br\/novo\/wp-content\/uploads\/2021\/12\/01-2-768x512.jpg 768w, https:\/\/www.simepe.com.br\/novo\/wp-content\/uploads\/2021\/12\/01-2-1536x1024.jpg 1536w, https:\/\/www.simepe.com.br\/novo\/wp-content\/uploads\/2021\/12\/01-2-2048x1365.jpg 2048w\" sizes=\"(max-width: 2560px) 100vw, 2560px\" \/><\/p>\n<p>&#8220;Permaneceremos em estado de assembleia permanente, na luta pelas reivindica\u00e7\u00f5es da nossa categoria. Aguardamos a proposta da PCR e esperamos que eles reconhe\u00e7am todo esfor\u00e7o dos nossos profissionais, especialmente neste cen\u00e1rio da pandemia do novo coronav\u00edrus (Covid-19). Aguardamos todos os m\u00e9dicos e m\u00e9dicas na nossa pr\u00f3xima AGE, dia 15 de dezembro, para dar continuidade ao nosso movimento pela valoriza\u00e7\u00e3o de todos&#8221;, destaca a presidente do Simepe, Claudia Beatriz Andrade.<\/p>\n<p>O vice-presidente, Walber Steffano, assinalou como positiva o resultado da reuni\u00e3o com os gestores das secretarias de Planejamento e Sa\u00fade da Prefeitura do Recife, que apresentaram propostas sobre a incorpora\u00e7\u00e3o da gratifica\u00e7\u00e3o de plant\u00e3o e da possibilidade do modelo da plurianualidade em rela\u00e7\u00e3o ao reajuste salarial. \u201cRegistramos na AGE a participa\u00e7\u00e3o cada vez maior dos m\u00e9dicos e m\u00e9dicas da PCR. Conversamos e aprovamos a continuidade da mesa de negocia\u00e7\u00e3o, atrav\u00e9s do modelo da plurianualidade e aguardamos com expectativa a proposta de reajuste salarial a ser apresentada pela gest\u00e3o do Recife, em reuni\u00e3o no dia 10\/12. Estamos otimistas e acreditamos no fechamento dessa negocia\u00e7\u00e3o\u201d, pontuou.<\/p>\n<p>Uma nova AGE ser\u00e1 realizada no pr\u00f3ximo dia 15\/12, \u00e0s 14h, no audit\u00f3rio do Simepe, para avalia\u00e7\u00e3o e defini\u00e7\u00e3o dos rumos do movimento.<\/p>\n<p>&nbsp;<\/p>\n","protected":false},"excerpt":{"rendered":"<p>&nbsp; O Sindicato dos M\u00e9dicos de Pernambuco (Simepe), representado pela presidente, Claudia Beatriz Andrade, o vice-presidente, Walber Steffano, al\u00e9m dos diretores Malu David, Fernando J\u00fanior e Rodrigo Rosas, reuniram-se em Assembleia Geral Extraordin\u00e1ria (AGE) na tarde desta quarta-feira (01), com os m\u00e9dicos da rede municipal de sa\u00fade do Recife. O advogado da Defensoria M\u00e9dica, Ricardo [&hellip;]<\/p>\n","protected":false},"author":2,"featured_media":62181,"comment_status":"open","ping_status":"open","sticky":false,"template":"","format":"standard","meta":{"ocean_post_layout":"","ocean_both_sidebars_style":"","ocean_both_sidebars_content_width":0,"ocean_both_sidebars_sidebars_width":0,"ocean_sidebar":"","ocean_second_sidebar":"","ocean_disable_margins":"enable","ocean_add_body_class":"","ocean_shortcode_before_top_bar":"","ocean_shortcode_after_top_bar":"","ocean_shortcode_before_header":"","ocean_shortcode_after_header":"","ocean_has_shortcode":"","ocean_shortcode_after_title":"","ocean_shortcode_before_footer_widgets":"","ocean_shortcode_after_footer_widgets":"","ocean_shortcode_before_footer_bottom":"","ocean_shortcode_after_footer_bottom":"","ocean_display_top_bar":"default","ocean_display_header":"default","ocean_header_style":"","ocean_center_header_left_menu":"","ocean_custom_header_template":"","ocean_custom_logo":0,"ocean_custom_retina_logo":0,"ocean_custom_logo_max_width":0,"ocean_custom_logo_tablet_max_width":0,"ocean_custom_logo_mobile_max_width":0,"ocean_custom_logo_max_height":0,"ocean_custom_logo_tablet_max_height":0,"ocean_custom_logo_mobile_max_height":0,"ocean_header_custom_menu":"","ocean_menu_typo_font_family":"","ocean_menu_typo_font_subset":"","ocean_menu_typo_font_size":0,"ocean_menu_typo_font_size_tablet":0,"ocean_menu_typo_font_size_mobile":0,"ocean_menu_typo_font_size_unit":"px","ocean_menu_typo_font_weight":"","ocean_menu_typo_font_weight_tablet":"","ocean_menu_typo_font_weight_mobile":"","ocean_menu_typo_transform":"","ocean_menu_typo_transform_tablet":"","ocean_menu_typo_transform_mobile":"","ocean_menu_typo_line_height":0,"ocean_menu_typo_line_height_tablet":0,"ocean_menu_typo_line_height_mobile":0,"ocean_menu_typo_line_height_unit":"","ocean_menu_typo_spacing":0,"ocean_menu_typo_spacing_tablet":0,"ocean_menu_typo_spacing_mobile":0,"ocean_menu_typo_spacing_unit":"","ocean_menu_link_color":"","ocean_menu_link_color_hover":"","ocean_menu_link_color_active":"","ocean_menu_link_background":"","ocean_menu_link_hover_background":"","ocean_menu_link_active_background":"","ocean_menu_social_links_bg":"","ocean_menu_social_hover_links_bg":"","ocean_menu_social_links_color":"","ocean_menu_social_hover_links_color":"","ocean_disable_title":"default","ocean_disable_heading":"default","ocean_post_title":"","ocean_post_subheading":"","ocean_post_title_style":"","ocean_post_title_background_color":"","ocean_post_title_background":0,"ocean_post_title_bg_image_position":"","ocean_post_title_bg_image_attachment":"","ocean_post_title_bg_image_repeat":"","ocean_post_title_bg_image_size":"","ocean_post_title_height":0,"ocean_post_title_bg_overlay":0.5,"ocean_post_title_bg_overlay_color":"","ocean_disable_breadcrumbs":"default","ocean_breadcrumbs_color":"","ocean_breadcrumbs_separator_color":"","ocean_breadcrumbs_links_color":"","ocean_breadcrumbs_links_hover_color":"","ocean_display_footer_widgets":"default","ocean_display_footer_bottom":"default","ocean_custom_footer_template":"","ocean_post_oembed":"","ocean_post_self_hosted_media":"","ocean_post_video_embed":"","ocean_link_format":"","ocean_link_format_target":"self","ocean_quote_format":"","ocean_quote_format_link":"post","ocean_gallery_link_images":"on","ocean_gallery_id":[]},"categories":[1],"tags":[],"acf":[],"_links":{"self":[{"href":"https:\/\/www.simepe.com.br\/novo\/wp-json\/wp\/v2\/posts\/62180"}],"collection":[{"href":"https:\/\/www.simepe.com.br\/novo\/wp-json\/wp\/v2\/posts"}],"about":[{"href":"https:\/\/www.simepe.com.br\/novo\/wp-json\/wp\/v2\/types\/post"}],"author":[{"embeddable":true,"href":"https:\/\/www.simepe.com.br\/novo\/wp-json\/wp\/v2\/users\/2"}],"replies":[{"embeddable":true,"href":"https:\/\/www.simepe.com.br\/novo\/wp-json\/wp\/v2\/comments?post=62180"}],"version-history":[{"count":1,"href":"https:\/\/www.simepe.com.br\/novo\/wp-json\/wp\/v2\/posts\/62180\/revisions"}],"predecessor-version":[{"id":62184,"href":"https:\/\/www.simepe.com.br\/novo\/wp-json\/wp\/v2\/posts\/62180\/revisions\/62184"}],"wp:featuredmedia":[{"embeddable":true,"href":"https:\/\/www.simepe.com.br\/novo\/wp-json\/wp\/v2\/media\/62181"}],"wp:attachment":[{"href":"https:\/\/www.simepe.com.br\/novo\/wp-json\/wp\/v2\/media?parent=62180"}],"wp:term":[{"taxonomy":"category","embeddable":true,"href":"https:\/\/www.simepe.com.br\/novo\/wp-json\/wp\/v2\/categories?post=62180"},{"taxonomy":"post_tag","embeddable":true,"href":"https:\/\/www.simepe.com.br\/novo\/wp-json\/wp\/v2\/tags?post=62180"}],"curies":[{"name":"wp","href":"https:\/\/api.w.org\/{rel}","templated":true}]}}