{"id":62185,"date":"2021-12-03T10:34:24","date_gmt":"2021-12-03T13:34:24","guid":{"rendered":"https:\/\/www.simepe.com.br\/novo\/?p=62185"},"modified":"2021-12-03T10:34:24","modified_gmt":"2021-12-03T13:34:24","slug":"variante-omicron-brasil-da-resposta-rapida-em-vigilancia-e-monitoramento-da-covid-19","status":"publish","type":"post","link":"https:\/\/www.simepe.com.br\/novo\/variante-omicron-brasil-da-resposta-rapida-em-vigilancia-e-monitoramento-da-covid-19\/","title":{"rendered":"Variante \u00d4micron: Brasil d\u00e1 resposta r\u00e1pida em vigil\u00e2ncia e monitoramento da Covid-19"},"content":{"rendered":"<p><em>Minist\u00e9rio da Sa\u00fade est\u00e1 atento e acompanha cen\u00e1rio epidemiol\u00f3gico.<\/em><\/p>\n<p>O Brasil segue dando respostas r\u00e1pidas \u00e0 popula\u00e7\u00e3o no monitoramento da pandemia de Covid-19. Logo nos primeiros ind\u00edcios sobre a chegada da \u00d4micron ao pa\u00eds, o Minist\u00e9rio da Sa\u00fade montou uma sala de situa\u00e7\u00e3o para monitorar o cen\u00e1rio epidemiol\u00f3gico da variante e avaliar os riscos para a ado\u00e7\u00e3o das medidas necess\u00e1rias. Nesta quinta-feira (2), o ministro da Sa\u00fade, Marcelo Queiroga, visitou as instala\u00e7\u00f5es, conversou com o secret\u00e1rio de Vigil\u00e2ncia em Sa\u00fade, Arnaldo Medeiros, t\u00e9cnicos e autoridades sanit\u00e1rias sobre as variantes do v\u00edrus, em especial a \u00d4micron.<\/p>\n<p>Queiroga refor\u00e7ou a atua\u00e7\u00e3o do Brasil na vigil\u00e2ncia e sequenciamento gen\u00e9tico do coronav\u00edrus. \u201cDigo e repito: a seguran\u00e7a da popula\u00e7\u00e3o brasileira \u00e9 o Sistema \u00danico de Sa\u00fade, o SUS. Pela sua log\u00edstica, ele tem que trabalhar de forma integrada com estados e munic\u00edpios. \u00c9 a for\u00e7a desse conjunto que vai dar o que a sociedade precisa. Neste momento, \u00e9 necess\u00e1rio que a popula\u00e7\u00e3o brasileira confie ainda mais nas autoridades sanit\u00e1rias\u201d, disse.<\/p>\n<p>O secret\u00e1rio de Vigil\u00e2ncia em Sa\u00fade, Arnaldo Medeiros, afirmou que o Minist\u00e9rio da Sa\u00fade continuar\u00e1 trabalhando para aumentar a cobertura vacinal, aplicar a dose de refor\u00e7o na popula\u00e7\u00e3o, refor\u00e7ar a vigil\u00e2ncia laboratorial e minimizar a dissemina\u00e7\u00e3o das variantes.<\/p>\n<p>\u201cN\u00f3s temos refor\u00e7ado cada vez mais o aumento da vigil\u00e2ncia gen\u00f4mica, que \u00e9 extremamente importante como instrumento para o monitoramento do padr\u00e3o da circula\u00e7\u00e3o das variantes. N\u00f3s j\u00e1 adquirimos sequenciadores gen\u00e9ticos para todos os estados do pa\u00eds. Esse \u00e9 um dos exemplos do esfor\u00e7o do nosso Minist\u00e9rio para aumentarmos a vigil\u00e2ncia gen\u00f4mica\u201d, afirmou.<\/p>\n<p>Para intensificar ainda mais a capacidade de realizar o exame de sequenciamento gen\u00e9tico, necess\u00e1rio para identificar a presen\u00e7a de variantes do v\u00edrus, o Minist\u00e9rio da Sa\u00fade refor\u00e7ou a estrutura dos Laborat\u00f3rios Centrais de Sa\u00fade P\u00fablica (Lacen) dos estados, que t\u00eam capacidade para analisar 10 mil amostras sequenciadas por m\u00eas.<\/p>\n<p>At\u00e9 o momento, a variante \u00d4micron j\u00e1 foi detectada em 26 pa\u00edses e totaliza 326 amostras positivas. Evid\u00eancias cient\u00edficas apontam que a variante possui um \u00edndice de transmissibilidade maior que as outras, mas n\u00e3o h\u00e1 estudos comprovados sobre a sua severidade. Al\u00e9m disso, o diagn\u00f3stico laboratorial da variante n\u00e3o foi comprometido. Isso significa dizer que as atuais tecnologias de testagem s\u00e3o suficientes para a sua detec\u00e7\u00e3o.<\/p>\n<p>Atualmente, cinco casos da variante \u00d4micron foram confirmados no Brasil, sendo tr\u00eas em S\u00e3o Paulo, dois no Distrito Federal. Oito casos est\u00e3o sob investiga\u00e7\u00e3o, sendo um em Minas Gerais, um no Rio de Janeiro e seis no Distrito Federal. Todos os pacientes seguem monitorados pelo Centro de Informa\u00e7\u00f5es Estrat\u00e9gicas em Vigil\u00e2ncia em Sa\u00fade (CIEVS) de cada estado.<\/p>\n<p>Segundo Queiroga, ainda que n\u00e3o haja evid\u00eancias cient\u00edficas sobre a resposta vacinal contra a nova variante, vacinar ainda \u00e9 a melhor sa\u00edda, uma vez que o Brasil registrou uma queda de 92,57% na m\u00e9dia de \u00f3bitos desde o pico da pandemia, registrado em 19 de abril. Nesta quinta, o Pa\u00eds chegou \u00e0 marca de 90% do p\u00fablico-alvo vacinado com a primeira dose da vacina Covid-19. Ao todo, 159,3 milh\u00f5es de brasileiros iniciaram o ciclo vacinal contra a doen\u00e7a e 79,03% completaram o esquema com as duas doses ou dose \u00fanica.<\/p>\n<p><strong>Sala de situa\u00e7\u00e3o<\/strong><\/p>\n<p>Os principais objetivos de uma sala de situa\u00e7\u00e3o s\u00e3o monitorar e adotar medidas de preven\u00e7\u00e3o e controle referente a variante; registrar casos suspeitos e confirmados; e monitorar a cobertura vacinal no mundo e no Brasil, para resposta r\u00e1pida e conten\u00e7\u00e3o da variante.<\/p>\n<p>A equipe formada pelo Minist\u00e9rio da Sa\u00fade para atuar na Sala de Situa\u00e7\u00e3o \u00e9 composta por t\u00e9cnicos da SVS, CGEMSP, Rede CIEVS, CGLAB, GT-Covid. Os t\u00e9cnicos e especialistas dos \u00f3rg\u00e3os far\u00e3o o acompanhamento di\u00e1rio e atuar\u00e3o em esquema de plant\u00e3o no monitoramento do cen\u00e1rio da nova variante. Ser\u00e3o divulgadas tabelas di\u00e1rias com dados mundiais e nacionais, evid\u00eancias sobre a gravidade da doen\u00e7a, transmissibilidade e reinfec\u00e7\u00e3o, dados referentes \u00e0 efic\u00e1cia das vacinas, testes laboratoriais e tratamentos atuais.<\/p>\n<p>Fonte: Minist\u00e9rio da Sa\u00fade<\/p>\n","protected":false},"excerpt":{"rendered":"<p>Minist\u00e9rio da Sa\u00fade est\u00e1 atento e acompanha cen\u00e1rio epidemiol\u00f3gico. O Brasil segue dando respostas r\u00e1pidas \u00e0 popula\u00e7\u00e3o no monitoramento da pandemia de Covid-19. Logo nos primeiros ind\u00edcios sobre a chegada da \u00d4micron ao pa\u00eds, o Minist\u00e9rio da Sa\u00fade montou uma sala de situa\u00e7\u00e3o para monitorar o cen\u00e1rio epidemiol\u00f3gico da variante e avaliar os riscos para [&hellip;]<\/p>\n","protected":false},"author":1,"featured_media":0,"comment_status":"open","ping_status":"open","sticky":false,"template":"","format":"standard","meta":{"ocean_post_layout":"","ocean_both_sidebars_style":"","ocean_both_sidebars_content_width":0,"ocean_both_sidebars_sidebars_width":0,"ocean_sidebar":"","ocean_second_sidebar":"","ocean_disable_margins":"enable","ocean_add_body_class":"","ocean_shortcode_before_top_bar":"","ocean_shortcode_after_top_bar":"","ocean_shortcode_before_header":"","ocean_shortcode_after_header":"","ocean_has_shortcode":"","ocean_shortcode_after_title":"","ocean_shortcode_before_footer_widgets":"","ocean_shortcode_after_footer_widgets":"","ocean_shortcode_before_footer_bottom":"","ocean_shortcode_after_footer_bottom":"","ocean_display_top_bar":"default","ocean_display_header":"default","ocean_header_style":"","ocean_center_header_left_menu":"","ocean_custom_header_template":"","ocean_custom_logo":0,"ocean_custom_retina_logo":0,"ocean_custom_logo_max_width":0,"ocean_custom_logo_tablet_max_width":0,"ocean_custom_logo_mobile_max_width":0,"ocean_custom_logo_max_height":0,"ocean_custom_logo_tablet_max_height":0,"ocean_custom_logo_mobile_max_height":0,"ocean_header_custom_menu":"","ocean_menu_typo_font_family":"","ocean_menu_typo_font_subset":"","ocean_menu_typo_font_size":0,"ocean_menu_typo_font_size_tablet":0,"ocean_menu_typo_font_size_mobile":0,"ocean_menu_typo_font_size_unit":"px","ocean_menu_typo_font_weight":"","ocean_menu_typo_font_weight_tablet":"","ocean_menu_typo_font_weight_mobile":"","ocean_menu_typo_transform":"","ocean_menu_typo_transform_tablet":"","ocean_menu_typo_transform_mobile":"","ocean_menu_typo_line_height":0,"ocean_menu_typo_line_height_tablet":0,"ocean_menu_typo_line_height_mobile":0,"ocean_menu_typo_line_height_unit":"","ocean_menu_typo_spacing":0,"ocean_menu_typo_spacing_tablet":0,"ocean_menu_typo_spacing_mobile":0,"ocean_menu_typo_spacing_unit":"","ocean_menu_link_color":"","ocean_menu_link_color_hover":"","ocean_menu_link_color_active":"","ocean_menu_link_background":"","ocean_menu_link_hover_background":"","ocean_menu_link_active_background":"","ocean_menu_social_links_bg":"","ocean_menu_social_hover_links_bg":"","ocean_menu_social_links_color":"","ocean_menu_social_hover_links_color":"","ocean_disable_title":"default","ocean_disable_heading":"default","ocean_post_title":"","ocean_post_subheading":"","ocean_post_title_style":"","ocean_post_title_background_color":"","ocean_post_title_background":0,"ocean_post_title_bg_image_position":"","ocean_post_title_bg_image_attachment":"","ocean_post_title_bg_image_repeat":"","ocean_post_title_bg_image_size":"","ocean_post_title_height":0,"ocean_post_title_bg_overlay":0.5,"ocean_post_title_bg_overlay_color":"","ocean_disable_breadcrumbs":"default","ocean_breadcrumbs_color":"","ocean_breadcrumbs_separator_color":"","ocean_breadcrumbs_links_color":"","ocean_breadcrumbs_links_hover_color":"","ocean_display_footer_widgets":"default","ocean_display_footer_bottom":"default","ocean_custom_footer_template":"","ocean_post_oembed":"","ocean_post_self_hosted_media":"","ocean_post_video_embed":"","ocean_link_format":"","ocean_link_format_target":"self","ocean_quote_format":"","ocean_quote_format_link":"post","ocean_gallery_link_images":"on","ocean_gallery_id":[]},"categories":[9],"tags":[],"acf":[],"_links":{"self":[{"href":"https:\/\/www.simepe.com.br\/novo\/wp-json\/wp\/v2\/posts\/62185"}],"collection":[{"href":"https:\/\/www.simepe.com.br\/novo\/wp-json\/wp\/v2\/posts"}],"about":[{"href":"https:\/\/www.simepe.com.br\/novo\/wp-json\/wp\/v2\/types\/post"}],"author":[{"embeddable":true,"href":"https:\/\/www.simepe.com.br\/novo\/wp-json\/wp\/v2\/users\/1"}],"replies":[{"embeddable":true,"href":"https:\/\/www.simepe.com.br\/novo\/wp-json\/wp\/v2\/comments?post=62185"}],"version-history":[{"count":1,"href":"https:\/\/www.simepe.com.br\/novo\/wp-json\/wp\/v2\/posts\/62185\/revisions"}],"predecessor-version":[{"id":62186,"href":"https:\/\/www.simepe.com.br\/novo\/wp-json\/wp\/v2\/posts\/62185\/revisions\/62186"}],"wp:attachment":[{"href":"https:\/\/www.simepe.com.br\/novo\/wp-json\/wp\/v2\/media?parent=62185"}],"wp:term":[{"taxonomy":"category","embeddable":true,"href":"https:\/\/www.simepe.com.br\/novo\/wp-json\/wp\/v2\/categories?post=62185"},{"taxonomy":"post_tag","embeddable":true,"href":"https:\/\/www.simepe.com.br\/novo\/wp-json\/wp\/v2\/tags?post=62185"}],"curies":[{"name":"wp","href":"https:\/\/api.w.org\/{rel}","templated":true}]}}