{"id":62208,"date":"2021-12-06T10:55:08","date_gmt":"2021-12-06T13:55:08","guid":{"rendered":"https:\/\/www.simepe.com.br\/novo\/?p=62208"},"modified":"2021-12-06T10:55:08","modified_gmt":"2021-12-06T13:55:08","slug":"falta-de-documentacao-afasta-parte-da-populacao-africana-da-vacinacao","status":"publish","type":"post","link":"https:\/\/www.simepe.com.br\/novo\/falta-de-documentacao-afasta-parte-da-populacao-africana-da-vacinacao\/","title":{"rendered":"Falta de documenta\u00e7\u00e3o afasta parte da popula\u00e7\u00e3o africana da vacina\u00e7\u00e3o"},"content":{"rendered":"<p><em>Alerta \u00e9 do estudo Covid-19 na \u00c1frica, da Funda\u00e7\u00e3o Mo Ibrahim.<\/em><\/p>\n<p>A insufici\u00eancia de\u00a0<a href=\"https:\/\/www.folhape.com.br\/noticia\/detalhe\/saiba-o-que-e-preciso-para-tirar-o-registro-civil-de-nascimento\/206681\/\">registros civis<\/a>\u00a0na<strong>\u00a0\u00c1frica\u00a0<\/strong>poder\u00e1 excluir milh\u00f5es de pessoas da\u00a0<strong>vacina\u00e7\u00e3o<\/strong>\u00a0contra a\u00a0<strong>Covid-19<\/strong>\u00a0por falta de acesso a documenta\u00e7\u00e3o e servi\u00e7os de sa\u00fade, indica estudo da Funda\u00e7\u00e3o Mo Ibrahim, que promove a qualidade da governan\u00e7a na regi\u00e3o.<img src=\"https:\/\/agenciabrasil.ebc.com.br\/ebc.png?id=1430499&amp;o=node\" \/><img src=\"https:\/\/agenciabrasil.ebc.com.br\/ebc.gif?id=1430499&amp;o=node\" \/><\/p>\n<p>Segundo o estudo &#8220;Covid-19 na \u00c1frica: um caminho dif\u00edcil para a recupera\u00e7\u00e3o&#8221;,\u00a0mais de\u00a0<strong>50%<\/strong>\u00a0das crian\u00e7as nascidas no continente\u00a0n\u00e3o t\u00eam exist\u00eancia legal por falta de registro, servi\u00e7o\u00a0que foi\u00a0prejudicado ou interrompido\u00a0durante a pandemia.<\/p>\n<p>Estimativas dos autores do estudo mostra que o n\u00famero ultrapassar\u00e1\u00a0<strong>100 milh\u00f5es de crian\u00e7as sem registro<\/strong>\u00a0at\u00e9\u00a0<strong>2030<\/strong>, se n\u00e3o houver investimento no setor.<\/p>\n<p>Atualmente,\u00a0o registro de nascimento \u00e9 gratuito em apenas quatro dos\u00a0<strong>24\u00a0<\/strong>pa\u00edses da \u00c1frica Ocidental e Central, e\u00a0os custos podem desincentivar o seu uso e prejudicar a campanha de vacina\u00e7\u00e3o.<\/p>\n<p>Sem registro civil, os cidad\u00e3os n\u00e3o t\u00eam documentos de identifica\u00e7\u00e3o, nem acesso aos servi\u00e7os de sa\u00fade p\u00fablicos, o que pode inviabilizar o acesso \u00e0 imuniza\u00e7\u00e3o.<\/p>\n<p>O trabalho\u00a0cita a Organiza\u00e7\u00e3o Mundial da\u00a0Sa\u00fade, que estima que o n\u00famero de casos de infec\u00e7\u00e3o e mortes associadas \u00e0\u00a0<strong>Covid-19<\/strong>\u00a0no continente est\u00e3o bastante acima do que \u00e9 notificado oficialmente.<\/p>\n<p>A insufici\u00eancia nos registros civis tem impacto nas medidas para controlar a pandemia ou avaliar os resultados, alertam\u00a0os autores.<\/p>\n<p>&#8220;Enquanto n\u00e3o houver dados relevantes e robustos, \u00e9 muito dif\u00edcil definir uma pol\u00edtica p\u00fablica e avaliar se ela est\u00e1 na dire\u00e7\u00e3o certa. \u00c9 por isso que criamos o \u00cdndice Ibrahim de Governan\u00e7a\u00a0Africana e temos defendido constantemente, no \u00faltimos dez\u00a0anos, o investimento nos sistemas de registo civil&#8221;, afirmou a diretora executiva da Funda\u00e7\u00e3o Mo Ibrahim, Nathalie Delapalme.<\/p>\n<p>Cabo Verde \u00e9 o pa\u00eds africano com melhor desempenho nessa \u00e1rea, tendo Mo\u00e7ambique, S\u00e3o Tom\u00e9 e Pr\u00edncipe, Guin\u00e9-Bissau, Angola e Guin\u00e9 Equatorial registrado melhorias desde 2010.<\/p>\n<p>Entre os desafios identificados no continente est\u00e3o cuidados de sa\u00fade mais acess\u00edveis, maior prepara\u00e7\u00e3o para futuras pandemias, investimento na educa\u00e7\u00e3o e sistemas de apoio social, combate \u00e0 discrimina\u00e7\u00e3o de g\u00eanero, promo\u00e7\u00e3o da liberdade de imprensa e do acesso \u00e0 internet, expans\u00e3o\u00a0das redes el\u00e9tricas e infraestrutura\u00a0de transporte.<\/p>\n<p>&#8220;O impacto da\u00a0<strong>Covid-19<\/strong>\u00a0trouxe \u00e0 tona um espectro de desafios complexos de governan\u00e7a\u00a0que as na\u00e7\u00f5es africanas enfrentam&#8221;, destacou\u00a0o presidente da funda\u00e7\u00e3o, o empres\u00e1rio e filantropo sudan\u00eas Mo Ibrahim, que espera que o estudo ajude pol\u00edticos, o setor privado e a sociedade civil a &#8220;colocar a \u00c1frica de volta no caminho da recupera\u00e7\u00e3o&#8221;.<\/p>\n<p>Fonte: Folha de Pernambuco<\/p>\n","protected":false},"excerpt":{"rendered":"<p>Alerta \u00e9 do estudo Covid-19 na \u00c1frica, da Funda\u00e7\u00e3o Mo Ibrahim. A insufici\u00eancia de\u00a0registros civis\u00a0na\u00a0\u00c1frica\u00a0poder\u00e1 excluir milh\u00f5es de pessoas da\u00a0vacina\u00e7\u00e3o\u00a0contra a\u00a0Covid-19\u00a0por falta de acesso a documenta\u00e7\u00e3o e servi\u00e7os de sa\u00fade, indica estudo da Funda\u00e7\u00e3o Mo Ibrahim, que promove a qualidade da governan\u00e7a na regi\u00e3o. Segundo o estudo &#8220;Covid-19 na \u00c1frica: um caminho dif\u00edcil para a [&hellip;]<\/p>\n","protected":false},"author":1,"featured_media":0,"comment_status":"open","ping_status":"open","sticky":false,"template":"","format":"standard","meta":{"ocean_post_layout":"","ocean_both_sidebars_style":"","ocean_both_sidebars_content_width":0,"ocean_both_sidebars_sidebars_width":0,"ocean_sidebar":"","ocean_second_sidebar":"","ocean_disable_margins":"enable","ocean_add_body_class":"","ocean_shortcode_before_top_bar":"","ocean_shortcode_after_top_bar":"","ocean_shortcode_before_header":"","ocean_shortcode_after_header":"","ocean_has_shortcode":"","ocean_shortcode_after_title":"","ocean_shortcode_before_footer_widgets":"","ocean_shortcode_after_footer_widgets":"","ocean_shortcode_before_footer_bottom":"","ocean_shortcode_after_footer_bottom":"","ocean_display_top_bar":"default","ocean_display_header":"default","ocean_header_style":"","ocean_center_header_left_menu":"","ocean_custom_header_template":"","ocean_custom_logo":0,"ocean_custom_retina_logo":0,"ocean_custom_logo_max_width":0,"ocean_custom_logo_tablet_max_width":0,"ocean_custom_logo_mobile_max_width":0,"ocean_custom_logo_max_height":0,"ocean_custom_logo_tablet_max_height":0,"ocean_custom_logo_mobile_max_height":0,"ocean_header_custom_menu":"","ocean_menu_typo_font_family":"","ocean_menu_typo_font_subset":"","ocean_menu_typo_font_size":0,"ocean_menu_typo_font_size_tablet":0,"ocean_menu_typo_font_size_mobile":0,"ocean_menu_typo_font_size_unit":"px","ocean_menu_typo_font_weight":"","ocean_menu_typo_font_weight_tablet":"","ocean_menu_typo_font_weight_mobile":"","ocean_menu_typo_transform":"","ocean_menu_typo_transform_tablet":"","ocean_menu_typo_transform_mobile":"","ocean_menu_typo_line_height":0,"ocean_menu_typo_line_height_tablet":0,"ocean_menu_typo_line_height_mobile":0,"ocean_menu_typo_line_height_unit":"","ocean_menu_typo_spacing":0,"ocean_menu_typo_spacing_tablet":0,"ocean_menu_typo_spacing_mobile":0,"ocean_menu_typo_spacing_unit":"","ocean_menu_link_color":"","ocean_menu_link_color_hover":"","ocean_menu_link_color_active":"","ocean_menu_link_background":"","ocean_menu_link_hover_background":"","ocean_menu_link_active_background":"","ocean_menu_social_links_bg":"","ocean_menu_social_hover_links_bg":"","ocean_menu_social_links_color":"","ocean_menu_social_hover_links_color":"","ocean_disable_title":"default","ocean_disable_heading":"default","ocean_post_title":"","ocean_post_subheading":"","ocean_post_title_style":"","ocean_post_title_background_color":"","ocean_post_title_background":0,"ocean_post_title_bg_image_position":"","ocean_post_title_bg_image_attachment":"","ocean_post_title_bg_image_repeat":"","ocean_post_title_bg_image_size":"","ocean_post_title_height":0,"ocean_post_title_bg_overlay":0.5,"ocean_post_title_bg_overlay_color":"","ocean_disable_breadcrumbs":"default","ocean_breadcrumbs_color":"","ocean_breadcrumbs_separator_color":"","ocean_breadcrumbs_links_color":"","ocean_breadcrumbs_links_hover_color":"","ocean_display_footer_widgets":"default","ocean_display_footer_bottom":"default","ocean_custom_footer_template":"","ocean_post_oembed":"","ocean_post_self_hosted_media":"","ocean_post_video_embed":"","ocean_link_format":"","ocean_link_format_target":"self","ocean_quote_format":"","ocean_quote_format_link":"post","ocean_gallery_link_images":"on","ocean_gallery_id":[]},"categories":[9],"tags":[],"acf":[],"_links":{"self":[{"href":"https:\/\/www.simepe.com.br\/novo\/wp-json\/wp\/v2\/posts\/62208"}],"collection":[{"href":"https:\/\/www.simepe.com.br\/novo\/wp-json\/wp\/v2\/posts"}],"about":[{"href":"https:\/\/www.simepe.com.br\/novo\/wp-json\/wp\/v2\/types\/post"}],"author":[{"embeddable":true,"href":"https:\/\/www.simepe.com.br\/novo\/wp-json\/wp\/v2\/users\/1"}],"replies":[{"embeddable":true,"href":"https:\/\/www.simepe.com.br\/novo\/wp-json\/wp\/v2\/comments?post=62208"}],"version-history":[{"count":1,"href":"https:\/\/www.simepe.com.br\/novo\/wp-json\/wp\/v2\/posts\/62208\/revisions"}],"predecessor-version":[{"id":62209,"href":"https:\/\/www.simepe.com.br\/novo\/wp-json\/wp\/v2\/posts\/62208\/revisions\/62209"}],"wp:attachment":[{"href":"https:\/\/www.simepe.com.br\/novo\/wp-json\/wp\/v2\/media?parent=62208"}],"wp:term":[{"taxonomy":"category","embeddable":true,"href":"https:\/\/www.simepe.com.br\/novo\/wp-json\/wp\/v2\/categories?post=62208"},{"taxonomy":"post_tag","embeddable":true,"href":"https:\/\/www.simepe.com.br\/novo\/wp-json\/wp\/v2\/tags?post=62208"}],"curies":[{"name":"wp","href":"https:\/\/api.w.org\/{rel}","templated":true}]}}