{"id":62210,"date":"2021-12-06T11:02:50","date_gmt":"2021-12-06T14:02:50","guid":{"rendered":"https:\/\/www.simepe.com.br\/novo\/?p=62210"},"modified":"2021-12-06T11:02:50","modified_gmt":"2021-12-06T14:02:50","slug":"recife-vacina-contra-covid-19-sem-agendamento-em-16-comunidades-esta-semana-veja-pontos","status":"publish","type":"post","link":"https:\/\/www.simepe.com.br\/novo\/recife-vacina-contra-covid-19-sem-agendamento-em-16-comunidades-esta-semana-veja-pontos\/","title":{"rendered":"Recife vacina contra Covid-19 sem agendamento em 16 comunidades esta semana; veja pontos"},"content":{"rendered":"<p>Dezesseis comunidades do\u00a0<strong>Recife<\/strong>\u00a0recebem, ao longo desta semana, entre segunda-feira (6) e sexta-feira (10), a a\u00e7\u00e3o de vacina\u00e7\u00e3o contra a Covid-19 itinerante da prefeitura da cidade.<\/p>\n<p>N\u00e3o haver\u00e1 a\u00e7\u00e3o na quarta-feira (8), por causa do feriado municipal de\u00a0<a href=\"https:\/\/www.folhape.com.br\/noticias\/fieis-sobem-ao-morro-para-prestar-homenagens-a-nossa-senhora-da\/207593\/\" target=\"_blank\" rel=\"noopener\"><strong>Nossa Senhora da Concei\u00e7\u00e3o<\/strong><\/a>, padroeira afetiva da capital pernambucana. Durante a semana, tamb\u00e9m haver\u00e1\u00a0<a href=\"https:\/\/www.folhape.com.br\/noticias\/testagem-para-detectar-covid-19-acontece-em-dez-locais-do-recife-esta\/208257\/\" target=\"_blank\" rel=\"noopener\"><strong>testagem para Covid-19 em pontos do Recife<\/strong><\/a>.<\/p>\n<p>Os pontos\u00a0<em><strong>[veja lista completa abaixo] a<\/strong><\/em>plicam as doses na popula\u00e7\u00e3o sem agendamento das 8h \u00e0s 12h.<\/p>\n<p>Os profissionais da Secretaria de Sa\u00fade do Recife (Sesau) realizar\u00e3o busca ativa dos moradores que est\u00e3o dentro do perfil para receber a primeira dose da vacina ou ainda aqueles que est\u00e3o no prazo para segunda dose, em atraso ou que j\u00e1 podem receber a dose de refor\u00e7o.<\/p>\n<p>Desde agosto, quando teve in\u00edcio a a\u00e7\u00e3o, a Secretaria de Sa\u00fade do munic\u00edpio aplicou 38 mil doses dos imunizantes em 121 localidades.<\/p>\n<p>As localidades v\u00eam sendo escolhidas a partir de crit\u00e9rios de ocupa\u00e7\u00e3o, vulnerabilidade e dificuldade de acesso. Durante as atividades, as equipes da Sesau fazem o cadastro das pessoas no Conecta Recife e realizam a aplica\u00e7\u00e3o da dose na mesma hora, sem necessidade de agendamento.<\/p>\n<p><strong>O que levar?<\/strong><\/p>\n<p>Para receber a vacina, os moradores devem apresentar documento de identidade com foto, comprovante de resid\u00eancia.<\/p>\n<p>Aqueles que n\u00e3o tiverem comprovante de resid\u00eancia ou de domic\u00edlio eleitoral, poder\u00e3o utilizar uma autodeclara\u00e7\u00e3o de resid\u00eancia, que foi elaborada especificamente para esta a\u00e7\u00e3o.<\/p>\n<p><strong>Locais de vacina\u00e7\u00e3o<\/strong><\/p>\n<p><strong>Segunda-feira (6)<\/strong><\/p>\n<p>&#8211; Ch\u00e3o de Estrelas: Centro Educacional Comunit\u00e1rio Reden\u00e7\u00e3o &#8211; Rua Jo\u00e3o Praxedes Oliveira Filho, 25, Ch\u00e3o de Estrelas (manh\u00e3)<\/p>\n<p>&#8211; Bomba do Hemet\u00e9rio: Escola de Samba Gigantes do Samba &#8211; Rua das Crian\u00e7as, 63, Bomba do Hemet\u00e9rio (tarde)<\/p>\n<p>&#8211; Comunidade do Jockey: Rua Melu, 127, Prado (ponto de refer\u00eancia: pr\u00f3ximo ao Jockey Clube) (manh\u00e3)<\/p>\n<p>&#8211; Comunidade Sede Amigos da Barriguda &#8211; Rua Jupia\u00e7ara, 30, Mangueira 1 (manh\u00e3)<\/p>\n<p>&#8211; Igreja Presbiteriana Nossa Casa: Rua Rio Azul, 166 &#8211; Boa Viagem (manh\u00e3 e tarde)<\/p>\n<p><strong>Ter\u00e7a-feira (7)<\/strong><\/p>\n<p>&#8211; \u00a0Comunidade do Papel\u00e3o: Avenida Rio Capibaribe, S\u00e3o Jos\u00e9 (ponto de refer\u00eancia: por tr\u00e1s da Esta\u00e7\u00e3o Central do metr\u00f4)<\/p>\n<p>&#8211; \u00a0Arruda: Rua Ramiz Galv\u00e3o, 51, Arruda (manh\u00e3)<\/p>\n<p>&#8211; Assist\u00eancia Comunit\u00e1ria O Plebeu: Rua da Constan\u00e7a, 288, Campina do Barreto (tarde)<\/p>\n<p>&#8211; Comunidade Roda de Fogo: Avenida Bicenten\u00e1rio, s\/n, Torr\u00f5es (ponto de refer\u00eancia: pr\u00f3ximo ao terminal de \u00f4nibus) (manh\u00e3 e tarde)<\/p>\n<p>&#8211; Conjunto Habitacional Josu\u00e9 Pinto: Avenida Otac\u00edlio de Azevedo, 730, Nova Descoberta (manh\u00e3)<\/p>\n<p>&#8211; \u00a0Associa\u00e7\u00e3o Espa\u00e7o Esperan\u00e7a M\u00e3os que Criam, Rua Bambulu\u00e1, 972, Ibura (manh\u00e3)<\/p>\n<p><strong>Quinta-feira (9)<\/strong><\/p>\n<p>&#8211; Centro de Educa\u00e7\u00e3o Comunit\u00e1ria Gabriela Feliz: Rua Doutor Ant\u00f4nio Hermenegildo de Castro Neto, 23, Caxang\u00e1 (manh\u00e3)<\/p>\n<p>&#8211; Centro de Abastecimento e Log\u00edstica (Ceasa): UBT Ceasa, BR 101, Girador do Curado (manh\u00e3)<\/p>\n<p>&#8211; Associa\u00e7\u00e3o Asa Branca: Primeira Travessa da Avenida Doutor Benigno Jord\u00e3o de Vasconcelos, 41, Cohab (ponto de refer\u00eancia: pr\u00f3ximo \u00e0 UPA da Lagoa Encantada) (manh\u00e3 e tarde)<\/p>\n<p><strong>Sexta-feira (10)<\/strong><\/p>\n<p>&#8211; Capela de S\u00e3o Francisco: Rua da Capela, 31, Jardim S\u00e3o Paulo (manh\u00e3)<\/p>\n<p>&#8211; Conselho de Moradores do Jardim Monte Verde: Avenida Chapada do Araripe, 116, Monte Verde, Cohab (manh\u00e3)<\/p>\n<p>Fonte: Folha de Pernambuco<\/p>\n","protected":false},"excerpt":{"rendered":"<p>Dezesseis comunidades do\u00a0Recife\u00a0recebem, ao longo desta semana, entre segunda-feira (6) e sexta-feira (10), a a\u00e7\u00e3o de vacina\u00e7\u00e3o contra a Covid-19 itinerante da prefeitura da cidade. N\u00e3o haver\u00e1 a\u00e7\u00e3o na quarta-feira (8), por causa do feriado municipal de\u00a0Nossa Senhora da Concei\u00e7\u00e3o, padroeira afetiva da capital pernambucana. Durante a semana, tamb\u00e9m haver\u00e1\u00a0testagem para Covid-19 em pontos do [&hellip;]<\/p>\n","protected":false},"author":1,"featured_media":0,"comment_status":"open","ping_status":"open","sticky":false,"template":"","format":"standard","meta":{"ocean_post_layout":"","ocean_both_sidebars_style":"","ocean_both_sidebars_content_width":0,"ocean_both_sidebars_sidebars_width":0,"ocean_sidebar":"","ocean_second_sidebar":"","ocean_disable_margins":"enable","ocean_add_body_class":"","ocean_shortcode_before_top_bar":"","ocean_shortcode_after_top_bar":"","ocean_shortcode_before_header":"","ocean_shortcode_after_header":"","ocean_has_shortcode":"","ocean_shortcode_after_title":"","ocean_shortcode_before_footer_widgets":"","ocean_shortcode_after_footer_widgets":"","ocean_shortcode_before_footer_bottom":"","ocean_shortcode_after_footer_bottom":"","ocean_display_top_bar":"default","ocean_display_header":"default","ocean_header_style":"","ocean_center_header_left_menu":"","ocean_custom_header_template":"","ocean_custom_logo":0,"ocean_custom_retina_logo":0,"ocean_custom_logo_max_width":0,"ocean_custom_logo_tablet_max_width":0,"ocean_custom_logo_mobile_max_width":0,"ocean_custom_logo_max_height":0,"ocean_custom_logo_tablet_max_height":0,"ocean_custom_logo_mobile_max_height":0,"ocean_header_custom_menu":"","ocean_menu_typo_font_family":"","ocean_menu_typo_font_subset":"","ocean_menu_typo_font_size":0,"ocean_menu_typo_font_size_tablet":0,"ocean_menu_typo_font_size_mobile":0,"ocean_menu_typo_font_size_unit":"px","ocean_menu_typo_font_weight":"","ocean_menu_typo_font_weight_tablet":"","ocean_menu_typo_font_weight_mobile":"","ocean_menu_typo_transform":"","ocean_menu_typo_transform_tablet":"","ocean_menu_typo_transform_mobile":"","ocean_menu_typo_line_height":0,"ocean_menu_typo_line_height_tablet":0,"ocean_menu_typo_line_height_mobile":0,"ocean_menu_typo_line_height_unit":"","ocean_menu_typo_spacing":0,"ocean_menu_typo_spacing_tablet":0,"ocean_menu_typo_spacing_mobile":0,"ocean_menu_typo_spacing_unit":"","ocean_menu_link_color":"","ocean_menu_link_color_hover":"","ocean_menu_link_color_active":"","ocean_menu_link_background":"","ocean_menu_link_hover_background":"","ocean_menu_link_active_background":"","ocean_menu_social_links_bg":"","ocean_menu_social_hover_links_bg":"","ocean_menu_social_links_color":"","ocean_menu_social_hover_links_color":"","ocean_disable_title":"default","ocean_disable_heading":"default","ocean_post_title":"","ocean_post_subheading":"","ocean_post_title_style":"","ocean_post_title_background_color":"","ocean_post_title_background":0,"ocean_post_title_bg_image_position":"","ocean_post_title_bg_image_attachment":"","ocean_post_title_bg_image_repeat":"","ocean_post_title_bg_image_size":"","ocean_post_title_height":0,"ocean_post_title_bg_overlay":0.5,"ocean_post_title_bg_overlay_color":"","ocean_disable_breadcrumbs":"default","ocean_breadcrumbs_color":"","ocean_breadcrumbs_separator_color":"","ocean_breadcrumbs_links_color":"","ocean_breadcrumbs_links_hover_color":"","ocean_display_footer_widgets":"default","ocean_display_footer_bottom":"default","ocean_custom_footer_template":"","ocean_post_oembed":"","ocean_post_self_hosted_media":"","ocean_post_video_embed":"","ocean_link_format":"","ocean_link_format_target":"self","ocean_quote_format":"","ocean_quote_format_link":"post","ocean_gallery_link_images":"on","ocean_gallery_id":[]},"categories":[9],"tags":[],"acf":[],"_links":{"self":[{"href":"https:\/\/www.simepe.com.br\/novo\/wp-json\/wp\/v2\/posts\/62210"}],"collection":[{"href":"https:\/\/www.simepe.com.br\/novo\/wp-json\/wp\/v2\/posts"}],"about":[{"href":"https:\/\/www.simepe.com.br\/novo\/wp-json\/wp\/v2\/types\/post"}],"author":[{"embeddable":true,"href":"https:\/\/www.simepe.com.br\/novo\/wp-json\/wp\/v2\/users\/1"}],"replies":[{"embeddable":true,"href":"https:\/\/www.simepe.com.br\/novo\/wp-json\/wp\/v2\/comments?post=62210"}],"version-history":[{"count":1,"href":"https:\/\/www.simepe.com.br\/novo\/wp-json\/wp\/v2\/posts\/62210\/revisions"}],"predecessor-version":[{"id":62211,"href":"https:\/\/www.simepe.com.br\/novo\/wp-json\/wp\/v2\/posts\/62210\/revisions\/62211"}],"wp:attachment":[{"href":"https:\/\/www.simepe.com.br\/novo\/wp-json\/wp\/v2\/media?parent=62210"}],"wp:term":[{"taxonomy":"category","embeddable":true,"href":"https:\/\/www.simepe.com.br\/novo\/wp-json\/wp\/v2\/categories?post=62210"},{"taxonomy":"post_tag","embeddable":true,"href":"https:\/\/www.simepe.com.br\/novo\/wp-json\/wp\/v2\/tags?post=62210"}],"curies":[{"name":"wp","href":"https:\/\/api.w.org\/{rel}","templated":true}]}}