{"id":62250,"date":"2021-12-13T11:53:47","date_gmt":"2021-12-13T14:53:47","guid":{"rendered":"https:\/\/www.simepe.com.br\/novo\/?p=62250"},"modified":"2021-12-20T15:25:33","modified_gmt":"2021-12-20T18:25:33","slug":"atencao-medico-12-12-2021","status":"publish","type":"post","link":"https:\/\/www.simepe.com.br\/novo\/atencao-medico-12-12-2021\/","title":{"rendered":"Aten\u00e7\u00e3o M\u00e9dico &#8211; 12.12.2021"},"content":{"rendered":"<h3>*Simepe e gestores da PCR debatem sobre reajuste salarial*<\/h3>\n<div class=\"adn ads\" data-message-id=\"#msg-a:r-5878096298577021119\" data-legacy-message-id=\"17db444e64b8099b\">\n<div class=\"gs\">\n<div class=\"\">\n<div id=\":op\" class=\"ii gt\">\n<div id=\":oo\" class=\"a3s aiL \">\n<div dir=\"auto\">\n<div dir=\"auto\">O Sindicato dos M\u00e9dicos de Pernambuco (Simepe), em continua\u00e7\u00e3o a mesa de negocia\u00e7\u00e3o da Prefeitura do Recife, reuniu-se na tarde desta sexta-feira (10), com gestores das Secretarias de Planejamento e Gest\u00e3o (SEPLAG), da Sa\u00fade, al\u00e9m da Secretaria Executiva de Gest\u00e3o do Trabalho e Educa\u00e7\u00e3o na Sa\u00fade (SEGTES). A reuni\u00e3o aconteceu no pr\u00e9dio-sede da PCR. O Sindicato, esteve representado pela presidente Claudia Beatriz, o vice-presidente Walber Steffano, o secret\u00e1rio-geral e vereador do Recife, Tadeu Calheiros, bem como pelo diretor administrativo e financeiro M\u00e1rio Jorge Lobo e o diretor Fernando J\u00fanior. O advogado da Defensoria M\u00e9dica, Ricardo Santos, tamb\u00e9m esteve presente. Por mais de quatro horas, a t\u00f4nica do encontro abordou quest\u00f5es importantes sobre o reajuste da campanha salarial deste ano. Uma nova AGE dos m\u00e9dicos da rede municipal do Recife ser\u00e1 realizada no pr\u00f3ximo dia 15\/12, \u00e0s 14h, no audit\u00f3rio do Simepe, para avalia\u00e7\u00e3o e defini\u00e7\u00e3o dos rumos do movimento.<\/div>\n<h3 dir=\"auto\">*Residentes de psiquiatria de Caruaru denunciam descaso e falta de preceptoria*<\/h3>\n<div dir=\"auto\">O Simepe recebeu uma s\u00e9rie de den\u00fancias sobre irregularidades no Programa de Resid\u00eancia M\u00e9dica em Psiquiatria de Caruaru, coordenado pela Comiss\u00e3o de Resid\u00eancia M\u00e9dica do N\u00facleo Ci\u00eancias da Vida, Campus Agreste, da Universidade Federal de Pernambuco (UFPE). Reunidos na noite da \u00faltima ter\u00e7a-feira (07), os diretores do Simepe, Ana Carolina Tabosa, Marcilio Oliveira e Robson Miranda, al\u00e9m do advogado da Defensoria M\u00e9dica, Ricardo Santos, dialogaram com os profissionais sobre as reivindica\u00e7\u00f5es em quest\u00e3o. Os residentes de psiquiatria do primeiro, segundo e terceiro anos informaram que n\u00e3o est\u00e3o tendo preceptoria presencial em tempo integral h\u00e1 meses nos Centros de Aten\u00e7\u00e3o Psicossocial (CAPS) Transtorno, AD e AME Infantil, e, consequentemente, n\u00e3o est\u00e3o tendo supervis\u00e3o durante os atendimentos de casos de urg\u00eancias e emerg\u00eancias. Diante dos problemas e preocupados com o comprometimento do ensino, o Simepe enviou of\u00edcio para a Secretaria de Sa\u00fade de Caruaru, Comiss\u00e3o de Resid\u00eancia M\u00e9dica (Coreme) e Comiss\u00e3o Estadual de Resid\u00eancia M\u00e9dica (Cerem) solicitando a recomposi\u00e7\u00e3o do quadro de psiquiatras, O Simepe segue atento e na luta para que as irregularidades sejam solucionadas, promovendo o devido campo de estudo para os residentes, al\u00e9m da assist\u00eancia adequada para a popula\u00e7\u00e3o.<\/div>\n<h3 dir=\"auto\">*Sindicato e m\u00e9dicos da Aten\u00e7\u00e3o B\u00e1sica de Caruaru retomam movimento de valoriza\u00e7\u00e3o*<\/h3>\n<div dir=\"auto\">Representantes da Regional de Caruaru, Ana Carolina Tabosa, e Robson Miranda reuniram-se, atrav\u00e9s de v\u00eddeo confer\u00eancia, na quarta-feira passada (08), com os m\u00e9dicos vinculados \u00e0 Aten\u00e7\u00e3o B\u00e1sica da Rede Municipal de Sa\u00fade de Caruaru. Na ocasi\u00e3o, os profissionais relataram quest\u00f5es e demandas da categoria, com a finalidade de elaborar uma pauta de reivindica\u00e7\u00f5es conjunta, com os profissionais que est\u00e3o vinculados \u00e0 Aten\u00e7\u00e3o Especializada Municipal. Os m\u00e9dicos debateram sobre as condi\u00e7\u00f5es de trabalho e de atendimento nas Unidades de Sa\u00fade da Fam\u00edlia, reajuste salarial, descontos da gratifica\u00e7\u00e3o durante o gozo de f\u00e9rias e por motivo de doen\u00e7a, entre outras quest\u00f5es importantes, que ser\u00e3o levadas \u00e0 Mesa de Negocia\u00e7\u00e3o da Secretaria de Sa\u00fade de Caruaru. O Sindicato acentua\u00a0 que continuar\u00e1 firme na luta, em busca de respostas e solu\u00e7\u00f5es da Prefeitura de Caruaru, com o objetivo\u00a0 de assegurar as condi\u00e7\u00f5es adequadas de trabalho, valoriza\u00e7\u00e3o e qualidade da assist\u00eancia \u00e0 popula\u00e7\u00e3o.<\/div>\n<h3 dir=\"auto\">*Entidades m\u00e9dicas discutem reivindica\u00e7\u00f5es dos m\u00e9dicos dos hospitais Ulysses Pernambucano e Restaura\u00e7\u00e3o*<\/h3>\n<div dir=\"auto\">O vice-presidente do Simepe, Walber Steffano, o presidente e o vice-presidente do Cremepe, Maur\u00edcio Matos e M\u00e1rio Jorge Lobo, reuniram-se, quinta-feira (09), com o secret\u00e1rio estadual de sa\u00fade, Andr\u00e9 Longo, a secret\u00e1ria executiva de aten\u00e7\u00e3o \u00e0 sa\u00fade da Secretaria Estadual de Sa\u00fade (SES), Cristina Mota, e sua equipe, no Bongi. O encontro teve como objetivo discutir sobre as condi\u00e7\u00f5es de trabalho dos profissionais m\u00e9dicos nos hospitais Ulysses Pernambucano (HUP) e Restaura\u00e7\u00e3o (HR). Os representantes apresentaram \u00e0 SES os pleitos dos m\u00e9dicos que atuam no hospital psiqui\u00e1trico Ulysses Pernambucano, no bairro da Tamarineira, que relataram condi\u00e7\u00f5es estruturais prec\u00e1rias na unidade. O secret\u00e1rio Andr\u00e9 Longo corrobora com a necessidade de melhorias no Ulysses Pernambucano e se compromete em sanar todos os problemas pautados para atender as reivindica\u00e7\u00f5es dos profissionais m\u00e9dicos e do Simepe. Diante do problema, a SES vai apresentar ao Sindicato e a representantes m\u00e9dicos da unidade, no pr\u00f3ximo dia 23 de dezembro, um planejamento estrat\u00e9gico emergencial para melhorar o cen\u00e1rio atual no HR, reduzindo o fluxo de atendimentos e garantindo a melhor assist\u00eancia aos pacientes.<\/div>\n<h3 dir=\"auto\">*Simepe recebe medalha de reconhecimento da Alepe*<\/h3>\n<div dir=\"auto\">O Simepe, representado pela presidente Claudia Beatriz, pelo secret\u00e1rio-geral e vereador do Recife, Tadeu Calheiros, e o diretor Eraldo Arraes de Lavor, participaram na noite ter\u00e7a-feira passada (7) de Reuni\u00e3o Solene na Assembleia Legislativa (Alepe), que homenageou os profissionais de sa\u00fade que trabalharam ou seguem atuando no enfrentamento \u00e0 pandemia da Covid-19 em Pernambuco. Solicitada pelo presidente da Casa, deputado Eriberto Medeiros, a reuni\u00e3o contou com a presen\u00e7a de representantes de entidades profissionais diretamente envolvidas no trabalho de cuidado, apoio e prote\u00e7\u00e3o \u00e0 popula\u00e7\u00e3o. Na ocasi\u00e3o, a presidente do Simepe, Claudia Beatriz, afirmou que m\u00e9dicos e m\u00e9dicas se doaram e venceram desafios ao longo de um ano e oito meses de trabalho, superando medos em prol da assist\u00eancia da sa\u00fade da popula\u00e7\u00e3o. Antes do encerramento da solenidade, ,a Alepe entregou placas de reconhecimento da\u00a0 Secretaria Estadual de Sa\u00fade (SES), do Simepe, Cremepe, Coren, Seepe e do\u00a0 Sindhospe.<\/div>\n<\/div>\n<div class=\"yj6qo\"><\/div>\n<div class=\"adL\"><\/div>\n<\/div>\n<\/div>\n<div class=\"hi\"><\/div>\n<\/div>\n<\/div>\n<div class=\"ajx\"><\/div>\n<\/div>\n<div class=\"gA gt acV\">\n<div class=\"gB xu\">\n<div class=\"ip iq\"><\/div>\n<\/div>\n<\/div>\n<h1><\/h1>\n<h1><\/h1>\n<h1><\/h1>\n<h1><\/h1>\n<h1><\/h1>\n","protected":false},"excerpt":{"rendered":"<p>*Simepe e gestores da PCR debatem sobre reajuste salarial* O Sindicato dos M\u00e9dicos de Pernambuco (Simepe), em continua\u00e7\u00e3o a mesa de negocia\u00e7\u00e3o da Prefeitura do Recife, reuniu-se na tarde desta sexta-feira (10), com gestores das Secretarias de Planejamento e Gest\u00e3o (SEPLAG), da Sa\u00fade, al\u00e9m da Secretaria Executiva de Gest\u00e3o do Trabalho e Educa\u00e7\u00e3o na Sa\u00fade [&hellip;]<\/p>\n","protected":false},"author":2,"featured_media":0,"comment_status":"open","ping_status":"open","sticky":false,"template":"","format":"standard","meta":{"ocean_post_layout":"","ocean_both_sidebars_style":"","ocean_both_sidebars_content_width":0,"ocean_both_sidebars_sidebars_width":0,"ocean_sidebar":"","ocean_second_sidebar":"","ocean_disable_margins":"enable","ocean_add_body_class":"","ocean_shortcode_before_top_bar":"","ocean_shortcode_after_top_bar":"","ocean_shortcode_before_header":"","ocean_shortcode_after_header":"","ocean_has_shortcode":"","ocean_shortcode_after_title":"","ocean_shortcode_before_footer_widgets":"","ocean_shortcode_after_footer_widgets":"","ocean_shortcode_before_footer_bottom":"","ocean_shortcode_after_footer_bottom":"","ocean_display_top_bar":"default","ocean_display_header":"default","ocean_header_style":"","ocean_center_header_left_menu":"","ocean_custom_header_template":"","ocean_custom_logo":0,"ocean_custom_retina_logo":0,"ocean_custom_logo_max_width":0,"ocean_custom_logo_tablet_max_width":0,"ocean_custom_logo_mobile_max_width":0,"ocean_custom_logo_max_height":0,"ocean_custom_logo_tablet_max_height":0,"ocean_custom_logo_mobile_max_height":0,"ocean_header_custom_menu":"","ocean_menu_typo_font_family":"","ocean_menu_typo_font_subset":"","ocean_menu_typo_font_size":0,"ocean_menu_typo_font_size_tablet":0,"ocean_menu_typo_font_size_mobile":0,"ocean_menu_typo_font_size_unit":"px","ocean_menu_typo_font_weight":"","ocean_menu_typo_font_weight_tablet":"","ocean_menu_typo_font_weight_mobile":"","ocean_menu_typo_transform":"","ocean_menu_typo_transform_tablet":"","ocean_menu_typo_transform_mobile":"","ocean_menu_typo_line_height":0,"ocean_menu_typo_line_height_tablet":0,"ocean_menu_typo_line_height_mobile":0,"ocean_menu_typo_line_height_unit":"","ocean_menu_typo_spacing":0,"ocean_menu_typo_spacing_tablet":0,"ocean_menu_typo_spacing_mobile":0,"ocean_menu_typo_spacing_unit":"","ocean_menu_link_color":"","ocean_menu_link_color_hover":"","ocean_menu_link_color_active":"","ocean_menu_link_background":"","ocean_menu_link_hover_background":"","ocean_menu_link_active_background":"","ocean_menu_social_links_bg":"","ocean_menu_social_hover_links_bg":"","ocean_menu_social_links_color":"","ocean_menu_social_hover_links_color":"","ocean_disable_title":"default","ocean_disable_heading":"default","ocean_post_title":"","ocean_post_subheading":"","ocean_post_title_style":"","ocean_post_title_background_color":"","ocean_post_title_background":0,"ocean_post_title_bg_image_position":"","ocean_post_title_bg_image_attachment":"","ocean_post_title_bg_image_repeat":"","ocean_post_title_bg_image_size":"","ocean_post_title_height":0,"ocean_post_title_bg_overlay":0.5,"ocean_post_title_bg_overlay_color":"","ocean_disable_breadcrumbs":"default","ocean_breadcrumbs_color":"","ocean_breadcrumbs_separator_color":"","ocean_breadcrumbs_links_color":"","ocean_breadcrumbs_links_hover_color":"","ocean_display_footer_widgets":"default","ocean_display_footer_bottom":"default","ocean_custom_footer_template":"","ocean_post_oembed":"","ocean_post_self_hosted_media":"","ocean_post_video_embed":"","ocean_link_format":"","ocean_link_format_target":"self","ocean_quote_format":"","ocean_quote_format_link":"post","ocean_gallery_link_images":"on","ocean_gallery_id":[]},"categories":[1],"tags":[],"acf":[],"_links":{"self":[{"href":"https:\/\/www.simepe.com.br\/novo\/wp-json\/wp\/v2\/posts\/62250"}],"collection":[{"href":"https:\/\/www.simepe.com.br\/novo\/wp-json\/wp\/v2\/posts"}],"about":[{"href":"https:\/\/www.simepe.com.br\/novo\/wp-json\/wp\/v2\/types\/post"}],"author":[{"embeddable":true,"href":"https:\/\/www.simepe.com.br\/novo\/wp-json\/wp\/v2\/users\/2"}],"replies":[{"embeddable":true,"href":"https:\/\/www.simepe.com.br\/novo\/wp-json\/wp\/v2\/comments?post=62250"}],"version-history":[{"count":1,"href":"https:\/\/www.simepe.com.br\/novo\/wp-json\/wp\/v2\/posts\/62250\/revisions"}],"predecessor-version":[{"id":62251,"href":"https:\/\/www.simepe.com.br\/novo\/wp-json\/wp\/v2\/posts\/62250\/revisions\/62251"}],"wp:attachment":[{"href":"https:\/\/www.simepe.com.br\/novo\/wp-json\/wp\/v2\/media?parent=62250"}],"wp:term":[{"taxonomy":"category","embeddable":true,"href":"https:\/\/www.simepe.com.br\/novo\/wp-json\/wp\/v2\/categories?post=62250"},{"taxonomy":"post_tag","embeddable":true,"href":"https:\/\/www.simepe.com.br\/novo\/wp-json\/wp\/v2\/tags?post=62250"}],"curies":[{"name":"wp","href":"https:\/\/api.w.org\/{rel}","templated":true}]}}