{"id":62265,"date":"2021-12-15T14:12:17","date_gmt":"2021-12-15T17:12:17","guid":{"rendered":"https:\/\/www.simepe.com.br\/novo\/?p=62265"},"modified":"2021-12-20T13:07:25","modified_gmt":"2021-12-20T16:07:25","slug":"simepe-participa-do-lancamento-do-programa-vacina-mais-pernambuco","status":"publish","type":"post","link":"https:\/\/www.simepe.com.br\/novo\/simepe-participa-do-lancamento-do-programa-vacina-mais-pernambuco\/","title":{"rendered":"Simepe participa do lan\u00e7amento do Programa Vacina Mais Pernambuco"},"content":{"rendered":"<div><\/div>\n<div><\/div>\n<div><\/div>\n<div>A presidente do Sindicato dos M\u00e9dicos de Pernambuco (Simepe) Claudia Beatriz Andrade, o vice, Walber Steffano e o diretor Mario Jorge Lobo, participaram, na tarde desta ter\u00e7a-feira (14\/12), do lan\u00e7amento do Programa Vacina Mais Pernambuco, em solenidade realizada no Pal\u00e1cio do Campo das Princesas, Sal\u00e3o das Bandeiras sede do governo.<\/div>\n<div><\/div>\n<div><img fetchpriority=\"high\" class=\"alignnone size-full wp-image-62268\" src=\"https:\/\/www.simepe.com.br\/novo\/wp-content\/uploads\/2021\/12\/267030728_10227904981512551_3905222291393934395_n.jpg\" alt=\"\" width=\"960\" height=\"720\" srcset=\"https:\/\/www.simepe.com.br\/novo\/wp-content\/uploads\/2021\/12\/267030728_10227904981512551_3905222291393934395_n.jpg 960w, https:\/\/www.simepe.com.br\/novo\/wp-content\/uploads\/2021\/12\/267030728_10227904981512551_3905222291393934395_n-300x225.jpg 300w, https:\/\/www.simepe.com.br\/novo\/wp-content\/uploads\/2021\/12\/267030728_10227904981512551_3905222291393934395_n-768x576.jpg 768w\" sizes=\"(max-width: 960px) 100vw, 960px\" \/><\/div>\n<div>O Programa Vacina Mais PE, estrat\u00e9gia que visa intensificar a vacina\u00e7\u00e3o nos munic\u00edpios que possuem os menores \u00edndices de cobertura vacinal contra a Covid-19. Por meio de \u201ccarros da vacina\u201d, as equipes atuar\u00e3o na busca ativa de pessoas com atraso na segunda dose, ou na dose de refor\u00e7o, ou que ainda n\u00e3o tenham sido vacinadas nem com a primeira dose.<\/div>\n<div>#vacinac\u00e3ocovid #simepe<\/div>\n","protected":false},"excerpt":{"rendered":"<p>A presidente do Sindicato dos M\u00e9dicos de Pernambuco (Simepe) Claudia Beatriz Andrade, o vice, Walber Steffano e o diretor Mario Jorge Lobo, participaram, na tarde desta ter\u00e7a-feira (14\/12), do lan\u00e7amento do Programa Vacina Mais Pernambuco, em solenidade realizada no Pal\u00e1cio do Campo das Princesas, Sal\u00e3o das Bandeiras sede do governo. O Programa Vacina Mais PE, [&hellip;]<\/p>\n","protected":false},"author":2,"featured_media":62267,"comment_status":"open","ping_status":"open","sticky":false,"template":"","format":"standard","meta":{"ocean_post_layout":"","ocean_both_sidebars_style":"","ocean_both_sidebars_content_width":0,"ocean_both_sidebars_sidebars_width":0,"ocean_sidebar":"","ocean_second_sidebar":"","ocean_disable_margins":"enable","ocean_add_body_class":"","ocean_shortcode_before_top_bar":"","ocean_shortcode_after_top_bar":"","ocean_shortcode_before_header":"","ocean_shortcode_after_header":"","ocean_has_shortcode":"","ocean_shortcode_after_title":"","ocean_shortcode_before_footer_widgets":"","ocean_shortcode_after_footer_widgets":"","ocean_shortcode_before_footer_bottom":"","ocean_shortcode_after_footer_bottom":"","ocean_display_top_bar":"default","ocean_display_header":"default","ocean_header_style":"","ocean_center_header_left_menu":"","ocean_custom_header_template":"","ocean_custom_logo":0,"ocean_custom_retina_logo":0,"ocean_custom_logo_max_width":0,"ocean_custom_logo_tablet_max_width":0,"ocean_custom_logo_mobile_max_width":0,"ocean_custom_logo_max_height":0,"ocean_custom_logo_tablet_max_height":0,"ocean_custom_logo_mobile_max_height":0,"ocean_header_custom_menu":"","ocean_menu_typo_font_family":"","ocean_menu_typo_font_subset":"","ocean_menu_typo_font_size":0,"ocean_menu_typo_font_size_tablet":0,"ocean_menu_typo_font_size_mobile":0,"ocean_menu_typo_font_size_unit":"px","ocean_menu_typo_font_weight":"","ocean_menu_typo_font_weight_tablet":"","ocean_menu_typo_font_weight_mobile":"","ocean_menu_typo_transform":"","ocean_menu_typo_transform_tablet":"","ocean_menu_typo_transform_mobile":"","ocean_menu_typo_line_height":0,"ocean_menu_typo_line_height_tablet":0,"ocean_menu_typo_line_height_mobile":0,"ocean_menu_typo_line_height_unit":"","ocean_menu_typo_spacing":0,"ocean_menu_typo_spacing_tablet":0,"ocean_menu_typo_spacing_mobile":0,"ocean_menu_typo_spacing_unit":"","ocean_menu_link_color":"","ocean_menu_link_color_hover":"","ocean_menu_link_color_active":"","ocean_menu_link_background":"","ocean_menu_link_hover_background":"","ocean_menu_link_active_background":"","ocean_menu_social_links_bg":"","ocean_menu_social_hover_links_bg":"","ocean_menu_social_links_color":"","ocean_menu_social_hover_links_color":"","ocean_disable_title":"default","ocean_disable_heading":"default","ocean_post_title":"","ocean_post_subheading":"","ocean_post_title_style":"","ocean_post_title_background_color":"","ocean_post_title_background":0,"ocean_post_title_bg_image_position":"","ocean_post_title_bg_image_attachment":"","ocean_post_title_bg_image_repeat":"","ocean_post_title_bg_image_size":"","ocean_post_title_height":0,"ocean_post_title_bg_overlay":0.5,"ocean_post_title_bg_overlay_color":"","ocean_disable_breadcrumbs":"default","ocean_breadcrumbs_color":"","ocean_breadcrumbs_separator_color":"","ocean_breadcrumbs_links_color":"","ocean_breadcrumbs_links_hover_color":"","ocean_display_footer_widgets":"default","ocean_display_footer_bottom":"default","ocean_custom_footer_template":"","ocean_post_oembed":"","ocean_post_self_hosted_media":"","ocean_post_video_embed":"","ocean_link_format":"","ocean_link_format_target":"self","ocean_quote_format":"","ocean_quote_format_link":"post","ocean_gallery_link_images":"on","ocean_gallery_id":[]},"categories":[1],"tags":[],"acf":[],"_links":{"self":[{"href":"https:\/\/www.simepe.com.br\/novo\/wp-json\/wp\/v2\/posts\/62265"}],"collection":[{"href":"https:\/\/www.simepe.com.br\/novo\/wp-json\/wp\/v2\/posts"}],"about":[{"href":"https:\/\/www.simepe.com.br\/novo\/wp-json\/wp\/v2\/types\/post"}],"author":[{"embeddable":true,"href":"https:\/\/www.simepe.com.br\/novo\/wp-json\/wp\/v2\/users\/2"}],"replies":[{"embeddable":true,"href":"https:\/\/www.simepe.com.br\/novo\/wp-json\/wp\/v2\/comments?post=62265"}],"version-history":[{"count":1,"href":"https:\/\/www.simepe.com.br\/novo\/wp-json\/wp\/v2\/posts\/62265\/revisions"}],"predecessor-version":[{"id":62269,"href":"https:\/\/www.simepe.com.br\/novo\/wp-json\/wp\/v2\/posts\/62265\/revisions\/62269"}],"wp:featuredmedia":[{"embeddable":true,"href":"https:\/\/www.simepe.com.br\/novo\/wp-json\/wp\/v2\/media\/62267"}],"wp:attachment":[{"href":"https:\/\/www.simepe.com.br\/novo\/wp-json\/wp\/v2\/media?parent=62265"}],"wp:term":[{"taxonomy":"category","embeddable":true,"href":"https:\/\/www.simepe.com.br\/novo\/wp-json\/wp\/v2\/categories?post=62265"},{"taxonomy":"post_tag","embeddable":true,"href":"https:\/\/www.simepe.com.br\/novo\/wp-json\/wp\/v2\/tags?post=62265"}],"curies":[{"name":"wp","href":"https:\/\/api.w.org\/{rel}","templated":true}]}}