{"id":62270,"date":"2021-12-16T09:28:03","date_gmt":"2021-12-16T12:28:03","guid":{"rendered":"https:\/\/www.simepe.com.br\/novo\/?p=62270"},"modified":"2021-12-21T13:02:23","modified_gmt":"2021-12-21T16:02:23","slug":"medicos-da-rede-municipal-do-recife-aprovam-proposta-de-reajuste-e-finalizam-campanha-salarial-de-2021","status":"publish","type":"post","link":"https:\/\/www.simepe.com.br\/novo\/medicos-da-rede-municipal-do-recife-aprovam-proposta-de-reajuste-e-finalizam-campanha-salarial-de-2021\/","title":{"rendered":"M\u00e9dicos da rede municipal do Recife aprovam proposta de reajuste e finalizam campanha salarial de 2021"},"content":{"rendered":"<div dir=\"auto\">\n<div dir=\"auto\"><\/div>\n<div dir=\"auto\">Em Assembleia Geral Extraordin\u00e1ria (AGE), na tarde desta quarta-feira (15), no audit\u00f3rio do Sindicato dos M\u00e9dicos de Pernambuco (Simepe), os m\u00e9dicos da rede municipal de Recife, aprovaram por ampla maioria a proposta de 14% de reajuste salarial\/plurianual escalonada nos pr\u00f3ximos 3 anos, apresentada pela gest\u00e3o da PCR, que inclui tamb\u00e9m, o reajuste nos t\u00edquetes refei\u00e7\u00f5es e a proposta de resolu\u00e7\u00e3o da incorpora\u00e7\u00e3o\u00a0 da gratifica\u00e7\u00e3o de plant\u00e3o de acordo com as novas regras previdenci\u00e1rias, pauta pendente da \u00faltima negocia\u00e7\u00e3o. A AGE com qu\u00f3rum bastante expressivo contou com a participa\u00e7\u00e3o da categoria presencial e on-line.<\/div>\n<\/div>\n<div dir=\"auto\"><img fetchpriority=\"high\" class=\"alignnone size-full wp-image-62273\" src=\"https:\/\/www.simepe.com.br\/novo\/wp-content\/uploads\/2021\/12\/2.jpg\" alt=\"\" width=\"765\" height=\"549\" srcset=\"https:\/\/www.simepe.com.br\/novo\/wp-content\/uploads\/2021\/12\/2.jpg 765w, https:\/\/www.simepe.com.br\/novo\/wp-content\/uploads\/2021\/12\/2-300x215.jpg 300w\" sizes=\"(max-width: 765px) 100vw, 765px\" \/><\/div>\n<div dir=\"auto\">\n<div dir=\"auto\">O Simepe, esteve representado pela presidente, Claudia Beatriz Andrade, o vice-presidente, Walber Steffano, o presidente da FMB, secret\u00e1rio-geral do Simepe e, tamb\u00e9m, vereador do Recife, Tadeu Calheiro, al\u00e9m dos diretores Malu David, Fernando J\u00fanior, M\u00e1rio Jorge e Adilson Morato. Os advogados da Defensoria M\u00e9dica, Vinicius Calado e Diego Galdino, tamb\u00e9m estiveram presentes.<\/div>\n<div dir=\"auto\"><\/div>\n<div dir=\"auto\"><img class=\"alignnone size-full wp-image-62274\" src=\"https:\/\/www.simepe.com.br\/novo\/wp-content\/uploads\/2021\/12\/3.jpg\" alt=\"\" width=\"1013\" height=\"577\" srcset=\"https:\/\/www.simepe.com.br\/novo\/wp-content\/uploads\/2021\/12\/3.jpg 1013w, https:\/\/www.simepe.com.br\/novo\/wp-content\/uploads\/2021\/12\/3-300x171.jpg 300w, https:\/\/www.simepe.com.br\/novo\/wp-content\/uploads\/2021\/12\/3-768x437.jpg 768w\" sizes=\"(max-width: 1013px) 100vw, 1013px\" \/><\/div>\n<div dir=\"auto\">A proposta salarial\/plurianual aprovada pela categoria ficou definida com os seguintes percentuais de reajustes para iniciar em janeiro de 2022, reajuste de 1,5%; para 2023\u00a0reajuste de 1,5% em julho e reajuste de 2,0% em dezembro; para 2024, temos reajustes de 2,0% em janeiro, 3,0% em julho e\u00a0 3,25% em dezembro. Os reajustes incidir\u00e3o no vencimento base, gratifica\u00e7\u00e3o ESF, gratifica\u00e7\u00e3o de plant\u00e3o, gratifica\u00e7\u00e3o de plant\u00e3o extra.<\/div>\n<div dir=\"auto\"><\/div>\n<div dir=\"auto\"><img class=\"alignnone size-full wp-image-62275\" src=\"https:\/\/www.simepe.com.br\/novo\/wp-content\/uploads\/2021\/12\/5.jpg\" alt=\"\" width=\"711\" height=\"431\" srcset=\"https:\/\/www.simepe.com.br\/novo\/wp-content\/uploads\/2021\/12\/5.jpg 711w, https:\/\/www.simepe.com.br\/novo\/wp-content\/uploads\/2021\/12\/5-300x182.jpg 300w\" sizes=\"(max-width: 711px) 100vw, 711px\" \/><\/div>\n<div dir=\"auto\">Na ocasi\u00e3o, a presidente Cl\u00e1udia Beatriz, fez um breve hist\u00f3rico dos intensos debates em mesa de negocia\u00e7\u00e3o da campanha salarial deste ano, com os gestores das secretarias de Planejamento, de gest\u00e3o de trabalho e da Sa\u00fade do Governo Jo\u00e3o Campos. \u201cConclu\u00edmos, hoje, a AGE dos m\u00e9dicos da Prefeitura do Recife que, por ampla maioria aprovou a proposta discutida em mesa negocia\u00e7\u00e3o. Foram exerc\u00edcios intensos de negocia\u00e7\u00f5es e uma vit\u00f3ria da categoria que se manteve trabalhando em conjunto com o Sindicato. Estamos firmes em busca constante de valoriza\u00e7\u00e3o profissional, melhorias das condi\u00e7\u00f5es de trabalho e de reajustes dignos. Parab\u00e9ns, aos m\u00e9dicos e m\u00e9dicas da rede municipal do Recife!\u201d, assinalou.<\/div>\n<div dir=\"auto\"><\/div>\n<div dir=\"auto\"><img loading=\"lazy\" class=\"alignnone size-full wp-image-62277\" src=\"https:\/\/www.simepe.com.br\/novo\/wp-content\/uploads\/2021\/12\/4.jpg\" alt=\"\" width=\"1024\" height=\"768\" srcset=\"https:\/\/www.simepe.com.br\/novo\/wp-content\/uploads\/2021\/12\/4.jpg 1024w, https:\/\/www.simepe.com.br\/novo\/wp-content\/uploads\/2021\/12\/4-300x225.jpg 300w, https:\/\/www.simepe.com.br\/novo\/wp-content\/uploads\/2021\/12\/4-768x576.jpg 768w\" sizes=\"(max-width: 1024px) 100vw, 1024px\" \/><\/div>\n<div dir=\"auto\">Para o vice-presidente, Walber Steffano, a uni\u00e3o e participa\u00e7\u00e3o da categoria foram fundamentais nessa luta para a conclus\u00e3o de mais uma campanha salarial vitoriosa. \u201cParab\u00e9ns aos m\u00e9dicos da Prefeitura do Recife! pelo resultado positivo junto ao Sindicato e seguiremos juntos nesses pr\u00f3ximos anos\u201d, destacou.<\/div>\n<\/div>\n<div dir=\"auto\"><\/div>\n<div dir=\"auto\"><\/div>\n<div dir=\"auto\"><\/div>\n<div dir=\"auto\"><\/div>\n<div dir=\"auto\"><\/div>\n<div dir=\"auto\"><\/div>\n","protected":false},"excerpt":{"rendered":"<p>Em Assembleia Geral Extraordin\u00e1ria (AGE), na tarde desta quarta-feira (15), no audit\u00f3rio do Sindicato dos M\u00e9dicos de Pernambuco (Simepe), os m\u00e9dicos da rede municipal de Recife, aprovaram por ampla maioria a proposta de 14% de reajuste salarial\/plurianual escalonada nos pr\u00f3ximos 3 anos, apresentada pela gest\u00e3o da PCR, que inclui tamb\u00e9m, o reajuste nos t\u00edquetes refei\u00e7\u00f5es [&hellip;]<\/p>\n","protected":false},"author":2,"featured_media":62272,"comment_status":"open","ping_status":"open","sticky":false,"template":"","format":"standard","meta":{"ocean_post_layout":"","ocean_both_sidebars_style":"","ocean_both_sidebars_content_width":0,"ocean_both_sidebars_sidebars_width":0,"ocean_sidebar":"","ocean_second_sidebar":"","ocean_disable_margins":"enable","ocean_add_body_class":"","ocean_shortcode_before_top_bar":"","ocean_shortcode_after_top_bar":"","ocean_shortcode_before_header":"","ocean_shortcode_after_header":"","ocean_has_shortcode":"","ocean_shortcode_after_title":"","ocean_shortcode_before_footer_widgets":"","ocean_shortcode_after_footer_widgets":"","ocean_shortcode_before_footer_bottom":"","ocean_shortcode_after_footer_bottom":"","ocean_display_top_bar":"default","ocean_display_header":"default","ocean_header_style":"","ocean_center_header_left_menu":"","ocean_custom_header_template":"","ocean_custom_logo":0,"ocean_custom_retina_logo":0,"ocean_custom_logo_max_width":0,"ocean_custom_logo_tablet_max_width":0,"ocean_custom_logo_mobile_max_width":0,"ocean_custom_logo_max_height":0,"ocean_custom_logo_tablet_max_height":0,"ocean_custom_logo_mobile_max_height":0,"ocean_header_custom_menu":"","ocean_menu_typo_font_family":"","ocean_menu_typo_font_subset":"","ocean_menu_typo_font_size":0,"ocean_menu_typo_font_size_tablet":0,"ocean_menu_typo_font_size_mobile":0,"ocean_menu_typo_font_size_unit":"px","ocean_menu_typo_font_weight":"","ocean_menu_typo_font_weight_tablet":"","ocean_menu_typo_font_weight_mobile":"","ocean_menu_typo_transform":"","ocean_menu_typo_transform_tablet":"","ocean_menu_typo_transform_mobile":"","ocean_menu_typo_line_height":0,"ocean_menu_typo_line_height_tablet":0,"ocean_menu_typo_line_height_mobile":0,"ocean_menu_typo_line_height_unit":"","ocean_menu_typo_spacing":0,"ocean_menu_typo_spacing_tablet":0,"ocean_menu_typo_spacing_mobile":0,"ocean_menu_typo_spacing_unit":"","ocean_menu_link_color":"","ocean_menu_link_color_hover":"","ocean_menu_link_color_active":"","ocean_menu_link_background":"","ocean_menu_link_hover_background":"","ocean_menu_link_active_background":"","ocean_menu_social_links_bg":"","ocean_menu_social_hover_links_bg":"","ocean_menu_social_links_color":"","ocean_menu_social_hover_links_color":"","ocean_disable_title":"default","ocean_disable_heading":"default","ocean_post_title":"","ocean_post_subheading":"","ocean_post_title_style":"","ocean_post_title_background_color":"","ocean_post_title_background":0,"ocean_post_title_bg_image_position":"","ocean_post_title_bg_image_attachment":"","ocean_post_title_bg_image_repeat":"","ocean_post_title_bg_image_size":"","ocean_post_title_height":0,"ocean_post_title_bg_overlay":0.5,"ocean_post_title_bg_overlay_color":"","ocean_disable_breadcrumbs":"default","ocean_breadcrumbs_color":"","ocean_breadcrumbs_separator_color":"","ocean_breadcrumbs_links_color":"","ocean_breadcrumbs_links_hover_color":"","ocean_display_footer_widgets":"default","ocean_display_footer_bottom":"default","ocean_custom_footer_template":"","ocean_post_oembed":"","ocean_post_self_hosted_media":"","ocean_post_video_embed":"","ocean_link_format":"","ocean_link_format_target":"self","ocean_quote_format":"","ocean_quote_format_link":"post","ocean_gallery_link_images":"on","ocean_gallery_id":[]},"categories":[1],"tags":[],"acf":[],"_links":{"self":[{"href":"https:\/\/www.simepe.com.br\/novo\/wp-json\/wp\/v2\/posts\/62270"}],"collection":[{"href":"https:\/\/www.simepe.com.br\/novo\/wp-json\/wp\/v2\/posts"}],"about":[{"href":"https:\/\/www.simepe.com.br\/novo\/wp-json\/wp\/v2\/types\/post"}],"author":[{"embeddable":true,"href":"https:\/\/www.simepe.com.br\/novo\/wp-json\/wp\/v2\/users\/2"}],"replies":[{"embeddable":true,"href":"https:\/\/www.simepe.com.br\/novo\/wp-json\/wp\/v2\/comments?post=62270"}],"version-history":[{"count":3,"href":"https:\/\/www.simepe.com.br\/novo\/wp-json\/wp\/v2\/posts\/62270\/revisions"}],"predecessor-version":[{"id":62301,"href":"https:\/\/www.simepe.com.br\/novo\/wp-json\/wp\/v2\/posts\/62270\/revisions\/62301"}],"wp:featuredmedia":[{"embeddable":true,"href":"https:\/\/www.simepe.com.br\/novo\/wp-json\/wp\/v2\/media\/62272"}],"wp:attachment":[{"href":"https:\/\/www.simepe.com.br\/novo\/wp-json\/wp\/v2\/media?parent=62270"}],"wp:term":[{"taxonomy":"category","embeddable":true,"href":"https:\/\/www.simepe.com.br\/novo\/wp-json\/wp\/v2\/categories?post=62270"},{"taxonomy":"post_tag","embeddable":true,"href":"https:\/\/www.simepe.com.br\/novo\/wp-json\/wp\/v2\/tags?post=62270"}],"curies":[{"name":"wp","href":"https:\/\/api.w.org\/{rel}","templated":true}]}}