{"id":62302,"date":"2021-12-20T09:35:12","date_gmt":"2021-12-20T12:35:12","guid":{"rendered":"https:\/\/www.simepe.com.br\/novo\/?p=62302"},"modified":"2021-12-20T09:35:12","modified_gmt":"2021-12-20T12:35:12","slug":"brasil-registra-14-mil-casos-de-covid-19-e-49-mortes-em-24-horas","status":"publish","type":"post","link":"https:\/\/www.simepe.com.br\/novo\/brasil-registra-14-mil-casos-de-covid-19-e-49-mortes-em-24-horas\/","title":{"rendered":"Brasil registra 1,4 mil casos de covid-19 e 49 mortes, em 24 horas"},"content":{"rendered":"<p><em>Dados s\u00e3o da atualiza\u00e7\u00e3o di\u00e1ria divulgada pelo Minist\u00e9rio da Sa\u00fade.<\/em><\/p>\n<p>Mais\u00a0<strong>1.419 pessoas<\/strong>\u00a0foram infectadas pelo novo coronav\u00edrus, em 24 horas. Desde o in\u00edcio da pandemia, o total de<strong>\u00a0infectados<\/strong>\u00a0chegou a\u00a0<strong>22,213 milh\u00f5es<\/strong>. Desse total,\u00a0<strong>21,48 milh\u00f5es\u00a0<\/strong>(96,7%) est\u00e3o recuperados da doen\u00e7a,\u00a0<strong>113.636\u00a0<\/strong>est\u00e3o em acompanhamento e 617.803 morreram.<\/p>\n<p>As informa\u00e7\u00f5es est\u00e3o na atualiza\u00e7\u00e3o di\u00e1ria do\u00a0<strong>Minist\u00e9rio da Sa\u00fade<\/strong> deste domingo\u00a0(19). O balan\u00e7o consolida informa\u00e7\u00f5es sobre casos e mortes enviadas pelas secretarias estaduais de Sa\u00fade.<\/p>\n<p>Em 24 horas, foram confirmadas 49 mortes. Ainda h\u00e1<strong>\u00a02.726 mortes<\/strong>\u00a0em investiga\u00e7\u00e3o. Isso acontece por haver casos em que o paciente faleceu, mas a investiga\u00e7\u00e3o sobre a causa ainda demanda exames e procedimentos.<\/p>\n<p>Segundo o balan\u00e7o do Minist\u00e9rio da Sa\u00fade, no topo do ranking de estados com mais mortes por covid-19 est\u00e3o S\u00e3o Paulo (155.007), Rio de Janeiro (36.358) e Minas Gerais (56.567).<\/p>\n<p>Alguns estados n\u00e3o atualizaram os dados hoje: Bahia, Goi\u00e1s, Mato Grosso do Sul e Tocantins ainda apresentam dados do dia 9 deste m\u00eas; Mato Grosso, Distrito Federal e Roraima t\u00eam dados do dia 17 e Para\u00edba, do dia 18.<\/p>\n<p>Fonte: Folha de Pernambuco<\/p>\n","protected":false},"excerpt":{"rendered":"<p>Dados s\u00e3o da atualiza\u00e7\u00e3o di\u00e1ria divulgada pelo Minist\u00e9rio da Sa\u00fade. Mais\u00a01.419 pessoas\u00a0foram infectadas pelo novo coronav\u00edrus, em 24 horas. Desde o in\u00edcio da pandemia, o total de\u00a0infectados\u00a0chegou a\u00a022,213 milh\u00f5es. Desse total,\u00a021,48 milh\u00f5es\u00a0(96,7%) est\u00e3o recuperados da doen\u00e7a,\u00a0113.636\u00a0est\u00e3o em acompanhamento e 617.803 morreram. As informa\u00e7\u00f5es est\u00e3o na atualiza\u00e7\u00e3o di\u00e1ria do\u00a0Minist\u00e9rio da Sa\u00fade deste domingo\u00a0(19). O balan\u00e7o consolida [&hellip;]<\/p>\n","protected":false},"author":1,"featured_media":0,"comment_status":"open","ping_status":"open","sticky":false,"template":"","format":"standard","meta":{"ocean_post_layout":"","ocean_both_sidebars_style":"","ocean_both_sidebars_content_width":0,"ocean_both_sidebars_sidebars_width":0,"ocean_sidebar":"","ocean_second_sidebar":"","ocean_disable_margins":"enable","ocean_add_body_class":"","ocean_shortcode_before_top_bar":"","ocean_shortcode_after_top_bar":"","ocean_shortcode_before_header":"","ocean_shortcode_after_header":"","ocean_has_shortcode":"","ocean_shortcode_after_title":"","ocean_shortcode_before_footer_widgets":"","ocean_shortcode_after_footer_widgets":"","ocean_shortcode_before_footer_bottom":"","ocean_shortcode_after_footer_bottom":"","ocean_display_top_bar":"default","ocean_display_header":"default","ocean_header_style":"","ocean_center_header_left_menu":"","ocean_custom_header_template":"","ocean_custom_logo":0,"ocean_custom_retina_logo":0,"ocean_custom_logo_max_width":0,"ocean_custom_logo_tablet_max_width":0,"ocean_custom_logo_mobile_max_width":0,"ocean_custom_logo_max_height":0,"ocean_custom_logo_tablet_max_height":0,"ocean_custom_logo_mobile_max_height":0,"ocean_header_custom_menu":"","ocean_menu_typo_font_family":"","ocean_menu_typo_font_subset":"","ocean_menu_typo_font_size":0,"ocean_menu_typo_font_size_tablet":0,"ocean_menu_typo_font_size_mobile":0,"ocean_menu_typo_font_size_unit":"px","ocean_menu_typo_font_weight":"","ocean_menu_typo_font_weight_tablet":"","ocean_menu_typo_font_weight_mobile":"","ocean_menu_typo_transform":"","ocean_menu_typo_transform_tablet":"","ocean_menu_typo_transform_mobile":"","ocean_menu_typo_line_height":0,"ocean_menu_typo_line_height_tablet":0,"ocean_menu_typo_line_height_mobile":0,"ocean_menu_typo_line_height_unit":"","ocean_menu_typo_spacing":0,"ocean_menu_typo_spacing_tablet":0,"ocean_menu_typo_spacing_mobile":0,"ocean_menu_typo_spacing_unit":"","ocean_menu_link_color":"","ocean_menu_link_color_hover":"","ocean_menu_link_color_active":"","ocean_menu_link_background":"","ocean_menu_link_hover_background":"","ocean_menu_link_active_background":"","ocean_menu_social_links_bg":"","ocean_menu_social_hover_links_bg":"","ocean_menu_social_links_color":"","ocean_menu_social_hover_links_color":"","ocean_disable_title":"default","ocean_disable_heading":"default","ocean_post_title":"","ocean_post_subheading":"","ocean_post_title_style":"","ocean_post_title_background_color":"","ocean_post_title_background":0,"ocean_post_title_bg_image_position":"","ocean_post_title_bg_image_attachment":"","ocean_post_title_bg_image_repeat":"","ocean_post_title_bg_image_size":"","ocean_post_title_height":0,"ocean_post_title_bg_overlay":0.5,"ocean_post_title_bg_overlay_color":"","ocean_disable_breadcrumbs":"default","ocean_breadcrumbs_color":"","ocean_breadcrumbs_separator_color":"","ocean_breadcrumbs_links_color":"","ocean_breadcrumbs_links_hover_color":"","ocean_display_footer_widgets":"default","ocean_display_footer_bottom":"default","ocean_custom_footer_template":"","ocean_post_oembed":"","ocean_post_self_hosted_media":"","ocean_post_video_embed":"","ocean_link_format":"","ocean_link_format_target":"self","ocean_quote_format":"","ocean_quote_format_link":"post","ocean_gallery_link_images":"on","ocean_gallery_id":[]},"categories":[9],"tags":[],"acf":[],"_links":{"self":[{"href":"https:\/\/www.simepe.com.br\/novo\/wp-json\/wp\/v2\/posts\/62302"}],"collection":[{"href":"https:\/\/www.simepe.com.br\/novo\/wp-json\/wp\/v2\/posts"}],"about":[{"href":"https:\/\/www.simepe.com.br\/novo\/wp-json\/wp\/v2\/types\/post"}],"author":[{"embeddable":true,"href":"https:\/\/www.simepe.com.br\/novo\/wp-json\/wp\/v2\/users\/1"}],"replies":[{"embeddable":true,"href":"https:\/\/www.simepe.com.br\/novo\/wp-json\/wp\/v2\/comments?post=62302"}],"version-history":[{"count":1,"href":"https:\/\/www.simepe.com.br\/novo\/wp-json\/wp\/v2\/posts\/62302\/revisions"}],"predecessor-version":[{"id":62303,"href":"https:\/\/www.simepe.com.br\/novo\/wp-json\/wp\/v2\/posts\/62302\/revisions\/62303"}],"wp:attachment":[{"href":"https:\/\/www.simepe.com.br\/novo\/wp-json\/wp\/v2\/media?parent=62302"}],"wp:term":[{"taxonomy":"category","embeddable":true,"href":"https:\/\/www.simepe.com.br\/novo\/wp-json\/wp\/v2\/categories?post=62302"},{"taxonomy":"post_tag","embeddable":true,"href":"https:\/\/www.simepe.com.br\/novo\/wp-json\/wp\/v2\/tags?post=62302"}],"curies":[{"name":"wp","href":"https:\/\/api.w.org\/{rel}","templated":true}]}}