{"id":62308,"date":"2021-12-20T09:42:28","date_gmt":"2021-12-20T12:42:28","guid":{"rendered":"https:\/\/www.simepe.com.br\/novo\/?p=62308"},"modified":"2021-12-20T09:50:59","modified_gmt":"2021-12-20T12:50:59","slug":"vacina-a-criancas-saude-pede-mais-tempo-ao-stf-e-diz-que-vai-consultar-sociedade","status":"publish","type":"post","link":"https:\/\/www.simepe.com.br\/novo\/vacina-a-criancas-saude-pede-mais-tempo-ao-stf-e-diz-que-vai-consultar-sociedade\/","title":{"rendered":"Vacina a crian\u00e7as: Sa\u00fade pede mais tempo ao STF e diz que vai consultar sociedade"},"content":{"rendered":"<p>O Minist\u00e9rio da Sa\u00fade enviou ao Supremo Tribunal Federal (STF) um pedido solicitando mais tempo para decidir sobre a inclus\u00e3o de crian\u00e7as de cinco a 11 anos no plano de vacina\u00e7\u00e3o contra a Covid-19. A Advocacia-Geral da Uni\u00e3o (AGU) foi utilizada para o tr\u00e2mite do documento que repete o discurso do ministro, Marcelo Queiroga, sobre realizar audi\u00eancia p\u00fablica, em janeiro, para decidir sobre o tema.<\/p>\n<p>Um dos textos, elaborado pela Consultoria Jur\u00eddica (Conjur) da AGU com o Minist\u00e9rio da Sa\u00fade, afirma que, para a faixa et\u00e1ria, a situa\u00e7\u00e3o pand\u00eamica est\u00e1 controlada. &#8220;A situa\u00e7\u00e3o epidemiol\u00f3gica est\u00e1 controlada, com consider\u00e1vel redu\u00e7\u00e3o de casos, especialmente, nessa faixa et\u00e1ria, o que permite \u00e0s autoridades sanit\u00e1rias tomarem decis\u00e3o com todas as cautelas exigidas para a complexidade da situa\u00e7\u00e3o ora tratada&#8221;, diz um trecho.<\/p>\n<p>Eles tamb\u00e9m comentam que a aprova\u00e7\u00e3o da vacina pela Anvisa, apesar de ser &#8220;uma importante etapa&#8221;, n\u00e3o \u00e9 a \u00fanica. Portanto, seria preciso ouvir a sociedade civil em uma consulta p\u00fablica que dever\u00e1 ser feita entre 23 de dezembro e 2 de janeiro e uma audi\u00eancia p\u00fablica em 4 de janeiro. S\u00f3 ent\u00e3o a Secretaria Extraordin\u00e1ria de Enfrentamento \u00e0 Covid-19 (Secovid), do Minist\u00e9rio da Sa\u00fade, apresentaria decis\u00e3o ou plano um dia depois.<\/p>\n<p>Em outro documento, a Secovid afirmou que as rea\u00e7\u00f5es graves \u00e0 vacina s\u00e3o raras, portanto os benef\u00edcios superam os riscos.<\/p>\n<p><strong>Comiss\u00e3o interna<\/strong><br \/>\nIntegrantes da C\u00e2mara T\u00e9cnica de Assessoramento em Imuniza\u00e7\u00e3o da Covid-19 (CTAI) afirmaram que a quest\u00e3o sobre a vacina para essa faixa et\u00e1ria j\u00e1 foi decidida por unanimidade no dia 17, um dia ap\u00f3s o an\u00fancio da Anvisa. Eles consideram que a realiza\u00e7\u00e3o de audi\u00eancia p\u00fablica \u00e9 absurda. A pr\u00f3pria CTAI, um dos grupos que assessora o Minist\u00e9rio da Sa\u00fade, \u00e9 composta por pessoas da sociedade civil, assim como possui representantes dos estados e munic\u00edpios.<\/p>\n<p>Normalmente, as decis\u00f5es da comiss\u00e3o s\u00e3o registradas em atas p\u00fablicas, mas desde o in\u00edcio de novembro o documento n\u00e3o \u00e9 publicado pela pasta.<\/p>\n<p>Fonte: Diario de Pernambuco<\/p>\n","protected":false},"excerpt":{"rendered":"<p>O Minist\u00e9rio da Sa\u00fade enviou ao Supremo Tribunal Federal (STF) um pedido solicitando mais tempo para decidir sobre a inclus\u00e3o de crian\u00e7as de cinco a 11 anos no plano de vacina\u00e7\u00e3o contra a Covid-19. A Advocacia-Geral da Uni\u00e3o (AGU) foi utilizada para o tr\u00e2mite do documento que repete o discurso do ministro, Marcelo Queiroga, sobre [&hellip;]<\/p>\n","protected":false},"author":1,"featured_media":0,"comment_status":"open","ping_status":"open","sticky":false,"template":"","format":"standard","meta":{"ocean_post_layout":"","ocean_both_sidebars_style":"","ocean_both_sidebars_content_width":0,"ocean_both_sidebars_sidebars_width":0,"ocean_sidebar":"","ocean_second_sidebar":"","ocean_disable_margins":"enable","ocean_add_body_class":"","ocean_shortcode_before_top_bar":"","ocean_shortcode_after_top_bar":"","ocean_shortcode_before_header":"","ocean_shortcode_after_header":"","ocean_has_shortcode":"","ocean_shortcode_after_title":"","ocean_shortcode_before_footer_widgets":"","ocean_shortcode_after_footer_widgets":"","ocean_shortcode_before_footer_bottom":"","ocean_shortcode_after_footer_bottom":"","ocean_display_top_bar":"default","ocean_display_header":"default","ocean_header_style":"","ocean_center_header_left_menu":"","ocean_custom_header_template":"","ocean_custom_logo":0,"ocean_custom_retina_logo":0,"ocean_custom_logo_max_width":0,"ocean_custom_logo_tablet_max_width":0,"ocean_custom_logo_mobile_max_width":0,"ocean_custom_logo_max_height":0,"ocean_custom_logo_tablet_max_height":0,"ocean_custom_logo_mobile_max_height":0,"ocean_header_custom_menu":"","ocean_menu_typo_font_family":"","ocean_menu_typo_font_subset":"","ocean_menu_typo_font_size":0,"ocean_menu_typo_font_size_tablet":0,"ocean_menu_typo_font_size_mobile":0,"ocean_menu_typo_font_size_unit":"px","ocean_menu_typo_font_weight":"","ocean_menu_typo_font_weight_tablet":"","ocean_menu_typo_font_weight_mobile":"","ocean_menu_typo_transform":"","ocean_menu_typo_transform_tablet":"","ocean_menu_typo_transform_mobile":"","ocean_menu_typo_line_height":0,"ocean_menu_typo_line_height_tablet":0,"ocean_menu_typo_line_height_mobile":0,"ocean_menu_typo_line_height_unit":"","ocean_menu_typo_spacing":0,"ocean_menu_typo_spacing_tablet":0,"ocean_menu_typo_spacing_mobile":0,"ocean_menu_typo_spacing_unit":"","ocean_menu_link_color":"","ocean_menu_link_color_hover":"","ocean_menu_link_color_active":"","ocean_menu_link_background":"","ocean_menu_link_hover_background":"","ocean_menu_link_active_background":"","ocean_menu_social_links_bg":"","ocean_menu_social_hover_links_bg":"","ocean_menu_social_links_color":"","ocean_menu_social_hover_links_color":"","ocean_disable_title":"default","ocean_disable_heading":"default","ocean_post_title":"","ocean_post_subheading":"","ocean_post_title_style":"","ocean_post_title_background_color":"","ocean_post_title_background":0,"ocean_post_title_bg_image_position":"","ocean_post_title_bg_image_attachment":"","ocean_post_title_bg_image_repeat":"","ocean_post_title_bg_image_size":"","ocean_post_title_height":0,"ocean_post_title_bg_overlay":0.5,"ocean_post_title_bg_overlay_color":"","ocean_disable_breadcrumbs":"default","ocean_breadcrumbs_color":"","ocean_breadcrumbs_separator_color":"","ocean_breadcrumbs_links_color":"","ocean_breadcrumbs_links_hover_color":"","ocean_display_footer_widgets":"default","ocean_display_footer_bottom":"default","ocean_custom_footer_template":"","ocean_post_oembed":"","ocean_post_self_hosted_media":"","ocean_post_video_embed":"","ocean_link_format":"","ocean_link_format_target":"self","ocean_quote_format":"","ocean_quote_format_link":"post","ocean_gallery_link_images":"on","ocean_gallery_id":[]},"categories":[9],"tags":[],"acf":[],"_links":{"self":[{"href":"https:\/\/www.simepe.com.br\/novo\/wp-json\/wp\/v2\/posts\/62308"}],"collection":[{"href":"https:\/\/www.simepe.com.br\/novo\/wp-json\/wp\/v2\/posts"}],"about":[{"href":"https:\/\/www.simepe.com.br\/novo\/wp-json\/wp\/v2\/types\/post"}],"author":[{"embeddable":true,"href":"https:\/\/www.simepe.com.br\/novo\/wp-json\/wp\/v2\/users\/1"}],"replies":[{"embeddable":true,"href":"https:\/\/www.simepe.com.br\/novo\/wp-json\/wp\/v2\/comments?post=62308"}],"version-history":[{"count":3,"href":"https:\/\/www.simepe.com.br\/novo\/wp-json\/wp\/v2\/posts\/62308\/revisions"}],"predecessor-version":[{"id":62311,"href":"https:\/\/www.simepe.com.br\/novo\/wp-json\/wp\/v2\/posts\/62308\/revisions\/62311"}],"wp:attachment":[{"href":"https:\/\/www.simepe.com.br\/novo\/wp-json\/wp\/v2\/media?parent=62308"}],"wp:term":[{"taxonomy":"category","embeddable":true,"href":"https:\/\/www.simepe.com.br\/novo\/wp-json\/wp\/v2\/categories?post=62308"},{"taxonomy":"post_tag","embeddable":true,"href":"https:\/\/www.simepe.com.br\/novo\/wp-json\/wp\/v2\/tags?post=62308"}],"curies":[{"name":"wp","href":"https:\/\/api.w.org\/{rel}","templated":true}]}}