{"id":62420,"date":"2021-12-14T10:57:08","date_gmt":"2021-12-14T13:57:08","guid":{"rendered":"https:\/\/www.simepe.com.br\/novo\/?p=62420"},"modified":"2022-01-04T10:57:29","modified_gmt":"2022-01-04T13:57:29","slug":"covid-19-pe-lanca-programa-para-acelerar-vacinacao","status":"publish","type":"post","link":"https:\/\/www.simepe.com.br\/novo\/covid-19-pe-lanca-programa-para-acelerar-vacinacao\/","title":{"rendered":"Covid-19: PE lan\u00e7a programa para acelerar vacina\u00e7\u00e3o"},"content":{"rendered":"<p>O governador Paulo C\u00e2mara lan\u00e7ou, nesta ter\u00e7a-feira (14.12), o Vacina Mais Pernambuco. O programa, realizado em parceria com a Organiza\u00e7\u00e3o Pan-Americana da Sa\u00fade (Opas), tem o objetivo de ampliar e acelerar a vacina\u00e7\u00e3o contra a Covid-19, e vai contar com equipes itinerantes \u2013 formadas por vacinadores e registradores equipados com tablets \u2013 percorrendo as cidades em ve\u00edculos que possibilitam o acesso a \u00e1reas mais dif\u00edceis. O investimento no programa \u00e9 da ordem de R$ 5 milh\u00f5es.<\/p>\n<p>A estrat\u00e9gia \u00e9 refor\u00e7ar, nos pr\u00f3ximos tr\u00eas meses, a busca ativa de pessoas n\u00e3o vacinadas ou que est\u00e3o em atraso na segunda dose ou dose de refor\u00e7o. \u201cO programa foi pensado para dar condi\u00e7\u00f5es de levarmos aos munic\u00edpios as vacinas para quem ainda n\u00e3o se imunizou, garantindo todas as doses. N\u00f3s queremos chegar at\u00e9 o m\u00eas de mar\u00e7o do pr\u00f3ximo ano \u2013 quando ocorre um aumento das doen\u00e7as respirat\u00f3rias \u2013 com 90% da popula\u00e7\u00e3o vacinada com as duas doses e a dose de refor\u00e7o\u201d, frisou Paulo C\u00e2mara.<\/p>\n<p>A Secretaria Estadual de Sa\u00fade realizou um levantamento para elencar quais munic\u00edpios receber\u00e3o os profissionais. Foram feitas an\u00e1lises dos sistemas de informa\u00e7\u00f5es de vacinados e tamb\u00e9m mapeados nos territ\u00f3rios os locais com situa\u00e7\u00e3o epidemiol\u00f3gica de risco ou com maior n\u00famero de indiv\u00edduos n\u00e3o vacinados. \u201cO cen\u00e1rio que temos hoje \u00e9 de uma pandemia entre pessoas n\u00e3o totalmente vacinadas. Assim, vamos ajudar os munic\u00edpios nesse processo, levando equipes de vacinadores para os locais de dif\u00edcil acesso, ou onde h\u00e1 maior resist\u00eancia para a imuniza\u00e7\u00e3o\u201d, destacou o secret\u00e1rio Andr\u00e9 Longo.<\/p>\n<p>Nesta quarta-feira (15.12), as equipes v\u00e3o aos munic\u00edpios de \u00c1gua Preta e S\u00e3o Benedito do Sul, na Mata Sul, que pertencem \u00e0 III Ger\u00eancia Regional de Sa\u00fade (Geres) \u2013 regi\u00e3o com o maior n\u00famero de cidades que precisam de aten\u00e7\u00e3o para as coberturas vacinais. Os profissionais estar\u00e3o nas duas cidades at\u00e9 o pr\u00f3ximo domingo (19.12). Segundo dados obtidos pela SES-PE, at\u00e9 o \u00faltimo s\u00e1bado (11.12) \u00c1gua Preta contava com 89,2% da popula\u00e7\u00e3o com a primeira dose e 51,9% com o esquema vacinal completo; j\u00e1 S\u00e3o Benedito do Sul tinha 59,1% com a primeira e 45,1% com a segunda dose.<\/p>\n<p>\u201cEstamos analisando, em conjunto com os gestores municipais, os \u00edndices de vacina\u00e7\u00e3o e as localidades com ocorr\u00eancia de casos, para definirmos os pontos que receber\u00e3o a estrat\u00e9gia\u201d, pontuou a superintendente de Imuniza\u00e7\u00f5es da SES-PE, Ana Catarina de Melo.<\/p>\n<p>Tamb\u00e9m estiveram presentes ao lan\u00e7amento do programa a coordenadora de Imuniza\u00e7\u00f5es da Opas Brasil, Lely Guzm\u00e1n; a presidente do Sindicato dos M\u00e9dicos de Pernambuco (Simepe), Cl\u00e1udia Beatriz; o vice-presidente do Conselho Regional de Medicina de Pernambuco (Cremepe), M\u00e1rio Jorge; a prefeita de Escada, Mary Gouveia; e o presidente do Conselho de Secret\u00e1rios Municipais de Sa\u00fade (Consems-PE), Jos\u00e9 Edson.<\/p>\n<p><a href=\"http:\/\/portal.saude.pe.gov.br\/noticias\/secretaria\/covid-19-pe-lanca-programa-para-acelerar-vacinacao\">Fonte: Secretaria Estadual de Sa\u00fade (SES)\u00a0<\/a><\/p>\n","protected":false},"excerpt":{"rendered":"<p>O governador Paulo C\u00e2mara lan\u00e7ou, nesta ter\u00e7a-feira (14.12), o Vacina Mais Pernambuco. O programa, realizado em parceria com a Organiza\u00e7\u00e3o Pan-Americana da Sa\u00fade (Opas), tem o objetivo de ampliar e acelerar a vacina\u00e7\u00e3o contra a Covid-19, e vai contar com equipes itinerantes \u2013 formadas por vacinadores e registradores equipados com tablets \u2013 percorrendo as cidades [&hellip;]<\/p>\n","protected":false},"author":1,"featured_media":0,"comment_status":"open","ping_status":"open","sticky":false,"template":"","format":"standard","meta":{"ocean_post_layout":"","ocean_both_sidebars_style":"","ocean_both_sidebars_content_width":0,"ocean_both_sidebars_sidebars_width":0,"ocean_sidebar":"","ocean_second_sidebar":"","ocean_disable_margins":"enable","ocean_add_body_class":"","ocean_shortcode_before_top_bar":"","ocean_shortcode_after_top_bar":"","ocean_shortcode_before_header":"","ocean_shortcode_after_header":"","ocean_has_shortcode":"","ocean_shortcode_after_title":"","ocean_shortcode_before_footer_widgets":"","ocean_shortcode_after_footer_widgets":"","ocean_shortcode_before_footer_bottom":"","ocean_shortcode_after_footer_bottom":"","ocean_display_top_bar":"default","ocean_display_header":"default","ocean_header_style":"","ocean_center_header_left_menu":"","ocean_custom_header_template":"","ocean_custom_logo":0,"ocean_custom_retina_logo":0,"ocean_custom_logo_max_width":0,"ocean_custom_logo_tablet_max_width":0,"ocean_custom_logo_mobile_max_width":0,"ocean_custom_logo_max_height":0,"ocean_custom_logo_tablet_max_height":0,"ocean_custom_logo_mobile_max_height":0,"ocean_header_custom_menu":"","ocean_menu_typo_font_family":"","ocean_menu_typo_font_subset":"","ocean_menu_typo_font_size":0,"ocean_menu_typo_font_size_tablet":0,"ocean_menu_typo_font_size_mobile":0,"ocean_menu_typo_font_size_unit":"px","ocean_menu_typo_font_weight":"","ocean_menu_typo_font_weight_tablet":"","ocean_menu_typo_font_weight_mobile":"","ocean_menu_typo_transform":"","ocean_menu_typo_transform_tablet":"","ocean_menu_typo_transform_mobile":"","ocean_menu_typo_line_height":0,"ocean_menu_typo_line_height_tablet":0,"ocean_menu_typo_line_height_mobile":0,"ocean_menu_typo_line_height_unit":"","ocean_menu_typo_spacing":0,"ocean_menu_typo_spacing_tablet":0,"ocean_menu_typo_spacing_mobile":0,"ocean_menu_typo_spacing_unit":"","ocean_menu_link_color":"","ocean_menu_link_color_hover":"","ocean_menu_link_color_active":"","ocean_menu_link_background":"","ocean_menu_link_hover_background":"","ocean_menu_link_active_background":"","ocean_menu_social_links_bg":"","ocean_menu_social_hover_links_bg":"","ocean_menu_social_links_color":"","ocean_menu_social_hover_links_color":"","ocean_disable_title":"default","ocean_disable_heading":"default","ocean_post_title":"","ocean_post_subheading":"","ocean_post_title_style":"","ocean_post_title_background_color":"","ocean_post_title_background":0,"ocean_post_title_bg_image_position":"","ocean_post_title_bg_image_attachment":"","ocean_post_title_bg_image_repeat":"","ocean_post_title_bg_image_size":"","ocean_post_title_height":0,"ocean_post_title_bg_overlay":0.5,"ocean_post_title_bg_overlay_color":"","ocean_disable_breadcrumbs":"default","ocean_breadcrumbs_color":"","ocean_breadcrumbs_separator_color":"","ocean_breadcrumbs_links_color":"","ocean_breadcrumbs_links_hover_color":"","ocean_display_footer_widgets":"default","ocean_display_footer_bottom":"default","ocean_custom_footer_template":"","ocean_post_oembed":"","ocean_post_self_hosted_media":"","ocean_post_video_embed":"","ocean_link_format":"","ocean_link_format_target":"self","ocean_quote_format":"","ocean_quote_format_link":"post","ocean_gallery_link_images":"on","ocean_gallery_id":[]},"categories":[1],"tags":[],"acf":[],"_links":{"self":[{"href":"https:\/\/www.simepe.com.br\/novo\/wp-json\/wp\/v2\/posts\/62420"}],"collection":[{"href":"https:\/\/www.simepe.com.br\/novo\/wp-json\/wp\/v2\/posts"}],"about":[{"href":"https:\/\/www.simepe.com.br\/novo\/wp-json\/wp\/v2\/types\/post"}],"author":[{"embeddable":true,"href":"https:\/\/www.simepe.com.br\/novo\/wp-json\/wp\/v2\/users\/1"}],"replies":[{"embeddable":true,"href":"https:\/\/www.simepe.com.br\/novo\/wp-json\/wp\/v2\/comments?post=62420"}],"version-history":[{"count":1,"href":"https:\/\/www.simepe.com.br\/novo\/wp-json\/wp\/v2\/posts\/62420\/revisions"}],"predecessor-version":[{"id":62421,"href":"https:\/\/www.simepe.com.br\/novo\/wp-json\/wp\/v2\/posts\/62420\/revisions\/62421"}],"wp:attachment":[{"href":"https:\/\/www.simepe.com.br\/novo\/wp-json\/wp\/v2\/media?parent=62420"}],"wp:term":[{"taxonomy":"category","embeddable":true,"href":"https:\/\/www.simepe.com.br\/novo\/wp-json\/wp\/v2\/categories?post=62420"},{"taxonomy":"post_tag","embeddable":true,"href":"https:\/\/www.simepe.com.br\/novo\/wp-json\/wp\/v2\/tags?post=62420"}],"curies":[{"name":"wp","href":"https:\/\/api.w.org\/{rel}","templated":true}]}}