{"id":62424,"date":"2021-12-14T10:59:42","date_gmt":"2021-12-14T13:59:42","guid":{"rendered":"https:\/\/www.simepe.com.br\/novo\/?p=62424"},"modified":"2022-01-04T11:06:27","modified_gmt":"2022-01-04T14:06:27","slug":"alepe-homenageia-profissionais-da-linha-de-frente-no-combate-a-pandemia","status":"publish","type":"post","link":"https:\/\/www.simepe.com.br\/novo\/alepe-homenageia-profissionais-da-linha-de-frente-no-combate-a-pandemia\/","title":{"rendered":"Alepe homenageia profissionais da &#8216;linha de frente&#8217; no combate \u00e0 pandemia"},"content":{"rendered":"<p>Em reconhecimento ao trabalho que vem sendo realizado pelos profissionais da sa\u00fade durante a pandemia da Covid-19, o presidente da Assembleia Legislativa de Pernambuco (Alepe), deputado Eriberto Medeiros (PP), prop\u00f4s uma sess\u00e3o solene para homenagear a categoria.<\/p>\n<p>A solenidade reuniu representantes de entidades profissionais ligadas ao combate e preven\u00e7\u00e3o da pandemia junto \u00e0 popula\u00e7\u00e3o.<\/p>\n<p>Durante o evento, Eriberto Medeiros destacou a abnega\u00e7\u00e3o dos profissionais da sa\u00fade que n\u00e3o mediram esfor\u00e7os para ajudar os pacientes, proteger a popula\u00e7\u00e3o e consolar as fam\u00edlias das v\u00edtimas do novo Coronav\u00edrus.<\/p>\n<p>\u201cTodo o Poder Legislativo de Pernambuco \u00e9 grato a quem esteve na linha de frente do combate ao v\u00edrus, arriscando suas vidas para salvar tantas outras&#8221;, enfatizou<\/p>\n<p>A cerim\u00f4nia foi presidida pelo deputado Aglailson J\u00fanior (PSB). O parlamentar tamb\u00e9m agradeceu aos que atuaram na linha de frente e aos que de alguma forma contribu\u00edram para o trabalho de prev\u00ean\u00e7\u00e3o.<\/p>\n<p>\u201cReconhecemos o compromisso, a humaniza\u00e7\u00e3o e a dedica\u00e7\u00e3o dos trabalhadores da sa\u00fade que, ao cuidarem dos outros, cuidam de todos n\u00f3s e da sociedade pernambucana. Eles sabem a import\u00e2ncia de cada vida\u201d, afirmou.<\/p>\n<p>Durante a sess\u00e3o solene foram entregues placas de reconhecimento a representantes da Secretaria Estadual de Sa\u00fade (SES), do Conselho Regional de Medicina (Cremepe), do Sindicato dos M\u00e9dicos (Simepe), do Sindicato dos Enfermeiros (Seepe) e do Sindicato dos Hospitais, Cl\u00ednicas, Casas de Sa\u00fade e Laborat\u00f3rios (Sindhosp), al\u00e9m do Conselho Regional de Enfermagem (Coren).<\/p>\n<p>Para a representante do Simepe, Cl\u00e1udia C\u00e2mara, \u00e9 imposs\u00edvel ficar alheia ao sofrimento dos pacientes e seus familiares. \u201cEsse processo deixa muitas marcas, mas precisamos superar as adversidades porque compreendemos o poder de contribuir com a vida\u201d, disse.<\/p>\n<p>Falando em nome do Seepe, Jo\u00e3o Andrade pediu aos integrantes das Assembleias Legislativas do pa\u00eds que atuem contra a desvaloriza\u00e7\u00e3o da categoria. \u201c\u00c9 necess\u00e1rio avan\u00e7ar em rela\u00e7\u00e3o aos projetos que melhoram nosso piso salarial e nos garantam descanso, uma vez que as jornadas de trabalho s\u00e3o pesadas\u201d, solicitou.<\/p>\n<p>O primeiro-secret\u00e1rio do Cremepe, Andr\u00e9 Dubeux, defendeu a necessidade de refor\u00e7ar os cuidados preventivos contra o Coronav\u00edrus, mantendo o distanciamento social, a continuidade do uso de m\u00e1scaras e amplia\u00e7\u00e3o da cobertura vacinal.<\/p>\n<p>J\u00e1 a Secret\u00e1ria-executiva de Gest\u00e3o do Trabalho e Educa\u00e7\u00e3o na SES, Fernanda Tavares, falou sobre a import\u00e2ncia do Sistema \u00danico de Sa\u00fade (SUS) no enfrentamento \u00e0 pandemia.<\/p>\n<p>Tamb\u00e9m participaram da homenagem aos profissionais de sa\u00fade os representantes da Defensoria P\u00fablica do Estado, do Minist\u00e9rio P\u00fablico de Pernambuco (MPPE), da C\u00e2mara de Vereadores do Recife, dentre outras institui\u00e7\u00f5es do estado.<\/p>\n<p><a href=\"https:\/\/www.diariodepernambuco.com.br\/noticia\/politica\/2021\/12\/alepe-homenageia-profissionais-da-linha-de-frente-no-combate-a-pande.html\">Fonte: Diario de Pernambuco<\/a><\/p>\n","protected":false},"excerpt":{"rendered":"<p>Em reconhecimento ao trabalho que vem sendo realizado pelos profissionais da sa\u00fade durante a pandemia da Covid-19, o presidente da Assembleia Legislativa de Pernambuco (Alepe), deputado Eriberto Medeiros (PP), prop\u00f4s uma sess\u00e3o solene para homenagear a categoria. A solenidade reuniu representantes de entidades profissionais ligadas ao combate e preven\u00e7\u00e3o da pandemia junto \u00e0 popula\u00e7\u00e3o. Durante [&hellip;]<\/p>\n","protected":false},"author":1,"featured_media":0,"comment_status":"open","ping_status":"open","sticky":false,"template":"","format":"standard","meta":{"ocean_post_layout":"","ocean_both_sidebars_style":"","ocean_both_sidebars_content_width":0,"ocean_both_sidebars_sidebars_width":0,"ocean_sidebar":"","ocean_second_sidebar":"","ocean_disable_margins":"enable","ocean_add_body_class":"","ocean_shortcode_before_top_bar":"","ocean_shortcode_after_top_bar":"","ocean_shortcode_before_header":"","ocean_shortcode_after_header":"","ocean_has_shortcode":"","ocean_shortcode_after_title":"","ocean_shortcode_before_footer_widgets":"","ocean_shortcode_after_footer_widgets":"","ocean_shortcode_before_footer_bottom":"","ocean_shortcode_after_footer_bottom":"","ocean_display_top_bar":"default","ocean_display_header":"default","ocean_header_style":"","ocean_center_header_left_menu":"","ocean_custom_header_template":"","ocean_custom_logo":0,"ocean_custom_retina_logo":0,"ocean_custom_logo_max_width":0,"ocean_custom_logo_tablet_max_width":0,"ocean_custom_logo_mobile_max_width":0,"ocean_custom_logo_max_height":0,"ocean_custom_logo_tablet_max_height":0,"ocean_custom_logo_mobile_max_height":0,"ocean_header_custom_menu":"","ocean_menu_typo_font_family":"","ocean_menu_typo_font_subset":"","ocean_menu_typo_font_size":0,"ocean_menu_typo_font_size_tablet":0,"ocean_menu_typo_font_size_mobile":0,"ocean_menu_typo_font_size_unit":"px","ocean_menu_typo_font_weight":"","ocean_menu_typo_font_weight_tablet":"","ocean_menu_typo_font_weight_mobile":"","ocean_menu_typo_transform":"","ocean_menu_typo_transform_tablet":"","ocean_menu_typo_transform_mobile":"","ocean_menu_typo_line_height":0,"ocean_menu_typo_line_height_tablet":0,"ocean_menu_typo_line_height_mobile":0,"ocean_menu_typo_line_height_unit":"","ocean_menu_typo_spacing":0,"ocean_menu_typo_spacing_tablet":0,"ocean_menu_typo_spacing_mobile":0,"ocean_menu_typo_spacing_unit":"","ocean_menu_link_color":"","ocean_menu_link_color_hover":"","ocean_menu_link_color_active":"","ocean_menu_link_background":"","ocean_menu_link_hover_background":"","ocean_menu_link_active_background":"","ocean_menu_social_links_bg":"","ocean_menu_social_hover_links_bg":"","ocean_menu_social_links_color":"","ocean_menu_social_hover_links_color":"","ocean_disable_title":"default","ocean_disable_heading":"default","ocean_post_title":"","ocean_post_subheading":"","ocean_post_title_style":"","ocean_post_title_background_color":"","ocean_post_title_background":0,"ocean_post_title_bg_image_position":"","ocean_post_title_bg_image_attachment":"","ocean_post_title_bg_image_repeat":"","ocean_post_title_bg_image_size":"","ocean_post_title_height":0,"ocean_post_title_bg_overlay":0.5,"ocean_post_title_bg_overlay_color":"","ocean_disable_breadcrumbs":"default","ocean_breadcrumbs_color":"","ocean_breadcrumbs_separator_color":"","ocean_breadcrumbs_links_color":"","ocean_breadcrumbs_links_hover_color":"","ocean_display_footer_widgets":"default","ocean_display_footer_bottom":"default","ocean_custom_footer_template":"","ocean_post_oembed":"","ocean_post_self_hosted_media":"","ocean_post_video_embed":"","ocean_link_format":"","ocean_link_format_target":"self","ocean_quote_format":"","ocean_quote_format_link":"post","ocean_gallery_link_images":"on","ocean_gallery_id":[]},"categories":[1],"tags":[],"acf":[],"_links":{"self":[{"href":"https:\/\/www.simepe.com.br\/novo\/wp-json\/wp\/v2\/posts\/62424"}],"collection":[{"href":"https:\/\/www.simepe.com.br\/novo\/wp-json\/wp\/v2\/posts"}],"about":[{"href":"https:\/\/www.simepe.com.br\/novo\/wp-json\/wp\/v2\/types\/post"}],"author":[{"embeddable":true,"href":"https:\/\/www.simepe.com.br\/novo\/wp-json\/wp\/v2\/users\/1"}],"replies":[{"embeddable":true,"href":"https:\/\/www.simepe.com.br\/novo\/wp-json\/wp\/v2\/comments?post=62424"}],"version-history":[{"count":2,"href":"https:\/\/www.simepe.com.br\/novo\/wp-json\/wp\/v2\/posts\/62424\/revisions"}],"predecessor-version":[{"id":62426,"href":"https:\/\/www.simepe.com.br\/novo\/wp-json\/wp\/v2\/posts\/62424\/revisions\/62426"}],"wp:attachment":[{"href":"https:\/\/www.simepe.com.br\/novo\/wp-json\/wp\/v2\/media?parent=62424"}],"wp:term":[{"taxonomy":"category","embeddable":true,"href":"https:\/\/www.simepe.com.br\/novo\/wp-json\/wp\/v2\/categories?post=62424"},{"taxonomy":"post_tag","embeddable":true,"href":"https:\/\/www.simepe.com.br\/novo\/wp-json\/wp\/v2\/tags?post=62424"}],"curies":[{"name":"wp","href":"https:\/\/api.w.org\/{rel}","templated":true}]}}