{"id":62429,"date":"2021-12-08T11:08:24","date_gmt":"2021-12-08T14:08:24","guid":{"rendered":"https:\/\/www.simepe.com.br\/novo\/?p=62429"},"modified":"2022-01-06T16:27:25","modified_gmt":"2022-01-06T19:27:25","slug":"assembleia-legislativa-homenageia-profissionais-da-saude-de-pernambuco","status":"publish","type":"post","link":"https:\/\/www.simepe.com.br\/novo\/assembleia-legislativa-homenageia-profissionais-da-saude-de-pernambuco\/","title":{"rendered":"Assembleia Legislativa homenageia profissionais da sa\u00fade de Pernambuco"},"content":{"rendered":"<p>Os profissionais de sa\u00fade que trabalharam ou seguem atuando no enfrentamento \u00e0 pandemia em Pernambuco foram homenageados pela Alepe nessa ter\u00e7a (7). Solicitada pelo presidente da Casa, deputado Eriberto Medeiros (PP), a Reuni\u00e3o Solene contou com a presen\u00e7a de representantes de entidades profissionais diretamente envolvidas no trabalho de cuidado e prote\u00e7\u00e3o \u00e0 popula\u00e7\u00e3o.<\/p>\n<p>O parlamentar destacou o altru\u00edsmo daqueles que se expuseram ao risco para proteger o coletivo. \u201cTodos os que comp\u00f5em o Poder Legislativo s\u00e3o gratos a quem esteve na linha de frente do combate ao v\u00edrus, arriscando suas vidas para salvar tantas outras\u201d, observou.<\/p>\n<p>Presidindo a cerim\u00f4nia, o deputado Aglailson Victor (PSB) tamb\u00e9m fez seus agradecimentos. \u201cReconhecemos o compromisso, a humaniza\u00e7\u00e3o e a dedica\u00e7\u00e3o dos trabalhadores da sa\u00fade que, ao cuidarem do outro, cuidam de todos n\u00f3s e da sociedade pernambucana, porque compreendem que cada vida importa\u201d, registrou.<\/p>\n<p>Na ocasi\u00e3o, foram entregues placas de reconhecimento a representantes da Secretaria Estadual de Sa\u00fade (SES), do Conselho Regional de Medicina (Cremepe), do Conselho Regional de Enfermagem (Coren), do Sindicato dos M\u00e9dicos (Simepe), Sindicato dos Enfermeiros (Seepe) e do Sindicato dos Hospitais, Cl\u00ednicas, Casas de Sa\u00fade e Laborat\u00f3rios (Sindhosp).<\/p>\n<p><a href=\"https:\/\/blogdomarioflavio.com.br\/assembleia-legislativa-homenageia-profissionais-da-saude-de-pernambuco\/\">Fonte: Blog do M\u00e1rio Fl\u00e1vio<\/a><\/p>\n","protected":false},"excerpt":{"rendered":"<p>Os profissionais de sa\u00fade que trabalharam ou seguem atuando no enfrentamento \u00e0 pandemia em Pernambuco foram homenageados pela Alepe nessa ter\u00e7a (7). Solicitada pelo presidente da Casa, deputado Eriberto Medeiros (PP), a Reuni\u00e3o Solene contou com a presen\u00e7a de representantes de entidades profissionais diretamente envolvidas no trabalho de cuidado e prote\u00e7\u00e3o \u00e0 popula\u00e7\u00e3o. O parlamentar [&hellip;]<\/p>\n","protected":false},"author":1,"featured_media":0,"comment_status":"open","ping_status":"open","sticky":false,"template":"","format":"standard","meta":{"ocean_post_layout":"","ocean_both_sidebars_style":"","ocean_both_sidebars_content_width":0,"ocean_both_sidebars_sidebars_width":0,"ocean_sidebar":"","ocean_second_sidebar":"","ocean_disable_margins":"enable","ocean_add_body_class":"","ocean_shortcode_before_top_bar":"","ocean_shortcode_after_top_bar":"","ocean_shortcode_before_header":"","ocean_shortcode_after_header":"","ocean_has_shortcode":"","ocean_shortcode_after_title":"","ocean_shortcode_before_footer_widgets":"","ocean_shortcode_after_footer_widgets":"","ocean_shortcode_before_footer_bottom":"","ocean_shortcode_after_footer_bottom":"","ocean_display_top_bar":"default","ocean_display_header":"default","ocean_header_style":"","ocean_center_header_left_menu":"","ocean_custom_header_template":"","ocean_custom_logo":0,"ocean_custom_retina_logo":0,"ocean_custom_logo_max_width":0,"ocean_custom_logo_tablet_max_width":0,"ocean_custom_logo_mobile_max_width":0,"ocean_custom_logo_max_height":0,"ocean_custom_logo_tablet_max_height":0,"ocean_custom_logo_mobile_max_height":0,"ocean_header_custom_menu":"","ocean_menu_typo_font_family":"","ocean_menu_typo_font_subset":"","ocean_menu_typo_font_size":0,"ocean_menu_typo_font_size_tablet":0,"ocean_menu_typo_font_size_mobile":0,"ocean_menu_typo_font_size_unit":"px","ocean_menu_typo_font_weight":"","ocean_menu_typo_font_weight_tablet":"","ocean_menu_typo_font_weight_mobile":"","ocean_menu_typo_transform":"","ocean_menu_typo_transform_tablet":"","ocean_menu_typo_transform_mobile":"","ocean_menu_typo_line_height":0,"ocean_menu_typo_line_height_tablet":0,"ocean_menu_typo_line_height_mobile":0,"ocean_menu_typo_line_height_unit":"","ocean_menu_typo_spacing":0,"ocean_menu_typo_spacing_tablet":0,"ocean_menu_typo_spacing_mobile":0,"ocean_menu_typo_spacing_unit":"","ocean_menu_link_color":"","ocean_menu_link_color_hover":"","ocean_menu_link_color_active":"","ocean_menu_link_background":"","ocean_menu_link_hover_background":"","ocean_menu_link_active_background":"","ocean_menu_social_links_bg":"","ocean_menu_social_hover_links_bg":"","ocean_menu_social_links_color":"","ocean_menu_social_hover_links_color":"","ocean_disable_title":"default","ocean_disable_heading":"default","ocean_post_title":"","ocean_post_subheading":"","ocean_post_title_style":"","ocean_post_title_background_color":"","ocean_post_title_background":0,"ocean_post_title_bg_image_position":"","ocean_post_title_bg_image_attachment":"","ocean_post_title_bg_image_repeat":"","ocean_post_title_bg_image_size":"","ocean_post_title_height":0,"ocean_post_title_bg_overlay":0.5,"ocean_post_title_bg_overlay_color":"","ocean_disable_breadcrumbs":"default","ocean_breadcrumbs_color":"","ocean_breadcrumbs_separator_color":"","ocean_breadcrumbs_links_color":"","ocean_breadcrumbs_links_hover_color":"","ocean_display_footer_widgets":"default","ocean_display_footer_bottom":"default","ocean_custom_footer_template":"","ocean_post_oembed":"","ocean_post_self_hosted_media":"","ocean_post_video_embed":"","ocean_link_format":"","ocean_link_format_target":"self","ocean_quote_format":"","ocean_quote_format_link":"post","ocean_gallery_link_images":"on","ocean_gallery_id":[]},"categories":[1],"tags":[],"acf":[],"_links":{"self":[{"href":"https:\/\/www.simepe.com.br\/novo\/wp-json\/wp\/v2\/posts\/62429"}],"collection":[{"href":"https:\/\/www.simepe.com.br\/novo\/wp-json\/wp\/v2\/posts"}],"about":[{"href":"https:\/\/www.simepe.com.br\/novo\/wp-json\/wp\/v2\/types\/post"}],"author":[{"embeddable":true,"href":"https:\/\/www.simepe.com.br\/novo\/wp-json\/wp\/v2\/users\/1"}],"replies":[{"embeddable":true,"href":"https:\/\/www.simepe.com.br\/novo\/wp-json\/wp\/v2\/comments?post=62429"}],"version-history":[{"count":2,"href":"https:\/\/www.simepe.com.br\/novo\/wp-json\/wp\/v2\/posts\/62429\/revisions"}],"predecessor-version":[{"id":62476,"href":"https:\/\/www.simepe.com.br\/novo\/wp-json\/wp\/v2\/posts\/62429\/revisions\/62476"}],"wp:attachment":[{"href":"https:\/\/www.simepe.com.br\/novo\/wp-json\/wp\/v2\/media?parent=62429"}],"wp:term":[{"taxonomy":"category","embeddable":true,"href":"https:\/\/www.simepe.com.br\/novo\/wp-json\/wp\/v2\/categories?post=62429"},{"taxonomy":"post_tag","embeddable":true,"href":"https:\/\/www.simepe.com.br\/novo\/wp-json\/wp\/v2\/tags?post=62429"}],"curies":[{"name":"wp","href":"https:\/\/api.w.org\/{rel}","templated":true}]}}