{"id":65984,"date":"2023-11-27T16:22:44","date_gmt":"2023-11-27T19:22:44","guid":{"rendered":"https:\/\/www.simepe.com.br\/novo\/?p=65984"},"modified":"2023-11-27T16:22:44","modified_gmt":"2023-11-27T19:22:44","slug":"em-busca-de-melhorias-para-o-cisam-sindicato-se-reune-com-diretoria-da-unidade","status":"publish","type":"post","link":"https:\/\/www.simepe.com.br\/novo\/em-busca-de-melhorias-para-o-cisam-sindicato-se-reune-com-diretoria-da-unidade\/","title":{"rendered":"Em busca de melhorias para o CISAM, sindicato se re\u00fane com diretoria da unidade"},"content":{"rendered":"<p><em>O objetivo do Simepe, durante o encontro, foi construir de forma coletiva, propostas de medidas que busquem solucionar problemas enfrentados pela categoria que atua no local<\/em><\/p>\n<p>Nesta segunda-feira (27), o Sindicato dos M\u00e9dicos de Pernambuco (Simepe), se reuniu com equipe que comp\u00f5e a gest\u00e3o do Centro Universit\u00e1rio Integrado de Sa\u00fade Amaury de Medeiros (CISAM), para discutir, propor e construir, de forma conjunta, medidas que busquem solucionar problemas enfrentados pelos m\u00e9dicos e demais profissionais que atuam na unidade. Entre as iniciativas apontadas durante o encontro, de forma consensual, estava a redu\u00e7\u00e3o na oferta de leitos, pelo servi\u00e7o de sa\u00fade, como medida de diminui\u00e7\u00e3o da sobrecarga enfrentada pelos profissionais.<\/p>\n<p>O presidente do Simepe, Walber Steffano, destaca o porqu\u00ea da medida proposta por ambas as frentes envolvidas na reuni\u00e3o. \u201cH\u00e1 uma grande preocupa\u00e7\u00e3o com a qualidade do servi\u00e7o que \u00e9 oferecido \u00e0s m\u00e3es e aos beb\u00eas. Por isso, de forma consensual, compreendemos que a redu\u00e7\u00e3o da oferta de leitos \u00e9 uma medida necess\u00e1ria para que o m\u00e9dico e demais profissionais da sa\u00fade tenham condi\u00e7\u00f5es de atender da melhor maneira os pacientes do CISAM. Essa medida s\u00f3 se faz necess\u00e1ria devido a n\u00e3o convoca\u00e7\u00e3o de um concurso p\u00fablico para que haja um preenchimento das vagas que hoje est\u00e3o vacantes, afetando diretamente a composi\u00e7\u00e3o de escalas\u201d, pontuou o presidente Walber.<\/p>\n<p>O Simepe destaca que seguir\u00e1 acompanhando atentamente a realidade vivida por profissionais de sa\u00fade no local, assim como seguir\u00e1 atuando na defesa do profissional m\u00e9dico que, h\u00e1 anos, enfrentam essas demandas no CISAM.<\/p>\n","protected":false},"excerpt":{"rendered":"<p>O objetivo do Simepe, durante o encontro, foi construir de forma coletiva, propostas de medidas que busquem solucionar problemas enfrentados pela categoria que atua no local Nesta segunda-feira (27), o Sindicato dos M\u00e9dicos de Pernambuco (Simepe), se reuniu com equipe que comp\u00f5e a gest\u00e3o do Centro Universit\u00e1rio Integrado de Sa\u00fade Amaury de Medeiros (CISAM), para [&hellip;]<\/p>\n","protected":false},"author":18,"featured_media":65985,"comment_status":"open","ping_status":"open","sticky":false,"template":"","format":"standard","meta":{"ocean_post_layout":"","ocean_both_sidebars_style":"","ocean_both_sidebars_content_width":0,"ocean_both_sidebars_sidebars_width":0,"ocean_sidebar":"","ocean_second_sidebar":"","ocean_disable_margins":"enable","ocean_add_body_class":"","ocean_shortcode_before_top_bar":"","ocean_shortcode_after_top_bar":"","ocean_shortcode_before_header":"","ocean_shortcode_after_header":"","ocean_has_shortcode":"","ocean_shortcode_after_title":"","ocean_shortcode_before_footer_widgets":"","ocean_shortcode_after_footer_widgets":"","ocean_shortcode_before_footer_bottom":"","ocean_shortcode_after_footer_bottom":"","ocean_display_top_bar":"default","ocean_display_header":"default","ocean_header_style":"","ocean_center_header_left_menu":"","ocean_custom_header_template":"","ocean_custom_logo":0,"ocean_custom_retina_logo":0,"ocean_custom_logo_max_width":0,"ocean_custom_logo_tablet_max_width":0,"ocean_custom_logo_mobile_max_width":0,"ocean_custom_logo_max_height":0,"ocean_custom_logo_tablet_max_height":0,"ocean_custom_logo_mobile_max_height":0,"ocean_header_custom_menu":"","ocean_menu_typo_font_family":"","ocean_menu_typo_font_subset":"","ocean_menu_typo_font_size":0,"ocean_menu_typo_font_size_tablet":0,"ocean_menu_typo_font_size_mobile":0,"ocean_menu_typo_font_size_unit":"px","ocean_menu_typo_font_weight":"","ocean_menu_typo_font_weight_tablet":"","ocean_menu_typo_font_weight_mobile":"","ocean_menu_typo_transform":"","ocean_menu_typo_transform_tablet":"","ocean_menu_typo_transform_mobile":"","ocean_menu_typo_line_height":0,"ocean_menu_typo_line_height_tablet":0,"ocean_menu_typo_line_height_mobile":0,"ocean_menu_typo_line_height_unit":"","ocean_menu_typo_spacing":0,"ocean_menu_typo_spacing_tablet":0,"ocean_menu_typo_spacing_mobile":0,"ocean_menu_typo_spacing_unit":"","ocean_menu_link_color":"","ocean_menu_link_color_hover":"","ocean_menu_link_color_active":"","ocean_menu_link_background":"","ocean_menu_link_hover_background":"","ocean_menu_link_active_background":"","ocean_menu_social_links_bg":"","ocean_menu_social_hover_links_bg":"","ocean_menu_social_links_color":"","ocean_menu_social_hover_links_color":"","ocean_disable_title":"default","ocean_disable_heading":"default","ocean_post_title":"","ocean_post_subheading":"","ocean_post_title_style":"","ocean_post_title_background_color":"","ocean_post_title_background":0,"ocean_post_title_bg_image_position":"","ocean_post_title_bg_image_attachment":"","ocean_post_title_bg_image_repeat":"","ocean_post_title_bg_image_size":"","ocean_post_title_height":0,"ocean_post_title_bg_overlay":0.5,"ocean_post_title_bg_overlay_color":"","ocean_disable_breadcrumbs":"default","ocean_breadcrumbs_color":"","ocean_breadcrumbs_separator_color":"","ocean_breadcrumbs_links_color":"","ocean_breadcrumbs_links_hover_color":"","ocean_display_footer_widgets":"default","ocean_display_footer_bottom":"default","ocean_custom_footer_template":"","ocean_post_oembed":"","ocean_post_self_hosted_media":"","ocean_post_video_embed":"","ocean_link_format":"","ocean_link_format_target":"self","ocean_quote_format":"","ocean_quote_format_link":"post","ocean_gallery_link_images":"on","ocean_gallery_id":[]},"categories":[1796],"tags":[],"acf":[],"_links":{"self":[{"href":"https:\/\/www.simepe.com.br\/novo\/wp-json\/wp\/v2\/posts\/65984"}],"collection":[{"href":"https:\/\/www.simepe.com.br\/novo\/wp-json\/wp\/v2\/posts"}],"about":[{"href":"https:\/\/www.simepe.com.br\/novo\/wp-json\/wp\/v2\/types\/post"}],"author":[{"embeddable":true,"href":"https:\/\/www.simepe.com.br\/novo\/wp-json\/wp\/v2\/users\/18"}],"replies":[{"embeddable":true,"href":"https:\/\/www.simepe.com.br\/novo\/wp-json\/wp\/v2\/comments?post=65984"}],"version-history":[{"count":1,"href":"https:\/\/www.simepe.com.br\/novo\/wp-json\/wp\/v2\/posts\/65984\/revisions"}],"predecessor-version":[{"id":65986,"href":"https:\/\/www.simepe.com.br\/novo\/wp-json\/wp\/v2\/posts\/65984\/revisions\/65986"}],"wp:featuredmedia":[{"embeddable":true,"href":"https:\/\/www.simepe.com.br\/novo\/wp-json\/wp\/v2\/media\/65985"}],"wp:attachment":[{"href":"https:\/\/www.simepe.com.br\/novo\/wp-json\/wp\/v2\/media?parent=65984"}],"wp:term":[{"taxonomy":"category","embeddable":true,"href":"https:\/\/www.simepe.com.br\/novo\/wp-json\/wp\/v2\/categories?post=65984"},{"taxonomy":"post_tag","embeddable":true,"href":"https:\/\/www.simepe.com.br\/novo\/wp-json\/wp\/v2\/tags?post=65984"}],"curies":[{"name":"wp","href":"https:\/\/api.w.org\/{rel}","templated":true}]}}