{"id":66035,"date":"2023-12-12T19:26:41","date_gmt":"2023-12-12T22:26:41","guid":{"rendered":"https:\/\/www.simepe.com.br\/novo\/?p=66035"},"modified":"2023-12-14T13:32:23","modified_gmt":"2023-12-14T16:32:23","slug":"simepe-se-reune-com-o-secretario-de-saude-de-petrolina-para-debater-demandas-da-categoria","status":"publish","type":"post","link":"https:\/\/www.simepe.com.br\/novo\/simepe-se-reune-com-o-secretario-de-saude-de-petrolina-para-debater-demandas-da-categoria\/","title":{"rendered":"Simepe se re\u00fane com o secret\u00e1rio de Sa\u00fade de Petrolina para debater demandas da categoria"},"content":{"rendered":"<p>Na tarde desta ter\u00e7a-feira (12), o Simepe realizou uma reuni\u00e3o com o secret\u00e1rio de Sa\u00fade de Petrolina, Jo\u00e3o Luis, e o m\u00e9dico da gest\u00e3o municipal, Erick Oliveira para discutir quest\u00f5es fundamentais relacionadas \u00e0 sa\u00fade e ao trabalho dos m\u00e9dicos na regi\u00e3o. Representando o sindicato, participaram do encontro a vice-presidente Ana Carolina Tabosa, a secret\u00e1ria-geral Claudia Beatriz, o diretor regional Jos\u00e9 Alberto e o advogado da entidade Jo\u00e3o Moreira.<\/p>\n<p>Durante a discuss\u00e3o, diversos t\u00f3picos foram abordados, refletindo as demandas da categoria ao Secret\u00e1rio de Sa\u00fade, como: recomposi\u00e7\u00e3o salarial; cria\u00e7\u00e3o de um Plano de Cargos, Carreiras e Vencimentos (PCCV) para a categoria; chamamento dos m\u00e9dicos do \u00faltimo concurso; melhoria da infraestrutura e seguran\u00e7a; disponibilidade de materiais e insumos; assim como a amplia\u00e7\u00e3o da rede de urg\u00eancia e emerg\u00eancia.<\/p>\n<p>A pedido da Secretaria de Sa\u00fade, a nova reuni\u00e3o ficou agendada para o dia 25 de janeiro para que fosse poss\u00edvel realizar o estudo do impacto financeiro e, assim, o munic\u00edpio poder avan\u00e7ar nas pautas.<\/p>\n<p>O sindicato seguir\u00e1 vigilante e firme nas cobran\u00e7as por melhorias efetivas para Petrolina.<\/p>\n","protected":false},"excerpt":{"rendered":"<p>Na tarde desta ter\u00e7a-feira (12), o Simepe realizou uma reuni\u00e3o com o secret\u00e1rio de Sa\u00fade de Petrolina, Jo\u00e3o Luis, e o m\u00e9dico da gest\u00e3o municipal, Erick Oliveira para discutir quest\u00f5es fundamentais relacionadas \u00e0 sa\u00fade e ao trabalho dos m\u00e9dicos na regi\u00e3o. Representando o sindicato, participaram do encontro a vice-presidente Ana Carolina Tabosa, a secret\u00e1ria-geral Claudia [&hellip;]<\/p>\n","protected":false},"author":19,"featured_media":66036,"comment_status":"open","ping_status":"open","sticky":false,"template":"","format":"standard","meta":{"ocean_post_layout":"","ocean_both_sidebars_style":"","ocean_both_sidebars_content_width":0,"ocean_both_sidebars_sidebars_width":0,"ocean_sidebar":"","ocean_second_sidebar":"","ocean_disable_margins":"enable","ocean_add_body_class":"","ocean_shortcode_before_top_bar":"","ocean_shortcode_after_top_bar":"","ocean_shortcode_before_header":"","ocean_shortcode_after_header":"","ocean_has_shortcode":"","ocean_shortcode_after_title":"","ocean_shortcode_before_footer_widgets":"","ocean_shortcode_after_footer_widgets":"","ocean_shortcode_before_footer_bottom":"","ocean_shortcode_after_footer_bottom":"","ocean_display_top_bar":"default","ocean_display_header":"default","ocean_header_style":"","ocean_center_header_left_menu":"","ocean_custom_header_template":"","ocean_custom_logo":0,"ocean_custom_retina_logo":0,"ocean_custom_logo_max_width":0,"ocean_custom_logo_tablet_max_width":0,"ocean_custom_logo_mobile_max_width":0,"ocean_custom_logo_max_height":0,"ocean_custom_logo_tablet_max_height":0,"ocean_custom_logo_mobile_max_height":0,"ocean_header_custom_menu":"","ocean_menu_typo_font_family":"","ocean_menu_typo_font_subset":"","ocean_menu_typo_font_size":0,"ocean_menu_typo_font_size_tablet":0,"ocean_menu_typo_font_size_mobile":0,"ocean_menu_typo_font_size_unit":"px","ocean_menu_typo_font_weight":"","ocean_menu_typo_font_weight_tablet":"","ocean_menu_typo_font_weight_mobile":"","ocean_menu_typo_transform":"","ocean_menu_typo_transform_tablet":"","ocean_menu_typo_transform_mobile":"","ocean_menu_typo_line_height":0,"ocean_menu_typo_line_height_tablet":0,"ocean_menu_typo_line_height_mobile":0,"ocean_menu_typo_line_height_unit":"","ocean_menu_typo_spacing":0,"ocean_menu_typo_spacing_tablet":0,"ocean_menu_typo_spacing_mobile":0,"ocean_menu_typo_spacing_unit":"","ocean_menu_link_color":"","ocean_menu_link_color_hover":"","ocean_menu_link_color_active":"","ocean_menu_link_background":"","ocean_menu_link_hover_background":"","ocean_menu_link_active_background":"","ocean_menu_social_links_bg":"","ocean_menu_social_hover_links_bg":"","ocean_menu_social_links_color":"","ocean_menu_social_hover_links_color":"","ocean_disable_title":"default","ocean_disable_heading":"default","ocean_post_title":"","ocean_post_subheading":"","ocean_post_title_style":"","ocean_post_title_background_color":"","ocean_post_title_background":0,"ocean_post_title_bg_image_position":"","ocean_post_title_bg_image_attachment":"","ocean_post_title_bg_image_repeat":"","ocean_post_title_bg_image_size":"","ocean_post_title_height":0,"ocean_post_title_bg_overlay":0.5,"ocean_post_title_bg_overlay_color":"","ocean_disable_breadcrumbs":"default","ocean_breadcrumbs_color":"","ocean_breadcrumbs_separator_color":"","ocean_breadcrumbs_links_color":"","ocean_breadcrumbs_links_hover_color":"","ocean_display_footer_widgets":"default","ocean_display_footer_bottom":"default","ocean_custom_footer_template":"","ocean_post_oembed":"","ocean_post_self_hosted_media":"","ocean_post_video_embed":"","ocean_link_format":"","ocean_link_format_target":"self","ocean_quote_format":"","ocean_quote_format_link":"post","ocean_gallery_link_images":"on","ocean_gallery_id":[]},"categories":[1796,1],"tags":[],"acf":[],"_links":{"self":[{"href":"https:\/\/www.simepe.com.br\/novo\/wp-json\/wp\/v2\/posts\/66035"}],"collection":[{"href":"https:\/\/www.simepe.com.br\/novo\/wp-json\/wp\/v2\/posts"}],"about":[{"href":"https:\/\/www.simepe.com.br\/novo\/wp-json\/wp\/v2\/types\/post"}],"author":[{"embeddable":true,"href":"https:\/\/www.simepe.com.br\/novo\/wp-json\/wp\/v2\/users\/19"}],"replies":[{"embeddable":true,"href":"https:\/\/www.simepe.com.br\/novo\/wp-json\/wp\/v2\/comments?post=66035"}],"version-history":[{"count":1,"href":"https:\/\/www.simepe.com.br\/novo\/wp-json\/wp\/v2\/posts\/66035\/revisions"}],"predecessor-version":[{"id":66037,"href":"https:\/\/www.simepe.com.br\/novo\/wp-json\/wp\/v2\/posts\/66035\/revisions\/66037"}],"wp:featuredmedia":[{"embeddable":true,"href":"https:\/\/www.simepe.com.br\/novo\/wp-json\/wp\/v2\/media\/66036"}],"wp:attachment":[{"href":"https:\/\/www.simepe.com.br\/novo\/wp-json\/wp\/v2\/media?parent=66035"}],"wp:term":[{"taxonomy":"category","embeddable":true,"href":"https:\/\/www.simepe.com.br\/novo\/wp-json\/wp\/v2\/categories?post=66035"},{"taxonomy":"post_tag","embeddable":true,"href":"https:\/\/www.simepe.com.br\/novo\/wp-json\/wp\/v2\/tags?post=66035"}],"curies":[{"name":"wp","href":"https:\/\/api.w.org\/{rel}","templated":true}]}}