{"id":66052,"date":"2023-12-22T20:09:59","date_gmt":"2023-12-22T23:09:59","guid":{"rendered":"https:\/\/www.simepe.com.br\/novo\/?p=66052"},"modified":"2024-02-27T15:29:48","modified_gmt":"2024-02-27T18:29:48","slug":"com-atraso-em-sua-remuneracao-maior-que-12-meses-medicos-prestadores-do-saude-recife-decretam-paralisacao","status":"publish","type":"post","link":"https:\/\/www.simepe.com.br\/novo\/com-atraso-em-sua-remuneracao-maior-que-12-meses-medicos-prestadores-do-saude-recife-decretam-paralisacao\/","title":{"rendered":"Com atraso salarial de mais de um ano, m\u00e9dicos do Sa\u00fade Recife decretam paralisa\u00e7\u00e3o"},"content":{"rendered":"<p>O Sindicato dos M\u00e9dicos de Pernambuco (Simepe), por meio da Comiss\u00e3o Estadual de Honor\u00e1rios M\u00e9dicos de Pernambuco (CEHM\/PE), realizou Assembleia Geral Extraordin\u00e1ria (AGE) com os m\u00e9dicos que atendem o programa do Sa\u00fade Recife, na noite da \u00faltima ter\u00e7a-feira (19). Representando o sindicato, participaram os diretores \u00c1lvaro Campos, Sylvio Vasconcellos e Rodrigo Rosas.<\/p>\n<p>Por unanimidade, os m\u00e9dicos que participaram da AGE votaram pela paralisa\u00e7\u00e3o dos atendimentos e realiza\u00e7\u00e3o dos exames eletivos, a partir do dia 26 de dezembro de 2023. Isso porque os m\u00e9dicos do programa est\u00e3o com atrasos nos pagamentos de servi\u00e7os prestados h\u00e1 mais de um ano e seguem sem reajuste h\u00e1 mais de dez anos.<\/p>\n<p>O Simepe seguir\u00e1 firme na cobran\u00e7a e na luta para que os honor\u00e1rios m\u00e9dicos desses profissionais sejam regularizados. A entidade refor\u00e7a tamb\u00e9m o seu compromisso em defender o m\u00e9dico no que for necess\u00e1rio, colocando-se sempre \u00e0 disposi\u00e7\u00e3o para atend\u00ea-lo.<\/p>\n","protected":false},"excerpt":{"rendered":"<p>O Sindicato dos M\u00e9dicos de Pernambuco (Simepe), por meio da Comiss\u00e3o Estadual de Honor\u00e1rios M\u00e9dicos de Pernambuco (CEHM\/PE), realizou Assembleia Geral Extraordin\u00e1ria (AGE) com os m\u00e9dicos que atendem o programa do Sa\u00fade Recife, na noite da \u00faltima ter\u00e7a-feira (19). Representando o sindicato, participaram os diretores \u00c1lvaro Campos, Sylvio Vasconcellos e Rodrigo Rosas. Por unanimidade, os [&hellip;]<\/p>\n","protected":false},"author":19,"featured_media":66053,"comment_status":"open","ping_status":"open","sticky":false,"template":"","format":"standard","meta":{"ocean_post_layout":"","ocean_both_sidebars_style":"","ocean_both_sidebars_content_width":0,"ocean_both_sidebars_sidebars_width":0,"ocean_sidebar":"","ocean_second_sidebar":"","ocean_disable_margins":"enable","ocean_add_body_class":"","ocean_shortcode_before_top_bar":"","ocean_shortcode_after_top_bar":"","ocean_shortcode_before_header":"","ocean_shortcode_after_header":"","ocean_has_shortcode":"","ocean_shortcode_after_title":"","ocean_shortcode_before_footer_widgets":"","ocean_shortcode_after_footer_widgets":"","ocean_shortcode_before_footer_bottom":"","ocean_shortcode_after_footer_bottom":"","ocean_display_top_bar":"default","ocean_display_header":"default","ocean_header_style":"","ocean_center_header_left_menu":"","ocean_custom_header_template":"","ocean_custom_logo":0,"ocean_custom_retina_logo":0,"ocean_custom_logo_max_width":0,"ocean_custom_logo_tablet_max_width":0,"ocean_custom_logo_mobile_max_width":0,"ocean_custom_logo_max_height":0,"ocean_custom_logo_tablet_max_height":0,"ocean_custom_logo_mobile_max_height":0,"ocean_header_custom_menu":"","ocean_menu_typo_font_family":"","ocean_menu_typo_font_subset":"","ocean_menu_typo_font_size":0,"ocean_menu_typo_font_size_tablet":0,"ocean_menu_typo_font_size_mobile":0,"ocean_menu_typo_font_size_unit":"px","ocean_menu_typo_font_weight":"","ocean_menu_typo_font_weight_tablet":"","ocean_menu_typo_font_weight_mobile":"","ocean_menu_typo_transform":"","ocean_menu_typo_transform_tablet":"","ocean_menu_typo_transform_mobile":"","ocean_menu_typo_line_height":0,"ocean_menu_typo_line_height_tablet":0,"ocean_menu_typo_line_height_mobile":0,"ocean_menu_typo_line_height_unit":"","ocean_menu_typo_spacing":0,"ocean_menu_typo_spacing_tablet":0,"ocean_menu_typo_spacing_mobile":0,"ocean_menu_typo_spacing_unit":"","ocean_menu_link_color":"","ocean_menu_link_color_hover":"","ocean_menu_link_color_active":"","ocean_menu_link_background":"","ocean_menu_link_hover_background":"","ocean_menu_link_active_background":"","ocean_menu_social_links_bg":"","ocean_menu_social_hover_links_bg":"","ocean_menu_social_links_color":"","ocean_menu_social_hover_links_color":"","ocean_disable_title":"default","ocean_disable_heading":"default","ocean_post_title":"","ocean_post_subheading":"","ocean_post_title_style":"","ocean_post_title_background_color":"","ocean_post_title_background":0,"ocean_post_title_bg_image_position":"","ocean_post_title_bg_image_attachment":"","ocean_post_title_bg_image_repeat":"","ocean_post_title_bg_image_size":"","ocean_post_title_height":0,"ocean_post_title_bg_overlay":0.5,"ocean_post_title_bg_overlay_color":"","ocean_disable_breadcrumbs":"default","ocean_breadcrumbs_color":"","ocean_breadcrumbs_separator_color":"","ocean_breadcrumbs_links_color":"","ocean_breadcrumbs_links_hover_color":"","ocean_display_footer_widgets":"default","ocean_display_footer_bottom":"default","ocean_custom_footer_template":"","ocean_post_oembed":"","ocean_post_self_hosted_media":"","ocean_post_video_embed":"","ocean_link_format":"","ocean_link_format_target":"self","ocean_quote_format":"","ocean_quote_format_link":"post","ocean_gallery_link_images":"on","ocean_gallery_id":[]},"categories":[1796,3944,1],"tags":[],"acf":[],"_links":{"self":[{"href":"https:\/\/www.simepe.com.br\/novo\/wp-json\/wp\/v2\/posts\/66052"}],"collection":[{"href":"https:\/\/www.simepe.com.br\/novo\/wp-json\/wp\/v2\/posts"}],"about":[{"href":"https:\/\/www.simepe.com.br\/novo\/wp-json\/wp\/v2\/types\/post"}],"author":[{"embeddable":true,"href":"https:\/\/www.simepe.com.br\/novo\/wp-json\/wp\/v2\/users\/19"}],"replies":[{"embeddable":true,"href":"https:\/\/www.simepe.com.br\/novo\/wp-json\/wp\/v2\/comments?post=66052"}],"version-history":[{"count":6,"href":"https:\/\/www.simepe.com.br\/novo\/wp-json\/wp\/v2\/posts\/66052\/revisions"}],"predecessor-version":[{"id":66059,"href":"https:\/\/www.simepe.com.br\/novo\/wp-json\/wp\/v2\/posts\/66052\/revisions\/66059"}],"wp:featuredmedia":[{"embeddable":true,"href":"https:\/\/www.simepe.com.br\/novo\/wp-json\/wp\/v2\/media\/66053"}],"wp:attachment":[{"href":"https:\/\/www.simepe.com.br\/novo\/wp-json\/wp\/v2\/media?parent=66052"}],"wp:term":[{"taxonomy":"category","embeddable":true,"href":"https:\/\/www.simepe.com.br\/novo\/wp-json\/wp\/v2\/categories?post=66052"},{"taxonomy":"post_tag","embeddable":true,"href":"https:\/\/www.simepe.com.br\/novo\/wp-json\/wp\/v2\/tags?post=66052"}],"curies":[{"name":"wp","href":"https:\/\/api.w.org\/{rel}","templated":true}]}}