{"id":66079,"date":"2024-01-09T13:21:15","date_gmt":"2024-01-09T16:21:15","guid":{"rendered":"https:\/\/www.simepe.com.br\/novo\/?p=66079"},"modified":"2024-01-09T13:22:52","modified_gmt":"2024-01-09T16:22:52","slug":"medicos-preceptores-da-prefeitura-do-recife-lutam-por-valorizacao-e-reconhecimento-profissional","status":"publish","type":"post","link":"https:\/\/www.simepe.com.br\/novo\/medicos-preceptores-da-prefeitura-do-recife-lutam-por-valorizacao-e-reconhecimento-profissional\/","title":{"rendered":"M\u00e9dicos preceptores da Prefeitura do Recife lutam por valoriza\u00e7\u00e3o e reconhecimento profissional"},"content":{"rendered":"<p>A diretora do Simepe, Lilian Parra, coordenou na noite desta segunda-feira (08\/01), reuni\u00e3o On-Line\/Via Zoom, com os m\u00e9dicos preceptores da Prefeitura do Recife, para tratar de quest\u00f5es relacionadas ao trabalho dos profissionais nas unidades de sa\u00fade. Participaram tamb\u00e9m da reuni\u00e3o os diretores Jos\u00e9 Ten\u00f3rio, Rodrigo Rosas, Sylvio Vasconcelos e Jamilly Leite.<\/p>\n<p>O objetivo principal foi discutir a realidade atual da preceptoria com os alunos de medicina das universidades p\u00fablicas e privadas, bem como buscar formas de valoriza\u00e7\u00e3o e reconhecimento profissional. Os m\u00e9dicos afirmam que se sentem \u201cinjusti\u00e7ados\u201d uma vez que n\u00e3o recebem gratifica\u00e7\u00e3o de incentivo, reivindicaram aten\u00e7\u00e3o e respeito, por parte da gest\u00e3o municipal do Recife.<\/p>\n<p>Ao final da reuni\u00e3o, os m\u00e9dicos aprovaram, por ampla maioria, propostas de folga semanal, gratifica\u00e7\u00e3o de incentivo e melhorias das condi\u00e7\u00f5es de trabalho que ser\u00e3o levadas, atrav\u00e9s de comiss\u00e3o da categoria junto ao Simepe para reuni\u00e3o com a Secretaria de Sa\u00fade do Recife.<\/p>\n<p>O Sindicato acentua que, assumido seu compromisso com a categoria, seguir\u00e1 atento e cobrando solu\u00e7\u00f5es imediatas para os problemas vivenciados pelos m\u00e9dicos preceptores da PCR.<\/p>\n","protected":false},"excerpt":{"rendered":"<p>A diretora do Simepe, Lilian Parra, coordenou na noite desta segunda-feira (08\/01), reuni\u00e3o On-Line\/Via Zoom, com os m\u00e9dicos preceptores da Prefeitura do Recife, para tratar de quest\u00f5es relacionadas ao trabalho dos profissionais nas unidades de sa\u00fade. Participaram tamb\u00e9m da reuni\u00e3o os diretores Jos\u00e9 Ten\u00f3rio, Rodrigo Rosas, Sylvio Vasconcelos e Jamilly Leite. O objetivo principal foi [&hellip;]<\/p>\n","protected":false},"author":2,"featured_media":66080,"comment_status":"open","ping_status":"open","sticky":false,"template":"","format":"standard","meta":{"ocean_post_layout":"","ocean_both_sidebars_style":"","ocean_both_sidebars_content_width":0,"ocean_both_sidebars_sidebars_width":0,"ocean_sidebar":"","ocean_second_sidebar":"","ocean_disable_margins":"enable","ocean_add_body_class":"","ocean_shortcode_before_top_bar":"","ocean_shortcode_after_top_bar":"","ocean_shortcode_before_header":"","ocean_shortcode_after_header":"","ocean_has_shortcode":"","ocean_shortcode_after_title":"","ocean_shortcode_before_footer_widgets":"","ocean_shortcode_after_footer_widgets":"","ocean_shortcode_before_footer_bottom":"","ocean_shortcode_after_footer_bottom":"","ocean_display_top_bar":"default","ocean_display_header":"default","ocean_header_style":"","ocean_center_header_left_menu":"","ocean_custom_header_template":"","ocean_custom_logo":0,"ocean_custom_retina_logo":0,"ocean_custom_logo_max_width":0,"ocean_custom_logo_tablet_max_width":0,"ocean_custom_logo_mobile_max_width":0,"ocean_custom_logo_max_height":0,"ocean_custom_logo_tablet_max_height":0,"ocean_custom_logo_mobile_max_height":0,"ocean_header_custom_menu":"","ocean_menu_typo_font_family":"","ocean_menu_typo_font_subset":"","ocean_menu_typo_font_size":0,"ocean_menu_typo_font_size_tablet":0,"ocean_menu_typo_font_size_mobile":0,"ocean_menu_typo_font_size_unit":"px","ocean_menu_typo_font_weight":"","ocean_menu_typo_font_weight_tablet":"","ocean_menu_typo_font_weight_mobile":"","ocean_menu_typo_transform":"","ocean_menu_typo_transform_tablet":"","ocean_menu_typo_transform_mobile":"","ocean_menu_typo_line_height":0,"ocean_menu_typo_line_height_tablet":0,"ocean_menu_typo_line_height_mobile":0,"ocean_menu_typo_line_height_unit":"","ocean_menu_typo_spacing":0,"ocean_menu_typo_spacing_tablet":0,"ocean_menu_typo_spacing_mobile":0,"ocean_menu_typo_spacing_unit":"","ocean_menu_link_color":"","ocean_menu_link_color_hover":"","ocean_menu_link_color_active":"","ocean_menu_link_background":"","ocean_menu_link_hover_background":"","ocean_menu_link_active_background":"","ocean_menu_social_links_bg":"","ocean_menu_social_hover_links_bg":"","ocean_menu_social_links_color":"","ocean_menu_social_hover_links_color":"","ocean_disable_title":"default","ocean_disable_heading":"default","ocean_post_title":"","ocean_post_subheading":"","ocean_post_title_style":"","ocean_post_title_background_color":"","ocean_post_title_background":0,"ocean_post_title_bg_image_position":"","ocean_post_title_bg_image_attachment":"","ocean_post_title_bg_image_repeat":"","ocean_post_title_bg_image_size":"","ocean_post_title_height":0,"ocean_post_title_bg_overlay":0.5,"ocean_post_title_bg_overlay_color":"","ocean_disable_breadcrumbs":"default","ocean_breadcrumbs_color":"","ocean_breadcrumbs_separator_color":"","ocean_breadcrumbs_links_color":"","ocean_breadcrumbs_links_hover_color":"","ocean_display_footer_widgets":"default","ocean_display_footer_bottom":"default","ocean_custom_footer_template":"","ocean_post_oembed":"","ocean_post_self_hosted_media":"","ocean_post_video_embed":"","ocean_link_format":"","ocean_link_format_target":"self","ocean_quote_format":"","ocean_quote_format_link":"post","ocean_gallery_link_images":"on","ocean_gallery_id":[]},"categories":[1796],"tags":[],"acf":[],"_links":{"self":[{"href":"https:\/\/www.simepe.com.br\/novo\/wp-json\/wp\/v2\/posts\/66079"}],"collection":[{"href":"https:\/\/www.simepe.com.br\/novo\/wp-json\/wp\/v2\/posts"}],"about":[{"href":"https:\/\/www.simepe.com.br\/novo\/wp-json\/wp\/v2\/types\/post"}],"author":[{"embeddable":true,"href":"https:\/\/www.simepe.com.br\/novo\/wp-json\/wp\/v2\/users\/2"}],"replies":[{"embeddable":true,"href":"https:\/\/www.simepe.com.br\/novo\/wp-json\/wp\/v2\/comments?post=66079"}],"version-history":[{"count":1,"href":"https:\/\/www.simepe.com.br\/novo\/wp-json\/wp\/v2\/posts\/66079\/revisions"}],"predecessor-version":[{"id":66081,"href":"https:\/\/www.simepe.com.br\/novo\/wp-json\/wp\/v2\/posts\/66079\/revisions\/66081"}],"wp:featuredmedia":[{"embeddable":true,"href":"https:\/\/www.simepe.com.br\/novo\/wp-json\/wp\/v2\/media\/66080"}],"wp:attachment":[{"href":"https:\/\/www.simepe.com.br\/novo\/wp-json\/wp\/v2\/media?parent=66079"}],"wp:term":[{"taxonomy":"category","embeddable":true,"href":"https:\/\/www.simepe.com.br\/novo\/wp-json\/wp\/v2\/categories?post=66079"},{"taxonomy":"post_tag","embeddable":true,"href":"https:\/\/www.simepe.com.br\/novo\/wp-json\/wp\/v2\/tags?post=66079"}],"curies":[{"name":"wp","href":"https:\/\/api.w.org\/{rel}","templated":true}]}}