{"id":66102,"date":"2024-01-19T10:57:14","date_gmt":"2024-01-19T13:57:14","guid":{"rendered":"https:\/\/www.simepe.com.br\/novo\/?p=66102"},"modified":"2024-02-21T15:55:13","modified_gmt":"2024-02-21T18:55:13","slug":"mmedicos-do-programa-mais-medicos-cobram-resposta-efetiva-do-auxilio-moradia-a-pcr","status":"publish","type":"post","link":"https:\/\/www.simepe.com.br\/novo\/mmedicos-do-programa-mais-medicos-cobram-resposta-efetiva-do-auxilio-moradia-a-pcr\/","title":{"rendered":"M\u00e9dicos do Programa Mais M\u00e9dicos cobram resposta efetiva do aux\u00edlio-moradia \u00e0 PCR"},"content":{"rendered":"<p>Sob a coordena\u00e7\u00e3o dos diretores do Simepe \u2013 Rodrigo Rosas e Fernando Junior \u2013 foi realizada na tarde desta quinta-feira (18\/01\/24), a Assembleia Geral Extraordin\u00e1ria (AGE), com a participa\u00e7\u00e3o expressiva dos m\u00e9dicos vinculados ao Programa Mais M\u00e9dicos da Prefeitura da Cidade do Recife (PCR). A AGE aconteceu no audit\u00f3rio do Simepe e contou com a presen\u00e7a advogado da Defensoria M\u00e9dica (DFM), Ricardo Santos.<\/p>\n<p>Mais uma vez, os m\u00e9dicos demonstraram insatisfa\u00e7\u00e3o com a falta de resposta efetiva da Secretaria Municipal de Sa\u00fade. A categoria alega que a gest\u00e3o municipal n\u00e3o est\u00e1 pagando a uma parcela dos m\u00e9dicos do Programa Mais M\u00e9dicos o aux\u00edlio-moradia, ferindo dessa forma a isonomia.<\/p>\n<p><img fetchpriority=\"high\" class=\"alignnone size-full wp-image-66104\" src=\"https:\/\/www.simepe.com.br\/novo\/wp-content\/uploads\/2024\/01\/bee8e91d-ffe9-4339-9357-a91e3ab94831.jpg\" alt=\"\" width=\"1600\" height=\"1200\" srcset=\"https:\/\/www.simepe.com.br\/novo\/wp-content\/uploads\/2024\/01\/bee8e91d-ffe9-4339-9357-a91e3ab94831.jpg 1600w, https:\/\/www.simepe.com.br\/novo\/wp-content\/uploads\/2024\/01\/bee8e91d-ffe9-4339-9357-a91e3ab94831-300x225.jpg 300w, https:\/\/www.simepe.com.br\/novo\/wp-content\/uploads\/2024\/01\/bee8e91d-ffe9-4339-9357-a91e3ab94831-1024x768.jpg 1024w, https:\/\/www.simepe.com.br\/novo\/wp-content\/uploads\/2024\/01\/bee8e91d-ffe9-4339-9357-a91e3ab94831-768x576.jpg 768w, https:\/\/www.simepe.com.br\/novo\/wp-content\/uploads\/2024\/01\/bee8e91d-ffe9-4339-9357-a91e3ab94831-1536x1152.jpg 1536w\" sizes=\"(max-width: 1600px) 100vw, 1600px\" \/><\/p>\n<p>Durante a AGE, o Simepe pontuou que o problema foi relatado \u00e0 secret\u00e1ria de Gest\u00e3o do Trabalho e da Educa\u00e7\u00e3o na Sa\u00fade (SGTES), Andreza Barkokebas. A quest\u00e3o encontra-se em avalia\u00e7\u00e3o por um n\u00facleo gestor, com representantes de diversas secretarias da PCR, sem solu\u00e7\u00e3o at\u00e9 o momento.<\/p>\n<p>Ap\u00f3s discuss\u00f5es, informes e esclarecimentos importantes dos diretores e da Defensoria M\u00e9dica (DFM), os m\u00e9dicos aprovaram, por unanimidade, a proposta de extens\u00e3o do prazo que foi dado \u00e0 municipalidade sobre a viabilidade ou n\u00e3o do pagamento.<\/p>\n<p><img class=\"alignnone size-full wp-image-66105\" src=\"https:\/\/www.simepe.com.br\/novo\/wp-content\/uploads\/2024\/01\/46837143-658d-425e-bed5-f9f5aeb18ce8.jpg\" alt=\"\" width=\"1600\" height=\"1200\" srcset=\"https:\/\/www.simepe.com.br\/novo\/wp-content\/uploads\/2024\/01\/46837143-658d-425e-bed5-f9f5aeb18ce8.jpg 1600w, https:\/\/www.simepe.com.br\/novo\/wp-content\/uploads\/2024\/01\/46837143-658d-425e-bed5-f9f5aeb18ce8-300x225.jpg 300w, https:\/\/www.simepe.com.br\/novo\/wp-content\/uploads\/2024\/01\/46837143-658d-425e-bed5-f9f5aeb18ce8-1024x768.jpg 1024w, https:\/\/www.simepe.com.br\/novo\/wp-content\/uploads\/2024\/01\/46837143-658d-425e-bed5-f9f5aeb18ce8-768x576.jpg 768w, https:\/\/www.simepe.com.br\/novo\/wp-content\/uploads\/2024\/01\/46837143-658d-425e-bed5-f9f5aeb18ce8-1536x1152.jpg 1536w\" sizes=\"(max-width: 1600px) 100vw, 1600px\" \/><\/p>\n<p>Al\u00e9m disso, o Sindicato vai intensificar a fiscaliza\u00e7\u00e3o\/divulga\u00e7\u00e3o dos problemas e necessidades que os m\u00e9dicos do Mais M\u00e9dicos enfrentam nas unidades de Sa\u00fade, com a falta de estrutura, insumos, equipamentos e o n\u00e3o reconhecimento da sua import\u00e2ncia pela gest\u00e3o municipal.<\/p>\n<p>O Simepe seguir\u00e1 firme na luta em defesa dos direitos e demandas dos m\u00e9dicos vinculados ao programa Mais M\u00e9dicos da Prefeitura do Recife.<\/p>\n","protected":false},"excerpt":{"rendered":"<p>Sob a coordena\u00e7\u00e3o dos diretores do Simepe \u2013 Rodrigo Rosas e Fernando Junior \u2013 foi realizada na tarde desta quinta-feira (18\/01\/24), a Assembleia Geral Extraordin\u00e1ria (AGE), com a participa\u00e7\u00e3o expressiva dos m\u00e9dicos vinculados ao Programa Mais M\u00e9dicos da Prefeitura da Cidade do Recife (PCR). A AGE aconteceu no audit\u00f3rio do Simepe e contou com a [&hellip;]<\/p>\n","protected":false},"author":2,"featured_media":66103,"comment_status":"open","ping_status":"open","sticky":false,"template":"","format":"standard","meta":{"ocean_post_layout":"","ocean_both_sidebars_style":"","ocean_both_sidebars_content_width":0,"ocean_both_sidebars_sidebars_width":0,"ocean_sidebar":"","ocean_second_sidebar":"","ocean_disable_margins":"enable","ocean_add_body_class":"","ocean_shortcode_before_top_bar":"","ocean_shortcode_after_top_bar":"","ocean_shortcode_before_header":"","ocean_shortcode_after_header":"","ocean_has_shortcode":"","ocean_shortcode_after_title":"","ocean_shortcode_before_footer_widgets":"","ocean_shortcode_after_footer_widgets":"","ocean_shortcode_before_footer_bottom":"","ocean_shortcode_after_footer_bottom":"","ocean_display_top_bar":"default","ocean_display_header":"default","ocean_header_style":"","ocean_center_header_left_menu":"","ocean_custom_header_template":"","ocean_custom_logo":0,"ocean_custom_retina_logo":0,"ocean_custom_logo_max_width":0,"ocean_custom_logo_tablet_max_width":0,"ocean_custom_logo_mobile_max_width":0,"ocean_custom_logo_max_height":0,"ocean_custom_logo_tablet_max_height":0,"ocean_custom_logo_mobile_max_height":0,"ocean_header_custom_menu":"","ocean_menu_typo_font_family":"","ocean_menu_typo_font_subset":"","ocean_menu_typo_font_size":0,"ocean_menu_typo_font_size_tablet":0,"ocean_menu_typo_font_size_mobile":0,"ocean_menu_typo_font_size_unit":"px","ocean_menu_typo_font_weight":"","ocean_menu_typo_font_weight_tablet":"","ocean_menu_typo_font_weight_mobile":"","ocean_menu_typo_transform":"","ocean_menu_typo_transform_tablet":"","ocean_menu_typo_transform_mobile":"","ocean_menu_typo_line_height":0,"ocean_menu_typo_line_height_tablet":0,"ocean_menu_typo_line_height_mobile":0,"ocean_menu_typo_line_height_unit":"","ocean_menu_typo_spacing":0,"ocean_menu_typo_spacing_tablet":0,"ocean_menu_typo_spacing_mobile":0,"ocean_menu_typo_spacing_unit":"","ocean_menu_link_color":"","ocean_menu_link_color_hover":"","ocean_menu_link_color_active":"","ocean_menu_link_background":"","ocean_menu_link_hover_background":"","ocean_menu_link_active_background":"","ocean_menu_social_links_bg":"","ocean_menu_social_hover_links_bg":"","ocean_menu_social_links_color":"","ocean_menu_social_hover_links_color":"","ocean_disable_title":"default","ocean_disable_heading":"default","ocean_post_title":"","ocean_post_subheading":"","ocean_post_title_style":"","ocean_post_title_background_color":"","ocean_post_title_background":0,"ocean_post_title_bg_image_position":"","ocean_post_title_bg_image_attachment":"","ocean_post_title_bg_image_repeat":"","ocean_post_title_bg_image_size":"","ocean_post_title_height":0,"ocean_post_title_bg_overlay":0.5,"ocean_post_title_bg_overlay_color":"","ocean_disable_breadcrumbs":"default","ocean_breadcrumbs_color":"","ocean_breadcrumbs_separator_color":"","ocean_breadcrumbs_links_color":"","ocean_breadcrumbs_links_hover_color":"","ocean_display_footer_widgets":"default","ocean_display_footer_bottom":"default","ocean_custom_footer_template":"","ocean_post_oembed":"","ocean_post_self_hosted_media":"","ocean_post_video_embed":"","ocean_link_format":"","ocean_link_format_target":"self","ocean_quote_format":"","ocean_quote_format_link":"post","ocean_gallery_link_images":"on","ocean_gallery_id":[]},"categories":[3943,1],"tags":[],"acf":[],"_links":{"self":[{"href":"https:\/\/www.simepe.com.br\/novo\/wp-json\/wp\/v2\/posts\/66102"}],"collection":[{"href":"https:\/\/www.simepe.com.br\/novo\/wp-json\/wp\/v2\/posts"}],"about":[{"href":"https:\/\/www.simepe.com.br\/novo\/wp-json\/wp\/v2\/types\/post"}],"author":[{"embeddable":true,"href":"https:\/\/www.simepe.com.br\/novo\/wp-json\/wp\/v2\/users\/2"}],"replies":[{"embeddable":true,"href":"https:\/\/www.simepe.com.br\/novo\/wp-json\/wp\/v2\/comments?post=66102"}],"version-history":[{"count":2,"href":"https:\/\/www.simepe.com.br\/novo\/wp-json\/wp\/v2\/posts\/66102\/revisions"}],"predecessor-version":[{"id":66107,"href":"https:\/\/www.simepe.com.br\/novo\/wp-json\/wp\/v2\/posts\/66102\/revisions\/66107"}],"wp:featuredmedia":[{"embeddable":true,"href":"https:\/\/www.simepe.com.br\/novo\/wp-json\/wp\/v2\/media\/66103"}],"wp:attachment":[{"href":"https:\/\/www.simepe.com.br\/novo\/wp-json\/wp\/v2\/media?parent=66102"}],"wp:term":[{"taxonomy":"category","embeddable":true,"href":"https:\/\/www.simepe.com.br\/novo\/wp-json\/wp\/v2\/categories?post=66102"},{"taxonomy":"post_tag","embeddable":true,"href":"https:\/\/www.simepe.com.br\/novo\/wp-json\/wp\/v2\/tags?post=66102"}],"curies":[{"name":"wp","href":"https:\/\/api.w.org\/{rel}","templated":true}]}}