{"id":66110,"date":"2024-01-22T22:38:39","date_gmt":"2024-01-23T01:38:39","guid":{"rendered":"https:\/\/www.simepe.com.br\/novo\/?p=66110"},"modified":"2024-02-21T14:50:03","modified_gmt":"2024-02-21T17:50:03","slug":"simepe-se-reune-em-mesa-de-negociacao-com-a-gestao-municipal-de-saude-de-petrolina","status":"publish","type":"post","link":"https:\/\/www.simepe.com.br\/novo\/simepe-se-reune-em-mesa-de-negociacao-com-a-gestao-municipal-de-saude-de-petrolina\/","title":{"rendered":"Simepe se re\u00fane em mesa de negocia\u00e7\u00e3o com a gest\u00e3o municipal de sa\u00fade de Petrolina"},"content":{"rendered":"<p>Nesta segunda-feira (22), o Simepe participou de reuni\u00e3o com a equipe da secretaria municipal de sa\u00fade de Petrolina, no Sert\u00e3o do S\u00e3o Francisco. Pautas como seguran\u00e7a nas unidades, reforma na infraestrutura das Unidades de Sa\u00fade da Fam\u00edlia e melhores condi\u00e7\u00f5es de trabalho para os profissionais m\u00e9dicos estiveram na pauta do encontro. A vice-presidente do Simepe, Ana Carolina Tabosa, os diretores sindicais Robson Miranda e Jos\u00e9 Alberto, al\u00e9m do advogado da entidade sindical, Jo\u00e3o Moreira, conversaram com o secret\u00e1rio municipal Jo\u00e3o Luis, para discutir e propor solu\u00e7\u00f5es para as demandas trazidas pela categoria.<\/p>\n<p><img fetchpriority=\"high\" class=\"size-medium wp-image-66111 alignright\" src=\"https:\/\/www.simepe.com.br\/novo\/wp-content\/uploads\/2024\/01\/WhatsApp-Image-2024-01-22-at-22.34.43-300x225.jpeg\" alt=\"\" width=\"300\" height=\"225\" srcset=\"https:\/\/www.simepe.com.br\/novo\/wp-content\/uploads\/2024\/01\/WhatsApp-Image-2024-01-22-at-22.34.43-300x225.jpeg 300w, https:\/\/www.simepe.com.br\/novo\/wp-content\/uploads\/2024\/01\/WhatsApp-Image-2024-01-22-at-22.34.43-1024x768.jpeg 1024w, https:\/\/www.simepe.com.br\/novo\/wp-content\/uploads\/2024\/01\/WhatsApp-Image-2024-01-22-at-22.34.43-768x576.jpeg 768w, https:\/\/www.simepe.com.br\/novo\/wp-content\/uploads\/2024\/01\/WhatsApp-Image-2024-01-22-at-22.34.43-1536x1152.jpeg 1536w, https:\/\/www.simepe.com.br\/novo\/wp-content\/uploads\/2024\/01\/WhatsApp-Image-2024-01-22-at-22.34.43.jpeg 1600w\" sizes=\"(max-width: 300px) 100vw, 300px\" \/><\/p>\n<p>De acordo com a vice-presidente do Simepe, Ana Carolina Tabosa, o objetivo do encontro foi de refor\u00e7ar a necessidade da constru\u00e7\u00e3o de solu\u00e7\u00f5es para os problemas enfrentados pela categoria no exerc\u00edcio de suas fun\u00e7\u00f5es. \u201cNos reunimos em mesa de negocia\u00e7\u00e3o coletiva com o prop\u00f3sito de avan\u00e7armos na constru\u00e7\u00e3o das solu\u00e7\u00f5es necess\u00e1rias para todas as demandas que s\u00e3o enfrentadas nas unidades de sa\u00fade do munic\u00edpio. Seguimos esperan\u00e7osos de que nossa pauta ser\u00e1 acolhida pela gest\u00e3o\u201d, comentou Ana Carolina.<\/p>\n<p>O Simepe destaca que segue atento e continuar\u00e1 atuando na defesa incans\u00e1vel da categoria, buscando propostas de solu\u00e7\u00f5es para o que tem sido vivenciado na rede municipal de sa\u00fade de Petrolina.<\/p>\n","protected":false},"excerpt":{"rendered":"<p>Nesta segunda-feira (22), o Simepe participou de reuni\u00e3o com a equipe da secretaria municipal de sa\u00fade de Petrolina, no Sert\u00e3o do S\u00e3o Francisco. Pautas como seguran\u00e7a nas unidades, reforma na infraestrutura das Unidades de Sa\u00fade da Fam\u00edlia e melhores condi\u00e7\u00f5es de trabalho para os profissionais m\u00e9dicos estiveram na pauta do encontro. A vice-presidente do Simepe, [&hellip;]<\/p>\n","protected":false},"author":18,"featured_media":66112,"comment_status":"open","ping_status":"open","sticky":false,"template":"","format":"standard","meta":{"ocean_post_layout":"","ocean_both_sidebars_style":"","ocean_both_sidebars_content_width":0,"ocean_both_sidebars_sidebars_width":0,"ocean_sidebar":"","ocean_second_sidebar":"","ocean_disable_margins":"enable","ocean_add_body_class":"","ocean_shortcode_before_top_bar":"","ocean_shortcode_after_top_bar":"","ocean_shortcode_before_header":"","ocean_shortcode_after_header":"","ocean_has_shortcode":"","ocean_shortcode_after_title":"","ocean_shortcode_before_footer_widgets":"","ocean_shortcode_after_footer_widgets":"","ocean_shortcode_before_footer_bottom":"","ocean_shortcode_after_footer_bottom":"","ocean_display_top_bar":"default","ocean_display_header":"default","ocean_header_style":"","ocean_center_header_left_menu":"","ocean_custom_header_template":"","ocean_custom_logo":0,"ocean_custom_retina_logo":0,"ocean_custom_logo_max_width":0,"ocean_custom_logo_tablet_max_width":0,"ocean_custom_logo_mobile_max_width":0,"ocean_custom_logo_max_height":0,"ocean_custom_logo_tablet_max_height":0,"ocean_custom_logo_mobile_max_height":0,"ocean_header_custom_menu":"","ocean_menu_typo_font_family":"","ocean_menu_typo_font_subset":"","ocean_menu_typo_font_size":0,"ocean_menu_typo_font_size_tablet":0,"ocean_menu_typo_font_size_mobile":0,"ocean_menu_typo_font_size_unit":"px","ocean_menu_typo_font_weight":"","ocean_menu_typo_font_weight_tablet":"","ocean_menu_typo_font_weight_mobile":"","ocean_menu_typo_transform":"","ocean_menu_typo_transform_tablet":"","ocean_menu_typo_transform_mobile":"","ocean_menu_typo_line_height":0,"ocean_menu_typo_line_height_tablet":0,"ocean_menu_typo_line_height_mobile":0,"ocean_menu_typo_line_height_unit":"","ocean_menu_typo_spacing":0,"ocean_menu_typo_spacing_tablet":0,"ocean_menu_typo_spacing_mobile":0,"ocean_menu_typo_spacing_unit":"","ocean_menu_link_color":"","ocean_menu_link_color_hover":"","ocean_menu_link_color_active":"","ocean_menu_link_background":"","ocean_menu_link_hover_background":"","ocean_menu_link_active_background":"","ocean_menu_social_links_bg":"","ocean_menu_social_hover_links_bg":"","ocean_menu_social_links_color":"","ocean_menu_social_hover_links_color":"","ocean_disable_title":"default","ocean_disable_heading":"default","ocean_post_title":"","ocean_post_subheading":"","ocean_post_title_style":"","ocean_post_title_background_color":"","ocean_post_title_background":0,"ocean_post_title_bg_image_position":"","ocean_post_title_bg_image_attachment":"","ocean_post_title_bg_image_repeat":"","ocean_post_title_bg_image_size":"","ocean_post_title_height":0,"ocean_post_title_bg_overlay":0.5,"ocean_post_title_bg_overlay_color":"","ocean_disable_breadcrumbs":"default","ocean_breadcrumbs_color":"","ocean_breadcrumbs_separator_color":"","ocean_breadcrumbs_links_color":"","ocean_breadcrumbs_links_hover_color":"","ocean_display_footer_widgets":"default","ocean_display_footer_bottom":"default","ocean_custom_footer_template":"","ocean_post_oembed":"","ocean_post_self_hosted_media":"","ocean_post_video_embed":"","ocean_link_format":"","ocean_link_format_target":"self","ocean_quote_format":"","ocean_quote_format_link":"post","ocean_gallery_link_images":"on","ocean_gallery_id":[]},"categories":[3944,1],"tags":[],"acf":[],"_links":{"self":[{"href":"https:\/\/www.simepe.com.br\/novo\/wp-json\/wp\/v2\/posts\/66110"}],"collection":[{"href":"https:\/\/www.simepe.com.br\/novo\/wp-json\/wp\/v2\/posts"}],"about":[{"href":"https:\/\/www.simepe.com.br\/novo\/wp-json\/wp\/v2\/types\/post"}],"author":[{"embeddable":true,"href":"https:\/\/www.simepe.com.br\/novo\/wp-json\/wp\/v2\/users\/18"}],"replies":[{"embeddable":true,"href":"https:\/\/www.simepe.com.br\/novo\/wp-json\/wp\/v2\/comments?post=66110"}],"version-history":[{"count":1,"href":"https:\/\/www.simepe.com.br\/novo\/wp-json\/wp\/v2\/posts\/66110\/revisions"}],"predecessor-version":[{"id":66113,"href":"https:\/\/www.simepe.com.br\/novo\/wp-json\/wp\/v2\/posts\/66110\/revisions\/66113"}],"wp:featuredmedia":[{"embeddable":true,"href":"https:\/\/www.simepe.com.br\/novo\/wp-json\/wp\/v2\/media\/66112"}],"wp:attachment":[{"href":"https:\/\/www.simepe.com.br\/novo\/wp-json\/wp\/v2\/media?parent=66110"}],"wp:term":[{"taxonomy":"category","embeddable":true,"href":"https:\/\/www.simepe.com.br\/novo\/wp-json\/wp\/v2\/categories?post=66110"},{"taxonomy":"post_tag","embeddable":true,"href":"https:\/\/www.simepe.com.br\/novo\/wp-json\/wp\/v2\/tags?post=66110"}],"curies":[{"name":"wp","href":"https:\/\/api.w.org\/{rel}","templated":true}]}}