{"id":66156,"date":"2024-02-08T15:55:09","date_gmt":"2024-02-08T18:55:09","guid":{"rendered":"https:\/\/www.simepe.com.br\/novo\/?p=66156"},"modified":"2024-02-28T18:28:16","modified_gmt":"2024-02-28T21:28:16","slug":"medicos-da-rede-estadual-aprovam-proposta-de-acordo-com-o-governo-de-pernambuco","status":"publish","type":"post","link":"https:\/\/www.simepe.com.br\/novo\/medicos-da-rede-estadual-aprovam-proposta-de-acordo-com-o-governo-de-pernambuco\/","title":{"rendered":"M\u00e9dicos da rede estadual aprovam proposta de acordo com o governo de Pernambuco"},"content":{"rendered":"<p>Realizada na noite desta quarta-feira, 07\/02, a Assembleia Geral Extraordin\u00e1ria (AGE), presencial e Via Zoom, dos m\u00e9dicos da rede estadual de sa\u00fade que discutiram e aprovaram a proposta, por ampla maioria, negociada com o Governo do Estado de Pernambuco.<\/p>\n<p><img fetchpriority=\"high\" class=\"alignnone size-full wp-image-66159\" src=\"https:\/\/www.simepe.com.br\/novo\/wp-content\/uploads\/2024\/02\/789.png\" alt=\"\" width=\"1116\" height=\"542\" srcset=\"https:\/\/www.simepe.com.br\/novo\/wp-content\/uploads\/2024\/02\/789.png 1116w, https:\/\/www.simepe.com.br\/novo\/wp-content\/uploads\/2024\/02\/789-300x146.png 300w, https:\/\/www.simepe.com.br\/novo\/wp-content\/uploads\/2024\/02\/789-1024x497.png 1024w, https:\/\/www.simepe.com.br\/novo\/wp-content\/uploads\/2024\/02\/789-768x373.png 768w\" sizes=\"(max-width: 1116px) 100vw, 1116px\" \/><\/p>\n<p>A AGE, coordenada pelo presidente Sindicato dos M\u00e9dicos (Simepe), Walber Steffano, contou com as presen\u00e7as do presidente do Cremepe, M\u00e1rio Jorge Lobo, da vice-presidente, Ana Carolina Tabosa, da secret\u00e1ria-geral, Cl\u00e1udia Beatriz , do diretor e vereador do Recife, Tadeu Calheiros, que ocuparam a mesa principal do audit\u00f3rio da entidade sindical. Al\u00e9m disso, participaram integrantes da diretoria e o advogado da Defensoria M\u00e9dica (DFM), Ricardo Santos.<\/p>\n<p>Na abertura da AGE, o presidente Walber Steffano, ressaltou os principais pontos acordados durante v\u00e1rias reuni\u00f5es nos \u00faltimos dias, com o corpo t\u00e9cnico da Secretaria Estadual de Administra\u00e7\u00e3o .Por sua vez, Mario Jorge, explicou a respeito da formata\u00e7\u00e3o do acordo, entre outros detalhes relevantes, que visam evitar distor\u00e7\u00f5es salariais e, principalmente, valorizar a carreira profissional dos m\u00e9dicos.\u00a0 Vale ressaltar que as negocia\u00e7\u00f5es entre o Simepe e o Governo do Estado come\u00e7aram em maio do ano passado.<\/p>\n<p>O acordo prev\u00ea reajustes salariais nos meses de junho de 2024, 2025 e 2026, para os m\u00e9dicos ativos, aposentados e pensionistas da rede estadual de sa\u00fade.<br \/>\n\u201cDemonstramos unidade, determina\u00e7\u00e3o e respeito com os interesses da categoria. Constru\u00edmos, negociamos e chegamos ao final das conversa\u00e7\u00f5es com resultados positivos&#8221; disse Walber Steffano.<\/p>\n","protected":false},"excerpt":{"rendered":"<p>Realizada na noite desta quarta-feira, 07\/02, a Assembleia Geral Extraordin\u00e1ria (AGE), presencial e Via Zoom, dos m\u00e9dicos da rede estadual de sa\u00fade que discutiram e aprovaram a proposta, por ampla maioria, negociada com o Governo do Estado de Pernambuco. A AGE, coordenada pelo presidente Sindicato dos M\u00e9dicos (Simepe), Walber Steffano, contou com as presen\u00e7as do [&hellip;]<\/p>\n","protected":false},"author":2,"featured_media":66158,"comment_status":"open","ping_status":"open","sticky":false,"template":"","format":"standard","meta":{"ocean_post_layout":"","ocean_both_sidebars_style":"","ocean_both_sidebars_content_width":0,"ocean_both_sidebars_sidebars_width":0,"ocean_sidebar":"","ocean_second_sidebar":"","ocean_disable_margins":"enable","ocean_add_body_class":"","ocean_shortcode_before_top_bar":"","ocean_shortcode_after_top_bar":"","ocean_shortcode_before_header":"","ocean_shortcode_after_header":"","ocean_has_shortcode":"","ocean_shortcode_after_title":"","ocean_shortcode_before_footer_widgets":"","ocean_shortcode_after_footer_widgets":"","ocean_shortcode_before_footer_bottom":"","ocean_shortcode_after_footer_bottom":"","ocean_display_top_bar":"default","ocean_display_header":"default","ocean_header_style":"","ocean_center_header_left_menu":"","ocean_custom_header_template":"","ocean_custom_logo":0,"ocean_custom_retina_logo":0,"ocean_custom_logo_max_width":0,"ocean_custom_logo_tablet_max_width":0,"ocean_custom_logo_mobile_max_width":0,"ocean_custom_logo_max_height":0,"ocean_custom_logo_tablet_max_height":0,"ocean_custom_logo_mobile_max_height":0,"ocean_header_custom_menu":"","ocean_menu_typo_font_family":"","ocean_menu_typo_font_subset":"","ocean_menu_typo_font_size":0,"ocean_menu_typo_font_size_tablet":0,"ocean_menu_typo_font_size_mobile":0,"ocean_menu_typo_font_size_unit":"px","ocean_menu_typo_font_weight":"","ocean_menu_typo_font_weight_tablet":"","ocean_menu_typo_font_weight_mobile":"","ocean_menu_typo_transform":"","ocean_menu_typo_transform_tablet":"","ocean_menu_typo_transform_mobile":"","ocean_menu_typo_line_height":0,"ocean_menu_typo_line_height_tablet":0,"ocean_menu_typo_line_height_mobile":0,"ocean_menu_typo_line_height_unit":"","ocean_menu_typo_spacing":0,"ocean_menu_typo_spacing_tablet":0,"ocean_menu_typo_spacing_mobile":0,"ocean_menu_typo_spacing_unit":"","ocean_menu_link_color":"","ocean_menu_link_color_hover":"","ocean_menu_link_color_active":"","ocean_menu_link_background":"","ocean_menu_link_hover_background":"","ocean_menu_link_active_background":"","ocean_menu_social_links_bg":"","ocean_menu_social_hover_links_bg":"","ocean_menu_social_links_color":"","ocean_menu_social_hover_links_color":"","ocean_disable_title":"default","ocean_disable_heading":"default","ocean_post_title":"","ocean_post_subheading":"","ocean_post_title_style":"","ocean_post_title_background_color":"","ocean_post_title_background":0,"ocean_post_title_bg_image_position":"","ocean_post_title_bg_image_attachment":"","ocean_post_title_bg_image_repeat":"","ocean_post_title_bg_image_size":"","ocean_post_title_height":0,"ocean_post_title_bg_overlay":0.5,"ocean_post_title_bg_overlay_color":"","ocean_disable_breadcrumbs":"default","ocean_breadcrumbs_color":"","ocean_breadcrumbs_separator_color":"","ocean_breadcrumbs_links_color":"","ocean_breadcrumbs_links_hover_color":"","ocean_display_footer_widgets":"default","ocean_display_footer_bottom":"default","ocean_custom_footer_template":"","ocean_post_oembed":"","ocean_post_self_hosted_media":"","ocean_post_video_embed":"","ocean_link_format":"","ocean_link_format_target":"self","ocean_quote_format":"","ocean_quote_format_link":"post","ocean_gallery_link_images":"on","ocean_gallery_id":[]},"categories":[1796,3944,1],"tags":[],"acf":[],"_links":{"self":[{"href":"https:\/\/www.simepe.com.br\/novo\/wp-json\/wp\/v2\/posts\/66156"}],"collection":[{"href":"https:\/\/www.simepe.com.br\/novo\/wp-json\/wp\/v2\/posts"}],"about":[{"href":"https:\/\/www.simepe.com.br\/novo\/wp-json\/wp\/v2\/types\/post"}],"author":[{"embeddable":true,"href":"https:\/\/www.simepe.com.br\/novo\/wp-json\/wp\/v2\/users\/2"}],"replies":[{"embeddable":true,"href":"https:\/\/www.simepe.com.br\/novo\/wp-json\/wp\/v2\/comments?post=66156"}],"version-history":[{"count":1,"href":"https:\/\/www.simepe.com.br\/novo\/wp-json\/wp\/v2\/posts\/66156\/revisions"}],"predecessor-version":[{"id":66160,"href":"https:\/\/www.simepe.com.br\/novo\/wp-json\/wp\/v2\/posts\/66156\/revisions\/66160"}],"wp:featuredmedia":[{"embeddable":true,"href":"https:\/\/www.simepe.com.br\/novo\/wp-json\/wp\/v2\/media\/66158"}],"wp:attachment":[{"href":"https:\/\/www.simepe.com.br\/novo\/wp-json\/wp\/v2\/media?parent=66156"}],"wp:term":[{"taxonomy":"category","embeddable":true,"href":"https:\/\/www.simepe.com.br\/novo\/wp-json\/wp\/v2\/categories?post=66156"},{"taxonomy":"post_tag","embeddable":true,"href":"https:\/\/www.simepe.com.br\/novo\/wp-json\/wp\/v2\/tags?post=66156"}],"curies":[{"name":"wp","href":"https:\/\/api.w.org\/{rel}","templated":true}]}}