{"id":67079,"date":"2024-03-18T15:48:59","date_gmt":"2024-03-18T18:48:59","guid":{"rendered":"https:\/\/www.simepe.com.br\/novo\/?p=67079"},"modified":"2024-03-19T16:26:07","modified_gmt":"2024-03-19T19:26:07","slug":"simepe-marca-presenca-no-ii-congresso-extraordinario-da-federal-medica-brasileira-fmb","status":"publish","type":"post","link":"https:\/\/www.simepe.com.br\/novo\/simepe-marca-presenca-no-ii-congresso-extraordinario-da-federal-medica-brasileira-fmb\/","title":{"rendered":"Simepe marca presen\u00e7a no II Congresso Extraordin\u00e1rio da Federal M\u00e9dica Brasileira (FMB)"},"content":{"rendered":"<p>Nos dias 14, 15 e 16 de mar\u00e7o a cidade de Jo\u00e3o Pessoa, na Para\u00edba, foi palco do II Congresso Extraordin\u00e1rio da Federal M\u00e9dica Brasileira (FMB). O evento, que abordou tem\u00e1ticas importantes para a categoria m\u00e9dica, contou com representantes dos sindicatos dos m\u00e9dicos de diversas regi\u00f5es do Brasil. Representando o Simepe, estiveram presentes os diretores Malu David e Eraldo Arraes, al\u00e9m do tamb\u00e9m diretor sindical e presidente da FMB, Tadeu Calheiros.<\/p>\n<p>A pauta do primeiro dia do congresso, realizado no Nord Luxxor Cabo Branco, girou em torno da presta\u00e7\u00e3o de contas, seguido da apresenta\u00e7\u00e3o, discuss\u00e3o e vota\u00e7\u00e3o da proposta de reforma do Estatuto da Federa\u00e7\u00e3o. O segundo dia contou com a palestra sobre a \u201cPejotiza\u00e7\u00e3o e Terceiriza\u00e7\u00e3o: a nova realidade do trabalho m\u00e9dico e seus riscos\u201d, no per\u00edodo da manh\u00e3, ministrada pelo m\u00e9dico e presidente do Tribunal de Contas da Para\u00edba, Nominando Diniz; na qual os participantes foram contemplados com excelentes sugest\u00f5es para a causa m\u00e9dica. No per\u00edodo da tarde, a Consultora Legislativa e Rela\u00e7\u00f5es Institucionais e Governamentais do Conselho Federal de Medicina (CFM), Gabriella Nassar, palestrou sobre &#8220;Sal\u00e1rio m\u00ednimo profissional para m\u00e9dico: onde estamos e o que queremos&#8221;.<\/p>\n<p>No terceiro e \u00faltimo dia do evento, um painel sobre \u201cA import\u00e2ncia dos n\u00facleos de m\u00e9dicos rec\u00e9m formados e estudantes de medicina na organiza\u00e7\u00e3o da luta m\u00e9dica\u201d foi realizado. O momento contou com representantes dos estudantes de medicina do estado da Para\u00edba. O congresso foi finalizado com a aprova\u00e7\u00e3o da Carta de Jo\u00e3o Pessoa que continha tudo que foi abordado durante o congresso e seus encaminhamentos &#8211; um deles \u00e9 a realiza\u00e7\u00e3o de um encontro nacional dos estudantes; com o intuito de refor\u00e7ar o apoio aos acad\u00eamicos de medicina.<\/p>\n<p><img fetchpriority=\"high\" class=\"size-medium wp-image-67081 alignleft\" src=\"https:\/\/www.simepe.com.br\/novo\/wp-content\/uploads\/2024\/03\/1W7A8679-300x200.jpg\" alt=\"\" width=\"300\" height=\"200\" srcset=\"https:\/\/www.simepe.com.br\/novo\/wp-content\/uploads\/2024\/03\/1W7A8679-300x200.jpg 300w, https:\/\/www.simepe.com.br\/novo\/wp-content\/uploads\/2024\/03\/1W7A8679-1024x683.jpg 1024w, https:\/\/www.simepe.com.br\/novo\/wp-content\/uploads\/2024\/03\/1W7A8679-768x512.jpg 768w, https:\/\/www.simepe.com.br\/novo\/wp-content\/uploads\/2024\/03\/1W7A8679-1536x1024.jpg 1536w, https:\/\/www.simepe.com.br\/novo\/wp-content\/uploads\/2024\/03\/1W7A8679-2048x1365.jpg 2048w\" sizes=\"(max-width: 300px) 100vw, 300px\" \/><\/p>\n<p>&#8220;Foi um momento muito importante e com ricos debates envolvendo temas da nossa categoria. Momentos assim refor\u00e7am a import\u00e2ncia da uni\u00e3o e da troca de conhecimento entre os colegas m\u00e9dicos&#8221;, ressaltou Malu David.<\/p>\n<p>Sobre a FMB<\/p>\n<p>A Federal M\u00e9dica Brasileira (FMB) tem representa\u00e7\u00e3o em todas as regi\u00f5es do Brasil e conta com 26 sindicatos m\u00e9dicos. Hoje, 400 mil m\u00e9dicos brasileiros fazem parte da FMB.<\/p>\n","protected":false},"excerpt":{"rendered":"<p>Nos dias 14, 15 e 16 de mar\u00e7o a cidade de Jo\u00e3o Pessoa, na Para\u00edba, foi palco do II Congresso Extraordin\u00e1rio da Federal M\u00e9dica Brasileira (FMB). O evento, que abordou tem\u00e1ticas importantes para a categoria m\u00e9dica, contou com representantes dos sindicatos dos m\u00e9dicos de diversas regi\u00f5es do Brasil. Representando o Simepe, estiveram presentes os diretores [&hellip;]<\/p>\n","protected":false},"author":19,"featured_media":67080,"comment_status":"open","ping_status":"open","sticky":false,"template":"","format":"standard","meta":{"ocean_post_layout":"","ocean_both_sidebars_style":"","ocean_both_sidebars_content_width":0,"ocean_both_sidebars_sidebars_width":0,"ocean_sidebar":"","ocean_second_sidebar":"","ocean_disable_margins":"enable","ocean_add_body_class":"","ocean_shortcode_before_top_bar":"","ocean_shortcode_after_top_bar":"","ocean_shortcode_before_header":"","ocean_shortcode_after_header":"","ocean_has_shortcode":"","ocean_shortcode_after_title":"","ocean_shortcode_before_footer_widgets":"","ocean_shortcode_after_footer_widgets":"","ocean_shortcode_before_footer_bottom":"","ocean_shortcode_after_footer_bottom":"","ocean_display_top_bar":"default","ocean_display_header":"default","ocean_header_style":"","ocean_center_header_left_menu":"","ocean_custom_header_template":"","ocean_custom_logo":0,"ocean_custom_retina_logo":0,"ocean_custom_logo_max_width":0,"ocean_custom_logo_tablet_max_width":0,"ocean_custom_logo_mobile_max_width":0,"ocean_custom_logo_max_height":0,"ocean_custom_logo_tablet_max_height":0,"ocean_custom_logo_mobile_max_height":0,"ocean_header_custom_menu":"","ocean_menu_typo_font_family":"","ocean_menu_typo_font_subset":"","ocean_menu_typo_font_size":0,"ocean_menu_typo_font_size_tablet":0,"ocean_menu_typo_font_size_mobile":0,"ocean_menu_typo_font_size_unit":"px","ocean_menu_typo_font_weight":"","ocean_menu_typo_font_weight_tablet":"","ocean_menu_typo_font_weight_mobile":"","ocean_menu_typo_transform":"","ocean_menu_typo_transform_tablet":"","ocean_menu_typo_transform_mobile":"","ocean_menu_typo_line_height":0,"ocean_menu_typo_line_height_tablet":0,"ocean_menu_typo_line_height_mobile":0,"ocean_menu_typo_line_height_unit":"","ocean_menu_typo_spacing":0,"ocean_menu_typo_spacing_tablet":0,"ocean_menu_typo_spacing_mobile":0,"ocean_menu_typo_spacing_unit":"","ocean_menu_link_color":"","ocean_menu_link_color_hover":"","ocean_menu_link_color_active":"","ocean_menu_link_background":"","ocean_menu_link_hover_background":"","ocean_menu_link_active_background":"","ocean_menu_social_links_bg":"","ocean_menu_social_hover_links_bg":"","ocean_menu_social_links_color":"","ocean_menu_social_hover_links_color":"","ocean_disable_title":"default","ocean_disable_heading":"default","ocean_post_title":"","ocean_post_subheading":"","ocean_post_title_style":"","ocean_post_title_background_color":"","ocean_post_title_background":0,"ocean_post_title_bg_image_position":"","ocean_post_title_bg_image_attachment":"","ocean_post_title_bg_image_repeat":"","ocean_post_title_bg_image_size":"","ocean_post_title_height":0,"ocean_post_title_bg_overlay":0.5,"ocean_post_title_bg_overlay_color":"","ocean_disable_breadcrumbs":"default","ocean_breadcrumbs_color":"","ocean_breadcrumbs_separator_color":"","ocean_breadcrumbs_links_color":"","ocean_breadcrumbs_links_hover_color":"","ocean_display_footer_widgets":"default","ocean_display_footer_bottom":"default","ocean_custom_footer_template":"","ocean_post_oembed":"","ocean_post_self_hosted_media":"","ocean_post_video_embed":"","ocean_link_format":"","ocean_link_format_target":"self","ocean_quote_format":"","ocean_quote_format_link":"post","ocean_gallery_link_images":"on","ocean_gallery_id":[]},"categories":[1796,3943,1],"tags":[],"acf":[],"_links":{"self":[{"href":"https:\/\/www.simepe.com.br\/novo\/wp-json\/wp\/v2\/posts\/67079"}],"collection":[{"href":"https:\/\/www.simepe.com.br\/novo\/wp-json\/wp\/v2\/posts"}],"about":[{"href":"https:\/\/www.simepe.com.br\/novo\/wp-json\/wp\/v2\/types\/post"}],"author":[{"embeddable":true,"href":"https:\/\/www.simepe.com.br\/novo\/wp-json\/wp\/v2\/users\/19"}],"replies":[{"embeddable":true,"href":"https:\/\/www.simepe.com.br\/novo\/wp-json\/wp\/v2\/comments?post=67079"}],"version-history":[{"count":1,"href":"https:\/\/www.simepe.com.br\/novo\/wp-json\/wp\/v2\/posts\/67079\/revisions"}],"predecessor-version":[{"id":67083,"href":"https:\/\/www.simepe.com.br\/novo\/wp-json\/wp\/v2\/posts\/67079\/revisions\/67083"}],"wp:featuredmedia":[{"embeddable":true,"href":"https:\/\/www.simepe.com.br\/novo\/wp-json\/wp\/v2\/media\/67080"}],"wp:attachment":[{"href":"https:\/\/www.simepe.com.br\/novo\/wp-json\/wp\/v2\/media?parent=67079"}],"wp:term":[{"taxonomy":"category","embeddable":true,"href":"https:\/\/www.simepe.com.br\/novo\/wp-json\/wp\/v2\/categories?post=67079"},{"taxonomy":"post_tag","embeddable":true,"href":"https:\/\/www.simepe.com.br\/novo\/wp-json\/wp\/v2\/tags?post=67079"}],"curies":[{"name":"wp","href":"https:\/\/api.w.org\/{rel}","templated":true}]}}