{"id":67266,"date":"2024-05-24T19:44:13","date_gmt":"2024-05-24T22:44:13","guid":{"rendered":"https:\/\/www.simepe.com.br\/novo\/?p=67266"},"modified":"2024-05-24T19:49:40","modified_gmt":"2024-05-24T22:49:40","slug":"sao-joao-dos-medicos-2024-deixa-um-gosto-de-quero-mais","status":"publish","type":"post","link":"https:\/\/www.simepe.com.br\/novo\/sao-joao-dos-medicos-2024-deixa-um-gosto-de-quero-mais\/","title":{"rendered":"S\u00e3o Jo\u00e3o dos M\u00e9dicos 2024 deixa um gosto de quero mais&#8230;"},"content":{"rendered":"<p>Uma festa para ficar na hist\u00f3ria do Sindicato dos M\u00e9dicos de Pernambuco (Simepe) foi realizada, na noite desta quinta-feira (23\/05), no Classic Hall, em Olinda, em celebra\u00e7\u00e3o ao S\u00e3o Jo\u00e3o dos M\u00e9dicos de 2024. Luzes, cores e emo\u00e7\u00f5es, destacadas nas atra\u00e7\u00f5es musicais: Messinho Press\u00e3o, K\u00e1tia Cilene, Banda Magn\u00edficos e Juarez.<\/p>\n<p>O presidente Walber Steffano, a vice-presidente, Ana Carolina Tabosa, a secret\u00e1ria-geral Claudia Beatriz, e o diretor Tadeu Calheiros saudaram o p\u00fablico e, sobretudo, a classe m\u00e9dica que prestigiou a festa.<\/p>\n<p><img fetchpriority=\"high\" class=\"alignnone size-full wp-image-67269\" src=\"https:\/\/www.simepe.com.br\/novo\/wp-content\/uploads\/2024\/05\/foto8.jpg\" alt=\"\" width=\"1200\" height=\"1600\" srcset=\"https:\/\/www.simepe.com.br\/novo\/wp-content\/uploads\/2024\/05\/foto8.jpg 1200w, https:\/\/www.simepe.com.br\/novo\/wp-content\/uploads\/2024\/05\/foto8-225x300.jpg 225w, https:\/\/www.simepe.com.br\/novo\/wp-content\/uploads\/2024\/05\/foto8-768x1024.jpg 768w, https:\/\/www.simepe.com.br\/novo\/wp-content\/uploads\/2024\/05\/foto8-1152x1536.jpg 1152w\" sizes=\"(max-width: 1200px) 100vw, 1200px\" \/><\/p>\n<p>Walber Steffano agradeceu o reconhecimento da categoria ao trabalho desenvolvido pela entidade. \u201cEsta festa tem todo carinho preparado pela nossa diretoria, feita para voc\u00eas, com todas as estruturas. Estamos j\u00e1 nos preparando para a festa do Dia dos M\u00e9dicos, no m\u00eas de outubro, sem d\u00favida nenhuma, ser\u00e1 um dos maiores eventos que o Simepe vai fazer para comemorar junto com voc\u00eas\u201d, assinalou.<\/p>\n<p>&nbsp;<\/p>\n<p><img class=\"alignnone size-full wp-image-67268\" src=\"https:\/\/www.simepe.com.br\/novo\/wp-content\/uploads\/2024\/05\/foto2.jpg\" alt=\"\" width=\"1600\" height=\"1066\" srcset=\"https:\/\/www.simepe.com.br\/novo\/wp-content\/uploads\/2024\/05\/foto2.jpg 1600w, https:\/\/www.simepe.com.br\/novo\/wp-content\/uploads\/2024\/05\/foto2-300x200.jpg 300w, https:\/\/www.simepe.com.br\/novo\/wp-content\/uploads\/2024\/05\/foto2-1024x682.jpg 1024w, https:\/\/www.simepe.com.br\/novo\/wp-content\/uploads\/2024\/05\/foto2-768x512.jpg 768w, https:\/\/www.simepe.com.br\/novo\/wp-content\/uploads\/2024\/05\/foto2-1536x1023.jpg 1536w\" sizes=\"(max-width: 1600px) 100vw, 1600px\" \/><br \/>\nA vice-presidente, Ana Carolina, comentou a alegria que contagiou a noite de festa com os colegas m\u00e9dicos. \u201cEssa \u00e9 a noite de abertura do S\u00e3o Jo\u00e3o do M\u00e9dico em Pernambuco. Estaremos nos pr\u00f3ximos meses fazendo os eventos descentralizados em Caruaru, Garanhuns, Petrolina, Araripina, Ouricuri e Serra Talhada. Cada vez mais o Simepe est\u00e1 se aproximando do m\u00e9dico e quer participar junto com voc\u00eas n\u00e3o s\u00f3 das lutas di\u00e1rias, mas tamb\u00e9m de momentos festivos como esse. Caruaru pode ter at\u00e9 72 dias de festa de S\u00e3o Jo\u00e3o, mas o S\u00e3o Jo\u00e3o do M\u00e9dico est\u00e1 come\u00e7ando aqui hoje com todos voc\u00eas&#8221; frisou.<\/p>\n<p><img class=\"alignnone size-full wp-image-67276\" src=\"https:\/\/www.simepe.com.br\/novo\/wp-content\/uploads\/2024\/05\/foto6.jpg\" alt=\"\" width=\"1600\" height=\"1200\" srcset=\"https:\/\/www.simepe.com.br\/novo\/wp-content\/uploads\/2024\/05\/foto6.jpg 1600w, https:\/\/www.simepe.com.br\/novo\/wp-content\/uploads\/2024\/05\/foto6-300x225.jpg 300w, https:\/\/www.simepe.com.br\/novo\/wp-content\/uploads\/2024\/05\/foto6-1024x768.jpg 1024w, https:\/\/www.simepe.com.br\/novo\/wp-content\/uploads\/2024\/05\/foto6-768x576.jpg 768w, https:\/\/www.simepe.com.br\/novo\/wp-content\/uploads\/2024\/05\/foto6-1536x1152.jpg 1536w\" sizes=\"(max-width: 1600px) 100vw, 1600px\" \/><\/p>\n<p>A valoriza\u00e7\u00e3o da m\u00fasica e da cultura nordestina, al\u00e9m da decora\u00e7\u00e3o composta por bandeiras, bandeirinhas, bal\u00f5es, arranjos de palhas naturais, assinada pelo decorador Robson Chagas, motivaram o p\u00fablico composto por m\u00e9dicos, m\u00e9dicas, familiares e convidados. O cantor Messinho Press\u00e3o, entrou em cena com grandes sucessos, levando o p\u00fablico ao del\u00edrio. Marcou posi\u00e7\u00e3o no cen\u00e1rio da m\u00fasica.<\/p>\n<p><img loading=\"lazy\" class=\"alignnone size-full wp-image-67271\" src=\"https:\/\/www.simepe.com.br\/novo\/wp-content\/uploads\/2024\/05\/14.jpg\" alt=\"\" width=\"1600\" height=\"1200\" srcset=\"https:\/\/www.simepe.com.br\/novo\/wp-content\/uploads\/2024\/05\/14.jpg 1600w, https:\/\/www.simepe.com.br\/novo\/wp-content\/uploads\/2024\/05\/14-300x225.jpg 300w, https:\/\/www.simepe.com.br\/novo\/wp-content\/uploads\/2024\/05\/14-1024x768.jpg 1024w, https:\/\/www.simepe.com.br\/novo\/wp-content\/uploads\/2024\/05\/14-768x576.jpg 768w, https:\/\/www.simepe.com.br\/novo\/wp-content\/uploads\/2024\/05\/14-1536x1152.jpg 1536w\" sizes=\"(max-width: 1600px) 100vw, 1600px\" \/><\/p>\n<p>A forrozeira K\u00e1tia Cilene foi destaque, subiu ao palco e mostrou que segue com for\u00e7a na voz e em boa forma pelo Nordeste. K\u00e1tia ficou conhecida nacionalmente pela passagem na Mastruz com Leite. Cantou e encantou.<\/p>\n<p>Logo depois, a Banda Magn\u00edficos, de Monteiro da Para\u00edba, com quase 30 anos de carreira, mostrou e comprovou porque \u00e9 considerada a \u201cPreferida do Brasil\u201d e uma das mais bem sucedidas no g\u00eanero de forr\u00f3 eletr\u00f4nico, recheado de sucessos. Emocionou com uma apresenta\u00e7\u00e3o que mexeu com cora\u00e7\u00f5es e mentes.<\/p>\n<p><img loading=\"lazy\" class=\"alignnone size-full wp-image-67270\" src=\"https:\/\/www.simepe.com.br\/novo\/wp-content\/uploads\/2024\/05\/foto4.jpg\" alt=\"\" width=\"1200\" height=\"1600\" srcset=\"https:\/\/www.simepe.com.br\/novo\/wp-content\/uploads\/2024\/05\/foto4.jpg 1200w, https:\/\/www.simepe.com.br\/novo\/wp-content\/uploads\/2024\/05\/foto4-225x300.jpg 225w, https:\/\/www.simepe.com.br\/novo\/wp-content\/uploads\/2024\/05\/foto4-768x1024.jpg 768w, https:\/\/www.simepe.com.br\/novo\/wp-content\/uploads\/2024\/05\/foto4-1152x1536.jpg 1152w\" sizes=\"(max-width: 1200px) 100vw, 1200px\" \/><\/p>\n<p><img loading=\"lazy\" class=\"alignnone size-full wp-image-67272\" src=\"https:\/\/www.simepe.com.br\/novo\/wp-content\/uploads\/2024\/05\/foto7.jpg\" alt=\"\" width=\"1600\" height=\"1200\" srcset=\"https:\/\/www.simepe.com.br\/novo\/wp-content\/uploads\/2024\/05\/foto7.jpg 1600w, https:\/\/www.simepe.com.br\/novo\/wp-content\/uploads\/2024\/05\/foto7-300x225.jpg 300w, https:\/\/www.simepe.com.br\/novo\/wp-content\/uploads\/2024\/05\/foto7-1024x768.jpg 1024w, https:\/\/www.simepe.com.br\/novo\/wp-content\/uploads\/2024\/05\/foto7-768x576.jpg 768w, https:\/\/www.simepe.com.br\/novo\/wp-content\/uploads\/2024\/05\/foto7-1536x1152.jpg 1536w\" sizes=\"(max-width: 1600px) 100vw, 1600px\" \/><\/p>\n<p><img loading=\"lazy\" class=\"alignnone size-full wp-image-67273\" src=\"https:\/\/www.simepe.com.br\/novo\/wp-content\/uploads\/2024\/05\/foto9.jpg\" alt=\"\" width=\"1600\" height=\"1200\" srcset=\"https:\/\/www.simepe.com.br\/novo\/wp-content\/uploads\/2024\/05\/foto9.jpg 1600w, https:\/\/www.simepe.com.br\/novo\/wp-content\/uploads\/2024\/05\/foto9-300x225.jpg 300w, https:\/\/www.simepe.com.br\/novo\/wp-content\/uploads\/2024\/05\/foto9-1024x768.jpg 1024w, https:\/\/www.simepe.com.br\/novo\/wp-content\/uploads\/2024\/05\/foto9-768x576.jpg 768w, https:\/\/www.simepe.com.br\/novo\/wp-content\/uploads\/2024\/05\/foto9-1536x1152.jpg 1536w\" sizes=\"(max-width: 1600px) 100vw, 1600px\" \/>A festa terminou com o show do cantor Juarez, cearense de cora\u00e7\u00e3o, um dos principais nomes do forr\u00f3 na atualidade.<\/p>\n<p>Com 20 anos de carreira, o artista canta um repert\u00f3rio diferenciado em suas apresenta\u00e7\u00f5es, ao lado de m\u00fasicos competentes, sendo int\u00e9rprete de grandes sucessos; em 2023 lan\u00e7ou um trabalho intitulado &#8216;Forroz\u00e3o do Juara&#8217;, onde interpreta grandes cl\u00e1ssicos da m\u00fasica nordestina.<\/p>\n<p><img loading=\"lazy\" class=\"alignnone size-full wp-image-67277\" src=\"https:\/\/www.simepe.com.br\/novo\/wp-content\/uploads\/2024\/05\/foto10.jpg\" alt=\"\" width=\"1600\" height=\"1200\" srcset=\"https:\/\/www.simepe.com.br\/novo\/wp-content\/uploads\/2024\/05\/foto10.jpg 1600w, https:\/\/www.simepe.com.br\/novo\/wp-content\/uploads\/2024\/05\/foto10-300x225.jpg 300w, https:\/\/www.simepe.com.br\/novo\/wp-content\/uploads\/2024\/05\/foto10-1024x768.jpg 1024w, https:\/\/www.simepe.com.br\/novo\/wp-content\/uploads\/2024\/05\/foto10-768x576.jpg 768w, https:\/\/www.simepe.com.br\/novo\/wp-content\/uploads\/2024\/05\/foto10-1536x1152.jpg 1536w\" sizes=\"(max-width: 1600px) 100vw, 1600px\" \/><\/p>\n<p><img loading=\"lazy\" class=\"alignnone size-full wp-image-67274\" src=\"https:\/\/www.simepe.com.br\/novo\/wp-content\/uploads\/2024\/05\/foito12.jpg\" alt=\"\" width=\"1600\" height=\"1200\" srcset=\"https:\/\/www.simepe.com.br\/novo\/wp-content\/uploads\/2024\/05\/foito12.jpg 1600w, https:\/\/www.simepe.com.br\/novo\/wp-content\/uploads\/2024\/05\/foito12-300x225.jpg 300w, https:\/\/www.simepe.com.br\/novo\/wp-content\/uploads\/2024\/05\/foito12-1024x768.jpg 1024w, https:\/\/www.simepe.com.br\/novo\/wp-content\/uploads\/2024\/05\/foito12-768x576.jpg 768w, https:\/\/www.simepe.com.br\/novo\/wp-content\/uploads\/2024\/05\/foito12-1536x1152.jpg 1536w\" sizes=\"(max-width: 1600px) 100vw, 1600px\" \/><\/p>\n<p>O Simepe expressa seus agradecimentos aos patrocinadores, colaboradores e parceiros, que ajudaram na realiza\u00e7\u00e3o da festa \u201c S\u00e3o Jo\u00e3o dos M\u00e9dicos de 2024\u201d. Ficou um gosto de quero mais&#8230; Em 2025, tem muito mais!<\/p>\n","protected":false},"excerpt":{"rendered":"<p>Uma festa para ficar na hist\u00f3ria do Sindicato dos M\u00e9dicos de Pernambuco (Simepe) foi realizada, na noite desta quinta-feira (23\/05), no Classic Hall, em Olinda, em celebra\u00e7\u00e3o ao S\u00e3o Jo\u00e3o dos M\u00e9dicos de 2024. Luzes, cores e emo\u00e7\u00f5es, destacadas nas atra\u00e7\u00f5es musicais: Messinho Press\u00e3o, K\u00e1tia Cilene, Banda Magn\u00edficos e Juarez. O presidente Walber Steffano, a [&hellip;]<\/p>\n","protected":false},"author":2,"featured_media":67267,"comment_status":"open","ping_status":"open","sticky":false,"template":"","format":"standard","meta":{"ocean_post_layout":"","ocean_both_sidebars_style":"","ocean_both_sidebars_content_width":0,"ocean_both_sidebars_sidebars_width":0,"ocean_sidebar":"","ocean_second_sidebar":"","ocean_disable_margins":"enable","ocean_add_body_class":"","ocean_shortcode_before_top_bar":"","ocean_shortcode_after_top_bar":"","ocean_shortcode_before_header":"","ocean_shortcode_after_header":"","ocean_has_shortcode":"","ocean_shortcode_after_title":"","ocean_shortcode_before_footer_widgets":"","ocean_shortcode_after_footer_widgets":"","ocean_shortcode_before_footer_bottom":"","ocean_shortcode_after_footer_bottom":"","ocean_display_top_bar":"default","ocean_display_header":"default","ocean_header_style":"","ocean_center_header_left_menu":"","ocean_custom_header_template":"","ocean_custom_logo":0,"ocean_custom_retina_logo":0,"ocean_custom_logo_max_width":0,"ocean_custom_logo_tablet_max_width":0,"ocean_custom_logo_mobile_max_width":0,"ocean_custom_logo_max_height":0,"ocean_custom_logo_tablet_max_height":0,"ocean_custom_logo_mobile_max_height":0,"ocean_header_custom_menu":"","ocean_menu_typo_font_family":"","ocean_menu_typo_font_subset":"","ocean_menu_typo_font_size":0,"ocean_menu_typo_font_size_tablet":0,"ocean_menu_typo_font_size_mobile":0,"ocean_menu_typo_font_size_unit":"px","ocean_menu_typo_font_weight":"","ocean_menu_typo_font_weight_tablet":"","ocean_menu_typo_font_weight_mobile":"","ocean_menu_typo_transform":"","ocean_menu_typo_transform_tablet":"","ocean_menu_typo_transform_mobile":"","ocean_menu_typo_line_height":0,"ocean_menu_typo_line_height_tablet":0,"ocean_menu_typo_line_height_mobile":0,"ocean_menu_typo_line_height_unit":"","ocean_menu_typo_spacing":0,"ocean_menu_typo_spacing_tablet":0,"ocean_menu_typo_spacing_mobile":0,"ocean_menu_typo_spacing_unit":"","ocean_menu_link_color":"","ocean_menu_link_color_hover":"","ocean_menu_link_color_active":"","ocean_menu_link_background":"","ocean_menu_link_hover_background":"","ocean_menu_link_active_background":"","ocean_menu_social_links_bg":"","ocean_menu_social_hover_links_bg":"","ocean_menu_social_links_color":"","ocean_menu_social_hover_links_color":"","ocean_disable_title":"default","ocean_disable_heading":"default","ocean_post_title":"","ocean_post_subheading":"","ocean_post_title_style":"","ocean_post_title_background_color":"","ocean_post_title_background":0,"ocean_post_title_bg_image_position":"","ocean_post_title_bg_image_attachment":"","ocean_post_title_bg_image_repeat":"","ocean_post_title_bg_image_size":"","ocean_post_title_height":0,"ocean_post_title_bg_overlay":0.5,"ocean_post_title_bg_overlay_color":"","ocean_disable_breadcrumbs":"default","ocean_breadcrumbs_color":"","ocean_breadcrumbs_separator_color":"","ocean_breadcrumbs_links_color":"","ocean_breadcrumbs_links_hover_color":"","ocean_display_footer_widgets":"default","ocean_display_footer_bottom":"default","ocean_custom_footer_template":"","ocean_post_oembed":"","ocean_post_self_hosted_media":"","ocean_post_video_embed":"","ocean_link_format":"","ocean_link_format_target":"self","ocean_quote_format":"","ocean_quote_format_link":"post","ocean_gallery_link_images":"on","ocean_gallery_id":[]},"categories":[1796,1],"tags":[],"acf":[],"_links":{"self":[{"href":"https:\/\/www.simepe.com.br\/novo\/wp-json\/wp\/v2\/posts\/67266"}],"collection":[{"href":"https:\/\/www.simepe.com.br\/novo\/wp-json\/wp\/v2\/posts"}],"about":[{"href":"https:\/\/www.simepe.com.br\/novo\/wp-json\/wp\/v2\/types\/post"}],"author":[{"embeddable":true,"href":"https:\/\/www.simepe.com.br\/novo\/wp-json\/wp\/v2\/users\/2"}],"replies":[{"embeddable":true,"href":"https:\/\/www.simepe.com.br\/novo\/wp-json\/wp\/v2\/comments?post=67266"}],"version-history":[{"count":2,"href":"https:\/\/www.simepe.com.br\/novo\/wp-json\/wp\/v2\/posts\/67266\/revisions"}],"predecessor-version":[{"id":67279,"href":"https:\/\/www.simepe.com.br\/novo\/wp-json\/wp\/v2\/posts\/67266\/revisions\/67279"}],"wp:featuredmedia":[{"embeddable":true,"href":"https:\/\/www.simepe.com.br\/novo\/wp-json\/wp\/v2\/media\/67267"}],"wp:attachment":[{"href":"https:\/\/www.simepe.com.br\/novo\/wp-json\/wp\/v2\/media?parent=67266"}],"wp:term":[{"taxonomy":"category","embeddable":true,"href":"https:\/\/www.simepe.com.br\/novo\/wp-json\/wp\/v2\/categories?post=67266"},{"taxonomy":"post_tag","embeddable":true,"href":"https:\/\/www.simepe.com.br\/novo\/wp-json\/wp\/v2\/tags?post=67266"}],"curies":[{"name":"wp","href":"https:\/\/api.w.org\/{rel}","templated":true}]}}