{"id":67282,"date":"2024-05-28T07:50:31","date_gmt":"2024-05-28T10:50:31","guid":{"rendered":"https:\/\/www.simepe.com.br\/novo\/?p=67282"},"modified":"2024-05-28T07:51:14","modified_gmt":"2024-05-28T10:51:14","slug":"medicos-das-upas-questionam-ampliacao-de-leitos-de-pediatria-sem-planejamento-previo","status":"publish","type":"post","link":"https:\/\/www.simepe.com.br\/novo\/medicos-das-upas-questionam-ampliacao-de-leitos-de-pediatria-sem-planejamento-previo\/","title":{"rendered":"M\u00e9dicos das UPAs questionam amplia\u00e7\u00e3o de leitos de pediatria sem planejamento pr\u00e9vio"},"content":{"rendered":"<p>O diretor do Simepe, Rodrigo Rosas, reuniu-se na tarde desta segunda-feira, 27\/05, on-line (via Zoom), com m\u00e9dicos pediatras que trabalham nas UPAS (Unidades de Pronto Atendimento) da Regi\u00e3o Metropolitana do Recife.<\/p>\n<p>Os profissionais relataram v\u00e1rios problemas em rela\u00e7\u00e3o \u00e0 epidemia da S\u00edndrome Respirat\u00f3ria Aguda Grave (SRAG), atualmente instalada na rede de sa\u00fade p\u00fablica de Pernambuco.<\/p>\n<p>Recentemente,\u00a0 a Secretaria de Estadual de Sa\u00fade (SES) decidiu ampliar o n\u00famero de leitos de pediatria nas UPAs, gerando v\u00e1rias d\u00favidas nos profissionais que l\u00e1 trabalham.<\/p>\n<p>Os pediatras das UPAS est\u00e3o preocupados diante desse novo cen\u00e1rio, uma vez que os novos leitos n\u00e3o s\u00e3o de enfermaria, nem de UTI, e que apesar de j\u00e1 estarem sendo contratados mais profissionais para essa expans\u00e3o n\u00e3o houve uma correspond\u00eancia na aquisi\u00e7\u00e3o dos insumos e equipamentos necess\u00e1rios a uma boa assist\u00eancia.<\/p>\n<p>Uma outra grande preocupa\u00e7\u00e3o \u00e9 que essa expans\u00e3o est\u00e1 sendo feita \u00e0s custas de leitos da Cl\u00ednica M\u00e9dica, destinados a idosos, em sua maioria, e n\u00e3o com um aumento real no n\u00famero de leitos de observa\u00e7\u00e3o nas UPAs, gerando uma desassist\u00eancia na j\u00e1 prec\u00e1ria situa\u00e7\u00e3o deste grupo populacional nas UPAs, visto que as salas amarelas e vermelhas encontram-se lotadas.<\/p>\n<p>O diretor Rodrigo Rosas salienta que \u00e9 algo muito grave: \u201cEsse fato n\u00e3o teria acontecido se a SES tivesse feito planejamento pr\u00e9vio,em rela\u00e7\u00e3o \u00e0 instala\u00e7\u00e3o de leitos de UTI pedi\u00e1trico e leitos de enfermaria, num n\u00famero adequado, situa\u00e7\u00e3o previs\u00edvel e que se repete ano ap\u00f3s ano\u201d, pontuou o diretor.<\/p>\n<p>O Simepe vai denunciar esse problema \u00e0 Secretaria de Estadual de Sa\u00fade e Cremepe, em busca de a\u00e7\u00f5es efetivas e n\u00e3o de paliativos. Sindicato forte \u00e9 sindicato de luta.<\/p>\n","protected":false},"excerpt":{"rendered":"<p>O diretor do Simepe, Rodrigo Rosas, reuniu-se na tarde desta segunda-feira, 27\/05, on-line (via Zoom), com m\u00e9dicos pediatras que trabalham nas UPAS (Unidades de Pronto Atendimento) da Regi\u00e3o Metropolitana do Recife. Os profissionais relataram v\u00e1rios problemas em rela\u00e7\u00e3o \u00e0 epidemia da S\u00edndrome Respirat\u00f3ria Aguda Grave (SRAG), atualmente instalada na rede de sa\u00fade p\u00fablica de Pernambuco. [&hellip;]<\/p>\n","protected":false},"author":2,"featured_media":67283,"comment_status":"open","ping_status":"open","sticky":false,"template":"","format":"standard","meta":{"ocean_post_layout":"","ocean_both_sidebars_style":"","ocean_both_sidebars_content_width":0,"ocean_both_sidebars_sidebars_width":0,"ocean_sidebar":"","ocean_second_sidebar":"","ocean_disable_margins":"enable","ocean_add_body_class":"","ocean_shortcode_before_top_bar":"","ocean_shortcode_after_top_bar":"","ocean_shortcode_before_header":"","ocean_shortcode_after_header":"","ocean_has_shortcode":"","ocean_shortcode_after_title":"","ocean_shortcode_before_footer_widgets":"","ocean_shortcode_after_footer_widgets":"","ocean_shortcode_before_footer_bottom":"","ocean_shortcode_after_footer_bottom":"","ocean_display_top_bar":"default","ocean_display_header":"default","ocean_header_style":"","ocean_center_header_left_menu":"","ocean_custom_header_template":"","ocean_custom_logo":0,"ocean_custom_retina_logo":0,"ocean_custom_logo_max_width":0,"ocean_custom_logo_tablet_max_width":0,"ocean_custom_logo_mobile_max_width":0,"ocean_custom_logo_max_height":0,"ocean_custom_logo_tablet_max_height":0,"ocean_custom_logo_mobile_max_height":0,"ocean_header_custom_menu":"","ocean_menu_typo_font_family":"","ocean_menu_typo_font_subset":"","ocean_menu_typo_font_size":0,"ocean_menu_typo_font_size_tablet":0,"ocean_menu_typo_font_size_mobile":0,"ocean_menu_typo_font_size_unit":"px","ocean_menu_typo_font_weight":"","ocean_menu_typo_font_weight_tablet":"","ocean_menu_typo_font_weight_mobile":"","ocean_menu_typo_transform":"","ocean_menu_typo_transform_tablet":"","ocean_menu_typo_transform_mobile":"","ocean_menu_typo_line_height":0,"ocean_menu_typo_line_height_tablet":0,"ocean_menu_typo_line_height_mobile":0,"ocean_menu_typo_line_height_unit":"","ocean_menu_typo_spacing":0,"ocean_menu_typo_spacing_tablet":0,"ocean_menu_typo_spacing_mobile":0,"ocean_menu_typo_spacing_unit":"","ocean_menu_link_color":"","ocean_menu_link_color_hover":"","ocean_menu_link_color_active":"","ocean_menu_link_background":"","ocean_menu_link_hover_background":"","ocean_menu_link_active_background":"","ocean_menu_social_links_bg":"","ocean_menu_social_hover_links_bg":"","ocean_menu_social_links_color":"","ocean_menu_social_hover_links_color":"","ocean_disable_title":"default","ocean_disable_heading":"default","ocean_post_title":"","ocean_post_subheading":"","ocean_post_title_style":"","ocean_post_title_background_color":"","ocean_post_title_background":0,"ocean_post_title_bg_image_position":"","ocean_post_title_bg_image_attachment":"","ocean_post_title_bg_image_repeat":"","ocean_post_title_bg_image_size":"","ocean_post_title_height":0,"ocean_post_title_bg_overlay":0.5,"ocean_post_title_bg_overlay_color":"","ocean_disable_breadcrumbs":"default","ocean_breadcrumbs_color":"","ocean_breadcrumbs_separator_color":"","ocean_breadcrumbs_links_color":"","ocean_breadcrumbs_links_hover_color":"","ocean_display_footer_widgets":"default","ocean_display_footer_bottom":"default","ocean_custom_footer_template":"","ocean_post_oembed":"","ocean_post_self_hosted_media":"","ocean_post_video_embed":"","ocean_link_format":"","ocean_link_format_target":"self","ocean_quote_format":"","ocean_quote_format_link":"post","ocean_gallery_link_images":"on","ocean_gallery_id":[]},"categories":[1796,1],"tags":[],"acf":[],"_links":{"self":[{"href":"https:\/\/www.simepe.com.br\/novo\/wp-json\/wp\/v2\/posts\/67282"}],"collection":[{"href":"https:\/\/www.simepe.com.br\/novo\/wp-json\/wp\/v2\/posts"}],"about":[{"href":"https:\/\/www.simepe.com.br\/novo\/wp-json\/wp\/v2\/types\/post"}],"author":[{"embeddable":true,"href":"https:\/\/www.simepe.com.br\/novo\/wp-json\/wp\/v2\/users\/2"}],"replies":[{"embeddable":true,"href":"https:\/\/www.simepe.com.br\/novo\/wp-json\/wp\/v2\/comments?post=67282"}],"version-history":[{"count":1,"href":"https:\/\/www.simepe.com.br\/novo\/wp-json\/wp\/v2\/posts\/67282\/revisions"}],"predecessor-version":[{"id":67284,"href":"https:\/\/www.simepe.com.br\/novo\/wp-json\/wp\/v2\/posts\/67282\/revisions\/67284"}],"wp:featuredmedia":[{"embeddable":true,"href":"https:\/\/www.simepe.com.br\/novo\/wp-json\/wp\/v2\/media\/67283"}],"wp:attachment":[{"href":"https:\/\/www.simepe.com.br\/novo\/wp-json\/wp\/v2\/media?parent=67282"}],"wp:term":[{"taxonomy":"category","embeddable":true,"href":"https:\/\/www.simepe.com.br\/novo\/wp-json\/wp\/v2\/categories?post=67282"},{"taxonomy":"post_tag","embeddable":true,"href":"https:\/\/www.simepe.com.br\/novo\/wp-json\/wp\/v2\/tags?post=67282"}],"curies":[{"name":"wp","href":"https:\/\/api.w.org\/{rel}","templated":true}]}}