{"id":67314,"date":"2024-06-06T13:46:29","date_gmt":"2024-06-06T16:46:29","guid":{"rendered":"https:\/\/www.simepe.com.br\/novo\/?p=67314"},"modified":"2024-06-06T15:29:01","modified_gmt":"2024-06-06T18:29:01","slug":"presidente-do-simepe-recebe-o-titulo-de-cidadao-do-recife","status":"publish","type":"post","link":"https:\/\/www.simepe.com.br\/novo\/presidente-do-simepe-recebe-o-titulo-de-cidadao-do-recife\/","title":{"rendered":"Presidente do Simepe recebe o T\u00edtulo de Cidad\u00e3o do Recife"},"content":{"rendered":"<p>&nbsp;<\/p>\n<p>Em sess\u00e3o solene realizada na tarde desta quarta-feira (05\/06), a C\u00e2mara Municipal concedeu o t\u00edtulo de Cidad\u00e3o do Recife ao presidente do Sindicato dos M\u00e9dicos de Pernambuco, Walber Steffano. A solenidade, no plen\u00e1rio da Casa de Jos\u00e9 Mariano, foi uma iniciativa do vereador Tadeu Calheiros, e contou com a presen\u00e7a expressiva de familiares, profissionais m\u00e9dicos (as), al\u00e9m de representantes das principais entidades m\u00e9dicas e \u00f3rg\u00e3os de sa\u00fade do Estado. A vereadora Ana L\u00facia presidiu a solenidade.<\/p>\n<p><strong>Foto: Guga Matos\/Camara Municipal do Recife<\/strong><\/p>\n<p><img fetchpriority=\"high\" class=\"alignnone size-full wp-image-67326\" src=\"https:\/\/www.simepe.com.br\/novo\/wp-content\/uploads\/2024\/06\/WhatsApp-Image-2024-06-06-at-14.05.21.jpeg\" alt=\"\" width=\"1600\" height=\"1066\" srcset=\"https:\/\/www.simepe.com.br\/novo\/wp-content\/uploads\/2024\/06\/WhatsApp-Image-2024-06-06-at-14.05.21.jpeg 1600w, https:\/\/www.simepe.com.br\/novo\/wp-content\/uploads\/2024\/06\/WhatsApp-Image-2024-06-06-at-14.05.21-300x200.jpeg 300w, https:\/\/www.simepe.com.br\/novo\/wp-content\/uploads\/2024\/06\/WhatsApp-Image-2024-06-06-at-14.05.21-1024x682.jpeg 1024w, https:\/\/www.simepe.com.br\/novo\/wp-content\/uploads\/2024\/06\/WhatsApp-Image-2024-06-06-at-14.05.21-768x512.jpeg 768w, https:\/\/www.simepe.com.br\/novo\/wp-content\/uploads\/2024\/06\/WhatsApp-Image-2024-06-06-at-14.05.21-1536x1023.jpeg 1536w\" sizes=\"(max-width: 1600px) 100vw, 1600px\" \/><\/p>\n<p><img class=\"alignnone size-full wp-image-67318\" src=\"https:\/\/www.simepe.com.br\/novo\/wp-content\/uploads\/2024\/06\/123.jpg\" alt=\"\" width=\"1600\" height=\"739\" srcset=\"https:\/\/www.simepe.com.br\/novo\/wp-content\/uploads\/2024\/06\/123.jpg 1600w, https:\/\/www.simepe.com.br\/novo\/wp-content\/uploads\/2024\/06\/123-300x139.jpg 300w, https:\/\/www.simepe.com.br\/novo\/wp-content\/uploads\/2024\/06\/123-1024x473.jpg 1024w, https:\/\/www.simepe.com.br\/novo\/wp-content\/uploads\/2024\/06\/123-768x355.jpg 768w, https:\/\/www.simepe.com.br\/novo\/wp-content\/uploads\/2024\/06\/123-1536x709.jpg 1536w, https:\/\/www.simepe.com.br\/novo\/wp-content\/uploads\/2024\/06\/123-165x75.jpg 165w\" sizes=\"(max-width: 1600px) 100vw, 1600px\" \/><\/p>\n<p><strong>Dr. Walber Steffano e fam\u00edlia<\/strong><\/p>\n<p>Natural de Fortaleza (CE), Walber Steffano mudou-se para o Recife em 2002, logo ap\u00f3s graduar-se em Medicina pela Universidade Federal da Para\u00edba. Na capital de Pernambuco, realizou a resid\u00eancia em Pediatria; trabalha no Real Hospital Portugu\u00eas desde 2005 at\u00e9 os dias atuais.<\/p>\n<p>De forma bastante objetiva, determinada e participativa, ele construiu uma carreira dedicada \u00e0s entidades e representa\u00e7\u00f5es m\u00e9dicas, ocupando cargos no Conselho Regional de Medicina do Estado de Pernambuco (Cremepe) e no Sindicato dos M\u00e9dicos de Pernambuco (Simepe). Demonstrou ao longo dos anos ser uma lideran\u00e7a em defesa dos direitos e reivindica\u00e7\u00f5es da categoria m\u00e9dica.<\/p>\n<p><img class=\"alignnone size-full wp-image-67319\" src=\"https:\/\/www.simepe.com.br\/novo\/wp-content\/uploads\/2024\/06\/567.jpg\" alt=\"\" width=\"1600\" height=\"739\" srcset=\"https:\/\/www.simepe.com.br\/novo\/wp-content\/uploads\/2024\/06\/567.jpg 1600w, https:\/\/www.simepe.com.br\/novo\/wp-content\/uploads\/2024\/06\/567-300x139.jpg 300w, https:\/\/www.simepe.com.br\/novo\/wp-content\/uploads\/2024\/06\/567-1024x473.jpg 1024w, https:\/\/www.simepe.com.br\/novo\/wp-content\/uploads\/2024\/06\/567-768x355.jpg 768w, https:\/\/www.simepe.com.br\/novo\/wp-content\/uploads\/2024\/06\/567-1536x709.jpg 1536w, https:\/\/www.simepe.com.br\/novo\/wp-content\/uploads\/2024\/06\/567-165x75.jpg 165w\" sizes=\"(max-width: 1600px) 100vw, 1600px\" \/><\/p>\n<p><strong>Dr. Walber Steffano e diretoria do Simepe<\/strong><\/p>\n<p>Foto<img loading=\"lazy\" class=\"alignnone size-full wp-image-67327\" src=\"https:\/\/www.simepe.com.br\/novo\/wp-content\/uploads\/2024\/06\/WhatsApp-Image-2024-06-06-at-14.05.20.jpeg\" alt=\"\" width=\"1600\" height=\"1066\" srcset=\"https:\/\/www.simepe.com.br\/novo\/wp-content\/uploads\/2024\/06\/WhatsApp-Image-2024-06-06-at-14.05.20.jpeg 1600w, https:\/\/www.simepe.com.br\/novo\/wp-content\/uploads\/2024\/06\/WhatsApp-Image-2024-06-06-at-14.05.20-300x200.jpeg 300w, https:\/\/www.simepe.com.br\/novo\/wp-content\/uploads\/2024\/06\/WhatsApp-Image-2024-06-06-at-14.05.20-1024x682.jpeg 1024w, https:\/\/www.simepe.com.br\/novo\/wp-content\/uploads\/2024\/06\/WhatsApp-Image-2024-06-06-at-14.05.20-768x512.jpeg 768w, https:\/\/www.simepe.com.br\/novo\/wp-content\/uploads\/2024\/06\/WhatsApp-Image-2024-06-06-at-14.05.20-1536x1023.jpeg 1536w\" sizes=\"(max-width: 1600px) 100vw, 1600px\" \/><\/p>\n<p><strong>Foto: Guga Matos\/ Camara Municipal do Recife<\/strong><\/p>\n<p>\u201cUm m\u00e9dico que luta pelos ideais de uma medicina melhor, pautada na \u00e9tica, responsabilidade e no respeito a profissionais e pacientes, Walber n\u00e3o se esquivou ao chamado para somar em prol do Sindicato dos M\u00e9dicos de Pernambuco. No Sindicato, desde 2012 vem acumulando experi\u00eancias e conhecimentos, bem como admira\u00e7\u00e3o e respeito entre os colegas da profiss\u00e3o\u201d, enfatizou Tadeu Calheiros em seu discurso de homenagem.\u201c<br \/>\nEm pouco mais de uma d\u00e9cada, Steffano ocupou os cargos de diretor de sa\u00fade suplementar, diretor jur\u00eddico e de rela\u00e7\u00f5es institucionais, al\u00e9m da vice-presid\u00eancia, sempre encabe\u00e7ando lutas hist\u00f3ricas e que garantiram avan\u00e7os e direitos fundamentais para a categoria. Em 2022 foi aclamado ao cargo de presidente da entidade.<\/p>\n<p><strong><img loading=\"lazy\" class=\"alignnone size-full wp-image-67321\" src=\"https:\/\/www.simepe.com.br\/novo\/wp-content\/uploads\/2024\/06\/9087.jpg\" alt=\"\" width=\"1600\" height=\"739\" srcset=\"https:\/\/www.simepe.com.br\/novo\/wp-content\/uploads\/2024\/06\/9087.jpg 1600w, https:\/\/www.simepe.com.br\/novo\/wp-content\/uploads\/2024\/06\/9087-300x139.jpg 300w, https:\/\/www.simepe.com.br\/novo\/wp-content\/uploads\/2024\/06\/9087-1024x473.jpg 1024w, https:\/\/www.simepe.com.br\/novo\/wp-content\/uploads\/2024\/06\/9087-768x355.jpg 768w, https:\/\/www.simepe.com.br\/novo\/wp-content\/uploads\/2024\/06\/9087-1536x709.jpg 1536w, https:\/\/www.simepe.com.br\/novo\/wp-content\/uploads\/2024\/06\/9087-165x75.jpg 165w\" sizes=\"(max-width: 1600px) 100vw, 1600px\" \/><\/strong><\/p>\n<p><strong>Dr. Walber e representantes de entidades m\u00e9dicas de Pernmambuco<\/strong><\/p>\n<p>A cerim\u00f4nia foi marcada por discursos de diversas autoridades presentes. Na tribuna, pronunciaram-se a secret\u00e1ria de Sa\u00fade do Recife, Luciana Albuquerque; a secret\u00e1ria estadual de Sa\u00fade, Zilda Cavalcanti; o presidente do Cremepe, M\u00e1rio Jorge Lobo; e o presidente da Academia Pernambucana de Medicina (APM), Hildo Azevedo. Al\u00e9m dessas personalidades, tamb\u00e9m fizeram parte da mesa de honra do evento a presidente da Unimed Recife, Maria de Lourdes Correia de Ara\u00fajo, e o presidente da Associa\u00e7\u00e3o M\u00e9dica de Pernambuco (AMPE), Bento Bezerra.<\/p>\n<p>Ap\u00f3s a entrega do T\u00edtulo de Cidad\u00e3o do Recife e da respectiva Medalha, Walber Steffano ocupou a tribuna para expressar gratid\u00e3o a todos presentes. A emo\u00e7\u00e3o e o reconhecimento foram dedicados aos familiares, colegas, amigos, colaboradores e a uni\u00e3o das entidades m\u00e9dicas de Pernambuco, foi um dos pontos pilares de seu discurso.<\/p>\n<p>\u201c\u00c9 com imensa alegria e gratid\u00e3o que recebo a honra de ser agraciado com o T\u00edtulo de Cidad\u00e3o Recifense. Este momento \u00e9 extremamente especial para mim e representa o reconhecimento a uma jornada dedicada ao servi\u00e7o \u00e0 nossa querida cidade do Recife\u201d, pontuou o presidente do Simepe.<\/p>\n<p>Ele fez quest\u00e3o ainda de ressaltar: \u201cEste T\u00edtulo n\u00e3o \u00e9 apenas um reconhecimento do meu trabalho, mas, sim, uma celebra\u00e7\u00e3o da generosidade, da acolhida e do esp\u00edrito solid\u00e1rio do povo recifense. Recife, com suas pontes e rios, \u00e9 uma met\u00e1fora perfeita da uni\u00e3o e do encontro de culturas e hist\u00f3rias que formam a identidade desta cidade vibrante e acolhedora\u201d,<\/p>\n","protected":false},"excerpt":{"rendered":"<p>&nbsp; Em sess\u00e3o solene realizada na tarde desta quarta-feira (05\/06), a C\u00e2mara Municipal concedeu o t\u00edtulo de Cidad\u00e3o do Recife ao presidente do Sindicato dos M\u00e9dicos de Pernambuco, Walber Steffano. A solenidade, no plen\u00e1rio da Casa de Jos\u00e9 Mariano, foi uma iniciativa do vereador Tadeu Calheiros, e contou com a presen\u00e7a expressiva de familiares, profissionais [&hellip;]<\/p>\n","protected":false},"author":2,"featured_media":67330,"comment_status":"open","ping_status":"open","sticky":false,"template":"","format":"standard","meta":{"ocean_post_layout":"","ocean_both_sidebars_style":"","ocean_both_sidebars_content_width":0,"ocean_both_sidebars_sidebars_width":0,"ocean_sidebar":"","ocean_second_sidebar":"","ocean_disable_margins":"enable","ocean_add_body_class":"","ocean_shortcode_before_top_bar":"","ocean_shortcode_after_top_bar":"","ocean_shortcode_before_header":"","ocean_shortcode_after_header":"","ocean_has_shortcode":"","ocean_shortcode_after_title":"","ocean_shortcode_before_footer_widgets":"","ocean_shortcode_after_footer_widgets":"","ocean_shortcode_before_footer_bottom":"","ocean_shortcode_after_footer_bottom":"","ocean_display_top_bar":"default","ocean_display_header":"default","ocean_header_style":"","ocean_center_header_left_menu":"","ocean_custom_header_template":"","ocean_custom_logo":0,"ocean_custom_retina_logo":0,"ocean_custom_logo_max_width":0,"ocean_custom_logo_tablet_max_width":0,"ocean_custom_logo_mobile_max_width":0,"ocean_custom_logo_max_height":0,"ocean_custom_logo_tablet_max_height":0,"ocean_custom_logo_mobile_max_height":0,"ocean_header_custom_menu":"","ocean_menu_typo_font_family":"","ocean_menu_typo_font_subset":"","ocean_menu_typo_font_size":0,"ocean_menu_typo_font_size_tablet":0,"ocean_menu_typo_font_size_mobile":0,"ocean_menu_typo_font_size_unit":"px","ocean_menu_typo_font_weight":"","ocean_menu_typo_font_weight_tablet":"","ocean_menu_typo_font_weight_mobile":"","ocean_menu_typo_transform":"","ocean_menu_typo_transform_tablet":"","ocean_menu_typo_transform_mobile":"","ocean_menu_typo_line_height":0,"ocean_menu_typo_line_height_tablet":0,"ocean_menu_typo_line_height_mobile":0,"ocean_menu_typo_line_height_unit":"","ocean_menu_typo_spacing":0,"ocean_menu_typo_spacing_tablet":0,"ocean_menu_typo_spacing_mobile":0,"ocean_menu_typo_spacing_unit":"","ocean_menu_link_color":"","ocean_menu_link_color_hover":"","ocean_menu_link_color_active":"","ocean_menu_link_background":"","ocean_menu_link_hover_background":"","ocean_menu_link_active_background":"","ocean_menu_social_links_bg":"","ocean_menu_social_hover_links_bg":"","ocean_menu_social_links_color":"","ocean_menu_social_hover_links_color":"","ocean_disable_title":"default","ocean_disable_heading":"default","ocean_post_title":"","ocean_post_subheading":"","ocean_post_title_style":"","ocean_post_title_background_color":"","ocean_post_title_background":0,"ocean_post_title_bg_image_position":"","ocean_post_title_bg_image_attachment":"","ocean_post_title_bg_image_repeat":"","ocean_post_title_bg_image_size":"","ocean_post_title_height":0,"ocean_post_title_bg_overlay":0.5,"ocean_post_title_bg_overlay_color":"","ocean_disable_breadcrumbs":"default","ocean_breadcrumbs_color":"","ocean_breadcrumbs_separator_color":"","ocean_breadcrumbs_links_color":"","ocean_breadcrumbs_links_hover_color":"","ocean_display_footer_widgets":"default","ocean_display_footer_bottom":"default","ocean_custom_footer_template":"","ocean_post_oembed":"","ocean_post_self_hosted_media":"","ocean_post_video_embed":"","ocean_link_format":"","ocean_link_format_target":"self","ocean_quote_format":"","ocean_quote_format_link":"post","ocean_gallery_link_images":"on","ocean_gallery_id":[]},"categories":[1796,1],"tags":[],"acf":[],"_links":{"self":[{"href":"https:\/\/www.simepe.com.br\/novo\/wp-json\/wp\/v2\/posts\/67314"}],"collection":[{"href":"https:\/\/www.simepe.com.br\/novo\/wp-json\/wp\/v2\/posts"}],"about":[{"href":"https:\/\/www.simepe.com.br\/novo\/wp-json\/wp\/v2\/types\/post"}],"author":[{"embeddable":true,"href":"https:\/\/www.simepe.com.br\/novo\/wp-json\/wp\/v2\/users\/2"}],"replies":[{"embeddable":true,"href":"https:\/\/www.simepe.com.br\/novo\/wp-json\/wp\/v2\/comments?post=67314"}],"version-history":[{"count":8,"href":"https:\/\/www.simepe.com.br\/novo\/wp-json\/wp\/v2\/posts\/67314\/revisions"}],"predecessor-version":[{"id":67335,"href":"https:\/\/www.simepe.com.br\/novo\/wp-json\/wp\/v2\/posts\/67314\/revisions\/67335"}],"wp:featuredmedia":[{"embeddable":true,"href":"https:\/\/www.simepe.com.br\/novo\/wp-json\/wp\/v2\/media\/67330"}],"wp:attachment":[{"href":"https:\/\/www.simepe.com.br\/novo\/wp-json\/wp\/v2\/media?parent=67314"}],"wp:term":[{"taxonomy":"category","embeddable":true,"href":"https:\/\/www.simepe.com.br\/novo\/wp-json\/wp\/v2\/categories?post=67314"},{"taxonomy":"post_tag","embeddable":true,"href":"https:\/\/www.simepe.com.br\/novo\/wp-json\/wp\/v2\/tags?post=67314"}],"curies":[{"name":"wp","href":"https:\/\/api.w.org\/{rel}","templated":true}]}}