{"id":68055,"date":"2024-12-03T19:35:53","date_gmt":"2024-12-03T22:35:53","guid":{"rendered":"https:\/\/www.simepe.com.br\/novo\/?p=68055"},"modified":"2024-12-04T10:41:28","modified_gmt":"2024-12-04T13:41:28","slug":"simepe-e-medicos-de-petrolina-reforcam-mobilizacao-por-avancos-nas-negociacoes-com-a-gestao-municipal","status":"publish","type":"post","link":"https:\/\/www.simepe.com.br\/novo\/simepe-e-medicos-de-petrolina-reforcam-mobilizacao-por-avancos-nas-negociacoes-com-a-gestao-municipal\/","title":{"rendered":"Simepe e m\u00e9dicos de Petrolina refor\u00e7am mobiliza\u00e7\u00e3o por avan\u00e7os nas negocia\u00e7\u00f5es com a gest\u00e3o municipal"},"content":{"rendered":"<p>Na manh\u00e3 desta ter\u00e7a-feira (3), o Sindicato dos M\u00e9dicos de Pernambuco (Simepe) promoveu uma nova Assembleia Geral com os m\u00e9dicos da Rede Municipal de Sa\u00fade de Petrolina. O encontro aconteceu na sede da entidade na cidade e contou com a presen\u00e7a do diretor sindical, Robson Miranda, e do advogado da defesa m\u00e9dica do Simepe, Jo\u00e3o Moreira. A pauta da AGE girou em torno da discuss\u00e3o das pr\u00f3ximas a\u00e7\u00f5es do movimento.<\/p>\n<p>Entre as principais demandas da categoria est\u00e3o recomposi\u00e7\u00e3o salarial, incorpora\u00e7\u00e3o das gratifica\u00e7\u00f5es \u00e0 base salarial, cria\u00e7\u00e3o do PCCV e melhorias nas condi\u00e7\u00f5es de trabalho.<\/p>\n<p><strong>O movimento<\/strong><\/p>\n<p>Desde novembro de 2023, os m\u00e9dicos servidores t\u00eam a inten\u00e7\u00e3o de avan\u00e7ar nas negocia\u00e7\u00f5es com a gest\u00e3o municipal, que at\u00e9 agora vem postergando uma resposta concreta para as propostas. No \u00faltimo dia 21 de novembro, o Simepe e os m\u00e9dicos de Petrolina participaram de uma reuni\u00e3o com a Comiss\u00e3o de Sa\u00fade da C\u00e2mara dos Vereadores do munic\u00edpio, na qual a pauta foi apresentada aos representantes. Um novo of\u00edcio ser\u00e1 encaminhado \u00e0 comiss\u00e3o com o intuito de dar celeridade ao pleito da categoria.<\/p>\n<p>O Simepe segue acompanhando de perto as demandas dos profissionais e mantendo o di\u00e1logo aberto com os m\u00e9dicos do munic\u00edpio. O movimento segue em estado de assembleia permanente.<\/p>\n","protected":false},"excerpt":{"rendered":"<p>Na manh\u00e3 desta ter\u00e7a-feira (3), o Sindicato dos M\u00e9dicos de Pernambuco (Simepe) promoveu uma nova Assembleia Geral com os m\u00e9dicos da Rede Municipal de Sa\u00fade de Petrolina. O encontro aconteceu na sede da entidade na cidade e contou com a presen\u00e7a do diretor sindical, Robson Miranda, e do advogado da defesa m\u00e9dica do Simepe, Jo\u00e3o [&hellip;]<\/p>\n","protected":false},"author":19,"featured_media":68056,"comment_status":"open","ping_status":"open","sticky":false,"template":"","format":"standard","meta":{"ocean_post_layout":"","ocean_both_sidebars_style":"","ocean_both_sidebars_content_width":0,"ocean_both_sidebars_sidebars_width":0,"ocean_sidebar":"","ocean_second_sidebar":"","ocean_disable_margins":"enable","ocean_add_body_class":"","ocean_shortcode_before_top_bar":"","ocean_shortcode_after_top_bar":"","ocean_shortcode_before_header":"","ocean_shortcode_after_header":"","ocean_has_shortcode":"","ocean_shortcode_after_title":"","ocean_shortcode_before_footer_widgets":"","ocean_shortcode_after_footer_widgets":"","ocean_shortcode_before_footer_bottom":"","ocean_shortcode_after_footer_bottom":"","ocean_display_top_bar":"default","ocean_display_header":"default","ocean_header_style":"","ocean_center_header_left_menu":"","ocean_custom_header_template":"","ocean_custom_logo":0,"ocean_custom_retina_logo":0,"ocean_custom_logo_max_width":0,"ocean_custom_logo_tablet_max_width":0,"ocean_custom_logo_mobile_max_width":0,"ocean_custom_logo_max_height":0,"ocean_custom_logo_tablet_max_height":0,"ocean_custom_logo_mobile_max_height":0,"ocean_header_custom_menu":"","ocean_menu_typo_font_family":"","ocean_menu_typo_font_subset":"","ocean_menu_typo_font_size":0,"ocean_menu_typo_font_size_tablet":0,"ocean_menu_typo_font_size_mobile":0,"ocean_menu_typo_font_size_unit":"px","ocean_menu_typo_font_weight":"","ocean_menu_typo_font_weight_tablet":"","ocean_menu_typo_font_weight_mobile":"","ocean_menu_typo_transform":"","ocean_menu_typo_transform_tablet":"","ocean_menu_typo_transform_mobile":"","ocean_menu_typo_line_height":0,"ocean_menu_typo_line_height_tablet":0,"ocean_menu_typo_line_height_mobile":0,"ocean_menu_typo_line_height_unit":"","ocean_menu_typo_spacing":0,"ocean_menu_typo_spacing_tablet":0,"ocean_menu_typo_spacing_mobile":0,"ocean_menu_typo_spacing_unit":"","ocean_menu_link_color":"","ocean_menu_link_color_hover":"","ocean_menu_link_color_active":"","ocean_menu_link_background":"","ocean_menu_link_hover_background":"","ocean_menu_link_active_background":"","ocean_menu_social_links_bg":"","ocean_menu_social_hover_links_bg":"","ocean_menu_social_links_color":"","ocean_menu_social_hover_links_color":"","ocean_disable_title":"default","ocean_disable_heading":"default","ocean_post_title":"","ocean_post_subheading":"","ocean_post_title_style":"","ocean_post_title_background_color":"","ocean_post_title_background":0,"ocean_post_title_bg_image_position":"","ocean_post_title_bg_image_attachment":"","ocean_post_title_bg_image_repeat":"","ocean_post_title_bg_image_size":"","ocean_post_title_height":0,"ocean_post_title_bg_overlay":0.5,"ocean_post_title_bg_overlay_color":"","ocean_disable_breadcrumbs":"default","ocean_breadcrumbs_color":"","ocean_breadcrumbs_separator_color":"","ocean_breadcrumbs_links_color":"","ocean_breadcrumbs_links_hover_color":"","ocean_display_footer_widgets":"default","ocean_display_footer_bottom":"default","ocean_custom_footer_template":"","ocean_post_oembed":"","ocean_post_self_hosted_media":"","ocean_post_video_embed":"","ocean_link_format":"","ocean_link_format_target":"self","ocean_quote_format":"","ocean_quote_format_link":"post","ocean_gallery_link_images":"on","ocean_gallery_id":[]},"categories":[3943,3944,1],"tags":[],"acf":[],"_links":{"self":[{"href":"https:\/\/www.simepe.com.br\/novo\/wp-json\/wp\/v2\/posts\/68055"}],"collection":[{"href":"https:\/\/www.simepe.com.br\/novo\/wp-json\/wp\/v2\/posts"}],"about":[{"href":"https:\/\/www.simepe.com.br\/novo\/wp-json\/wp\/v2\/types\/post"}],"author":[{"embeddable":true,"href":"https:\/\/www.simepe.com.br\/novo\/wp-json\/wp\/v2\/users\/19"}],"replies":[{"embeddable":true,"href":"https:\/\/www.simepe.com.br\/novo\/wp-json\/wp\/v2\/comments?post=68055"}],"version-history":[{"count":2,"href":"https:\/\/www.simepe.com.br\/novo\/wp-json\/wp\/v2\/posts\/68055\/revisions"}],"predecessor-version":[{"id":68058,"href":"https:\/\/www.simepe.com.br\/novo\/wp-json\/wp\/v2\/posts\/68055\/revisions\/68058"}],"wp:featuredmedia":[{"embeddable":true,"href":"https:\/\/www.simepe.com.br\/novo\/wp-json\/wp\/v2\/media\/68056"}],"wp:attachment":[{"href":"https:\/\/www.simepe.com.br\/novo\/wp-json\/wp\/v2\/media?parent=68055"}],"wp:term":[{"taxonomy":"category","embeddable":true,"href":"https:\/\/www.simepe.com.br\/novo\/wp-json\/wp\/v2\/categories?post=68055"},{"taxonomy":"post_tag","embeddable":true,"href":"https:\/\/www.simepe.com.br\/novo\/wp-json\/wp\/v2\/tags?post=68055"}],"curies":[{"name":"wp","href":"https:\/\/api.w.org\/{rel}","templated":true}]}}