{"id":68113,"date":"2025-01-13T11:47:16","date_gmt":"2025-01-13T14:47:16","guid":{"rendered":"https:\/\/www.simepe.com.br\/novo\/?p=68113"},"modified":"2025-01-13T11:50:38","modified_gmt":"2025-01-13T14:50:38","slug":"cehm-pe-e-radiologistas-consideram-inaceitaveis-respostas-da-sulamerica-ao-movimento-de-valorizacao","status":"publish","type":"post","link":"https:\/\/www.simepe.com.br\/novo\/cehm-pe-e-radiologistas-consideram-inaceitaveis-respostas-da-sulamerica-ao-movimento-de-valorizacao\/","title":{"rendered":"CEHM-PE e radiologistas consideram inaceit\u00e1veis respostas da SulAm\u00e9rica ao movimento de valoriza\u00e7\u00e3o"},"content":{"rendered":"<p>Nesta quarta-feira (08\/01), o presidente da Comiss\u00e3o de Honor\u00e1rios M\u00e9dicos de Pernambuco (CEHM-PE), Mario Fernando Lins se reuniu Assembleia Geral Extraordin\u00e1ria (AGE), de forma presencial e On Line, com os m\u00e9dicos que prestam servi\u00e7o a operadoras e seguradoras de planos privados de sa\u00fade, al\u00e9m de cooperativas m\u00e9dicas e ao Sistema \u00danico de Sa\u00fade (SUS), em Pernambuco.<\/p>\n<p>A AGE aconteceu na sede do Sindicato dos M\u00e9dicos de Pernambuco (Simepe), Avenida Jo\u00e3o de Barros, 587 \u2013 Boa Vista\/Recife e contou com as presen\u00e7as dos diretores do Simepe, \u00c1lvaro Campos, Eraldo Arraes, Carlos Eduardo Cunha e Sirleide Lira, que representou a Associa\u00e7\u00e3o M\u00e9dica de Pernambuco (AMPE. Al\u00e9m disso, representantes de sociedades de especialidades m\u00e9dicas e o advogado Diego Galdino da Defensoria M\u00e9dica, participaram do encontro.<\/p>\n<p>O principal objetivo da AGE foi outorgar \u00e0 Comiss\u00e3o a representa\u00e7\u00e3o em nome dos m\u00e9dicos, bem negociar os honor\u00e1rios da categoria, de acordo com dispositivos da lei 3.999\/1961, lei 9.656\/1998, lei 13.003\/2014 e normativas da Ag\u00eancia Nacional de Sa\u00fade Suplementar (ANS), durante o ano de 2024.<\/p>\n<p>Na ocasi\u00e3o, o presidente M\u00e1rio Lins, relatou sobre o trabalho e atua\u00e7\u00e3o da Comiss\u00e3o em prol da categoria m\u00e9dica, com resultados e conquistas expressivas nos \u00faltimos anos, demonstrando que a uni\u00e3o e participa\u00e7\u00e3o da classe m\u00e9dica foram relevantes para os avan\u00e7os da CEHM-PE. Ele tamb\u00e9m comentou sobre o oficio enviado pela SulAm\u00e9rica que, entre outros pontos, afirma que as tratativas s\u00e3o realizadas individualmente com os prestadores observando estritamente as normas regulamentares aplic\u00e1veis ao setor de sa\u00fade suplementar. No documento, a empresa ressalta tamb\u00e9m os prestadores dos servi\u00e7os de radiologia do Recife, j\u00e1 tiveram a remunera\u00e7\u00e3o reajustada para o per\u00edodo 2024\/2025.<\/p>\n<p>Por sua vez, o presidente da CEHM-PE, Mario Lins, apresentou resposta \u00e0 SulAm\u00e9rica, onde assinalou: \u201c N\u00e3o nos cabe interferir e negociar com empresas privadas. Nosso objetivo \u00e9 a defesa intransigente dos direitos de todos os m\u00e9dicos e m\u00e9dicas que atendem aos benefici\u00e1rios de planos privados de sa\u00fade em nosso estado, ou seja, n\u00f3s n\u00e3o representamos pessoas jur\u00eddicas, n\u00f3s representamos pessoas naturais ou seja, pessoas f\u00edsicas\u201d, salientou. Segundo ele, diante da evid\u00eancia de poss\u00edveis distor\u00e7\u00f5es ocorridas em diferentes contratos com cl\u00e1usulas que n\u00e3o atendem aos anseios de profissionais, a CEHM-PE utiliza o instrumento de \u201ccartas solid\u00e1rias\u201d, assinadas pelos diretores t\u00e9cnicos, diretores m\u00e9dicos, onde os m\u00e9dicos e m\u00e9dicas, expressam sua leg\u00edtima e constitucional insatisfa\u00e7\u00e3o, para com clausulas consideradas lesivas aos seus interesses, aderindo de forma livre e pessoal \u00e0s delibera\u00e7\u00f5es em AGE.<\/p>\n<p>Ao final foi deliberado por unanimidade, pela aprova\u00e7\u00e3o da pauta da AGE, incluindo o movimento de rep\u00fadio, atrav\u00e9s de campanha publicit\u00e1ria, \u00e0s medidas adotadas pela SulAmerica, em defesa da categoria m\u00e9dica e da vida.<\/p>\n<p>A CEHM-PE reafirma que n\u00e3o medir\u00e1 esfor\u00e7os para atender aos pleitos e as reivindica\u00e7\u00f5es dos m\u00e9dicos radiologistas, bem como defender seus interesses e dos pacientes benefici\u00e1rios da SulAm\u00e9rica.<\/p>\n","protected":false},"excerpt":{"rendered":"<p>Nesta quarta-feira (08\/01), o presidente da Comiss\u00e3o de Honor\u00e1rios M\u00e9dicos de Pernambuco (CEHM-PE), Mario Fernando Lins se reuniu Assembleia Geral Extraordin\u00e1ria (AGE), de forma presencial e On Line, com os m\u00e9dicos que prestam servi\u00e7o a operadoras e seguradoras de planos privados de sa\u00fade, al\u00e9m de cooperativas m\u00e9dicas e ao Sistema \u00danico de Sa\u00fade (SUS), em [&hellip;]<\/p>\n","protected":false},"author":2,"featured_media":68115,"comment_status":"open","ping_status":"open","sticky":false,"template":"","format":"standard","meta":{"ocean_post_layout":"","ocean_both_sidebars_style":"","ocean_both_sidebars_content_width":0,"ocean_both_sidebars_sidebars_width":0,"ocean_sidebar":"","ocean_second_sidebar":"","ocean_disable_margins":"enable","ocean_add_body_class":"","ocean_shortcode_before_top_bar":"","ocean_shortcode_after_top_bar":"","ocean_shortcode_before_header":"","ocean_shortcode_after_header":"","ocean_has_shortcode":"","ocean_shortcode_after_title":"","ocean_shortcode_before_footer_widgets":"","ocean_shortcode_after_footer_widgets":"","ocean_shortcode_before_footer_bottom":"","ocean_shortcode_after_footer_bottom":"","ocean_display_top_bar":"default","ocean_display_header":"default","ocean_header_style":"","ocean_center_header_left_menu":"","ocean_custom_header_template":"","ocean_custom_logo":0,"ocean_custom_retina_logo":0,"ocean_custom_logo_max_width":0,"ocean_custom_logo_tablet_max_width":0,"ocean_custom_logo_mobile_max_width":0,"ocean_custom_logo_max_height":0,"ocean_custom_logo_tablet_max_height":0,"ocean_custom_logo_mobile_max_height":0,"ocean_header_custom_menu":"","ocean_menu_typo_font_family":"","ocean_menu_typo_font_subset":"","ocean_menu_typo_font_size":0,"ocean_menu_typo_font_size_tablet":0,"ocean_menu_typo_font_size_mobile":0,"ocean_menu_typo_font_size_unit":"px","ocean_menu_typo_font_weight":"","ocean_menu_typo_font_weight_tablet":"","ocean_menu_typo_font_weight_mobile":"","ocean_menu_typo_transform":"","ocean_menu_typo_transform_tablet":"","ocean_menu_typo_transform_mobile":"","ocean_menu_typo_line_height":0,"ocean_menu_typo_line_height_tablet":0,"ocean_menu_typo_line_height_mobile":0,"ocean_menu_typo_line_height_unit":"","ocean_menu_typo_spacing":0,"ocean_menu_typo_spacing_tablet":0,"ocean_menu_typo_spacing_mobile":0,"ocean_menu_typo_spacing_unit":"","ocean_menu_link_color":"","ocean_menu_link_color_hover":"","ocean_menu_link_color_active":"","ocean_menu_link_background":"","ocean_menu_link_hover_background":"","ocean_menu_link_active_background":"","ocean_menu_social_links_bg":"","ocean_menu_social_hover_links_bg":"","ocean_menu_social_links_color":"","ocean_menu_social_hover_links_color":"","ocean_disable_title":"default","ocean_disable_heading":"default","ocean_post_title":"","ocean_post_subheading":"","ocean_post_title_style":"","ocean_post_title_background_color":"","ocean_post_title_background":0,"ocean_post_title_bg_image_position":"","ocean_post_title_bg_image_attachment":"","ocean_post_title_bg_image_repeat":"","ocean_post_title_bg_image_size":"","ocean_post_title_height":0,"ocean_post_title_bg_overlay":0.5,"ocean_post_title_bg_overlay_color":"","ocean_disable_breadcrumbs":"default","ocean_breadcrumbs_color":"","ocean_breadcrumbs_separator_color":"","ocean_breadcrumbs_links_color":"","ocean_breadcrumbs_links_hover_color":"","ocean_display_footer_widgets":"default","ocean_display_footer_bottom":"default","ocean_custom_footer_template":"","ocean_post_oembed":"","ocean_post_self_hosted_media":"","ocean_post_video_embed":"","ocean_link_format":"","ocean_link_format_target":"self","ocean_quote_format":"","ocean_quote_format_link":"post","ocean_gallery_link_images":"on","ocean_gallery_id":[]},"categories":[3943,1],"tags":[],"acf":[],"_links":{"self":[{"href":"https:\/\/www.simepe.com.br\/novo\/wp-json\/wp\/v2\/posts\/68113"}],"collection":[{"href":"https:\/\/www.simepe.com.br\/novo\/wp-json\/wp\/v2\/posts"}],"about":[{"href":"https:\/\/www.simepe.com.br\/novo\/wp-json\/wp\/v2\/types\/post"}],"author":[{"embeddable":true,"href":"https:\/\/www.simepe.com.br\/novo\/wp-json\/wp\/v2\/users\/2"}],"replies":[{"embeddable":true,"href":"https:\/\/www.simepe.com.br\/novo\/wp-json\/wp\/v2\/comments?post=68113"}],"version-history":[{"count":1,"href":"https:\/\/www.simepe.com.br\/novo\/wp-json\/wp\/v2\/posts\/68113\/revisions"}],"predecessor-version":[{"id":68114,"href":"https:\/\/www.simepe.com.br\/novo\/wp-json\/wp\/v2\/posts\/68113\/revisions\/68114"}],"wp:featuredmedia":[{"embeddable":true,"href":"https:\/\/www.simepe.com.br\/novo\/wp-json\/wp\/v2\/media\/68115"}],"wp:attachment":[{"href":"https:\/\/www.simepe.com.br\/novo\/wp-json\/wp\/v2\/media?parent=68113"}],"wp:term":[{"taxonomy":"category","embeddable":true,"href":"https:\/\/www.simepe.com.br\/novo\/wp-json\/wp\/v2\/categories?post=68113"},{"taxonomy":"post_tag","embeddable":true,"href":"https:\/\/www.simepe.com.br\/novo\/wp-json\/wp\/v2\/tags?post=68113"}],"curies":[{"name":"wp","href":"https:\/\/api.w.org\/{rel}","templated":true}]}}