{"id":68120,"date":"2025-01-15T13:15:06","date_gmt":"2025-01-15T16:15:06","guid":{"rendered":"https:\/\/www.simepe.com.br\/novo\/?p=68120"},"modified":"2025-01-15T13:15:06","modified_gmt":"2025-01-15T16:15:06","slug":"medicos-de-petrolina-e-simepe-intensificam-luta-por-condicoes-dignas-de-trabalho-e-melhorias-na-saude-publica","status":"publish","type":"post","link":"https:\/\/www.simepe.com.br\/novo\/medicos-de-petrolina-e-simepe-intensificam-luta-por-condicoes-dignas-de-trabalho-e-melhorias-na-saude-publica\/","title":{"rendered":"M\u00e9dicos de Petrolina e Simepe intensificam luta por condi\u00e7\u00f5es dignas de trabalho e melhorias na sa\u00fade p\u00fablica"},"content":{"rendered":"<p>Nesta ter\u00e7a-feira (14), o Sindicato dos M\u00e9dicos de Pernambuco (Simepe) e os m\u00e9dicos do munic\u00edpio de Petrolina realizaram uma Assembleia Geral Extraordin\u00e1ria (AGE), de forma on-line, para debater as demandas urgentes da categoria e deliberar os pr\u00f3ximos passos do movimento, em busca de solu\u00e7\u00f5es eficazes. Representando o Simepe, participaram os diretores Jos\u00e9 Alberto, Robson Miranda, Rodrigo Rosas, Jamilly Leite, Sylvio Vasconcelos, Adilson Morato, Jos\u00e9 Ten\u00f3rio, Fernando Jr e o advogado da Defensoria M\u00e9dica da entidade, Jo\u00e3o Moreira.<\/p>\n<p><strong><em>Hist\u00f3rico de cobran\u00e7as e falta de respostas<\/em><\/strong><\/p>\n<p>Os profissionais e o sindicato t\u00eam denunciado h\u00e1 mais de um ano o descaso dos gestores municipais em rela\u00e7\u00e3o \u00e0 sa\u00fade p\u00fablica e \u00e0s condi\u00e7\u00f5es de trabalho da categoria. Diversas assembleias, reuni\u00f5es com o Executivo da Secretaria de Sa\u00fade e com a prefeitura, al\u00e9m do envio de m\u00faltiplos of\u00edcios de cobran\u00e7a foram realizadas, mas os avan\u00e7os concretos continuam inexistentes.<\/p>\n<p>A categoria enfrenta desafios graves, como:<\/p>\n<p>1. Falta de infraestrutura adequada nas unidades de sa\u00fade;<br \/>\n2. Escassez de medicamentos e insumos b\u00e1sicos;<br \/>\n3. Inseguran\u00e7a nos locais de trabalho, dentre outras coisas.<\/p>\n<p>Eles solicitam tamb\u00e9m:<\/p>\n<p>A incorpora\u00e7\u00e3o das gratifica\u00e7\u00f5es ao sal\u00e1rio base e a implanta\u00e7\u00e3o do Plano de Cargos, Carreiras e Vencimentos (PCCV).<\/p>\n<p>Frustrados com a falta de respostas do Executivo, os m\u00e9dicos, acompanhados pelo Simepe, se mobilizam para abrir um canal de di\u00e1logo com o Legislativo de Petrolina, por meio da comiss\u00e3o de sa\u00fade da C\u00e2mera dos Vereador. O envio de of\u00edcio \u00e0 comiss\u00e3o solicitando resposta aos pleitos e o pedido de direito de fala na pr\u00f3xima audi\u00eancia p\u00fablica da C\u00e2mara foram alguns dos encaminhamentos deliberados nesta AGE.<\/p>\n<p>A pr\u00f3xima assembleia j\u00e1 est\u00e1 marcada para o dia <strong>4 de fevereiro, \u00e0s 10h<\/strong>, e seguir\u00e1 avaliando o progresso das medidas adotadas e discutindo novas a\u00e7\u00f5es para garantir condi\u00e7\u00f5es dignas de trabalho, respeito \u00e0 categoria m\u00e9dica e melhorias para a sa\u00fade da popula\u00e7\u00e3o de Petrolina.<\/p>\n<p>O Simepe reafirma seu compromisso em lutar por uma sa\u00fade p\u00fablica mais justa e eficiente, refor\u00e7ando a necessidade de di\u00e1logo transparente e resolutivo com os gestores e representantes do munic\u00edpio.<\/p>\n","protected":false},"excerpt":{"rendered":"<p>Nesta ter\u00e7a-feira (14), o Sindicato dos M\u00e9dicos de Pernambuco (Simepe) e os m\u00e9dicos do munic\u00edpio de Petrolina realizaram uma Assembleia Geral Extraordin\u00e1ria (AGE), de forma on-line, para debater as demandas urgentes da categoria e deliberar os pr\u00f3ximos passos do movimento, em busca de solu\u00e7\u00f5es eficazes. Representando o Simepe, participaram os diretores Jos\u00e9 Alberto, Robson Miranda, [&hellip;]<\/p>\n","protected":false},"author":19,"featured_media":68121,"comment_status":"open","ping_status":"open","sticky":false,"template":"","format":"standard","meta":{"ocean_post_layout":"","ocean_both_sidebars_style":"","ocean_both_sidebars_content_width":0,"ocean_both_sidebars_sidebars_width":0,"ocean_sidebar":"","ocean_second_sidebar":"","ocean_disable_margins":"enable","ocean_add_body_class":"","ocean_shortcode_before_top_bar":"","ocean_shortcode_after_top_bar":"","ocean_shortcode_before_header":"","ocean_shortcode_after_header":"","ocean_has_shortcode":"","ocean_shortcode_after_title":"","ocean_shortcode_before_footer_widgets":"","ocean_shortcode_after_footer_widgets":"","ocean_shortcode_before_footer_bottom":"","ocean_shortcode_after_footer_bottom":"","ocean_display_top_bar":"default","ocean_display_header":"default","ocean_header_style":"","ocean_center_header_left_menu":"","ocean_custom_header_template":"","ocean_custom_logo":0,"ocean_custom_retina_logo":0,"ocean_custom_logo_max_width":0,"ocean_custom_logo_tablet_max_width":0,"ocean_custom_logo_mobile_max_width":0,"ocean_custom_logo_max_height":0,"ocean_custom_logo_tablet_max_height":0,"ocean_custom_logo_mobile_max_height":0,"ocean_header_custom_menu":"","ocean_menu_typo_font_family":"","ocean_menu_typo_font_subset":"","ocean_menu_typo_font_size":0,"ocean_menu_typo_font_size_tablet":0,"ocean_menu_typo_font_size_mobile":0,"ocean_menu_typo_font_size_unit":"px","ocean_menu_typo_font_weight":"","ocean_menu_typo_font_weight_tablet":"","ocean_menu_typo_font_weight_mobile":"","ocean_menu_typo_transform":"","ocean_menu_typo_transform_tablet":"","ocean_menu_typo_transform_mobile":"","ocean_menu_typo_line_height":0,"ocean_menu_typo_line_height_tablet":0,"ocean_menu_typo_line_height_mobile":0,"ocean_menu_typo_line_height_unit":"","ocean_menu_typo_spacing":0,"ocean_menu_typo_spacing_tablet":0,"ocean_menu_typo_spacing_mobile":0,"ocean_menu_typo_spacing_unit":"","ocean_menu_link_color":"","ocean_menu_link_color_hover":"","ocean_menu_link_color_active":"","ocean_menu_link_background":"","ocean_menu_link_hover_background":"","ocean_menu_link_active_background":"","ocean_menu_social_links_bg":"","ocean_menu_social_hover_links_bg":"","ocean_menu_social_links_color":"","ocean_menu_social_hover_links_color":"","ocean_disable_title":"default","ocean_disable_heading":"default","ocean_post_title":"","ocean_post_subheading":"","ocean_post_title_style":"","ocean_post_title_background_color":"","ocean_post_title_background":0,"ocean_post_title_bg_image_position":"","ocean_post_title_bg_image_attachment":"","ocean_post_title_bg_image_repeat":"","ocean_post_title_bg_image_size":"","ocean_post_title_height":0,"ocean_post_title_bg_overlay":0.5,"ocean_post_title_bg_overlay_color":"","ocean_disable_breadcrumbs":"default","ocean_breadcrumbs_color":"","ocean_breadcrumbs_separator_color":"","ocean_breadcrumbs_links_color":"","ocean_breadcrumbs_links_hover_color":"","ocean_display_footer_widgets":"default","ocean_display_footer_bottom":"default","ocean_custom_footer_template":"","ocean_post_oembed":"","ocean_post_self_hosted_media":"","ocean_post_video_embed":"","ocean_link_format":"","ocean_link_format_target":"self","ocean_quote_format":"","ocean_quote_format_link":"post","ocean_gallery_link_images":"on","ocean_gallery_id":[]},"categories":[3943,3944,1,920],"tags":[],"acf":[],"_links":{"self":[{"href":"https:\/\/www.simepe.com.br\/novo\/wp-json\/wp\/v2\/posts\/68120"}],"collection":[{"href":"https:\/\/www.simepe.com.br\/novo\/wp-json\/wp\/v2\/posts"}],"about":[{"href":"https:\/\/www.simepe.com.br\/novo\/wp-json\/wp\/v2\/types\/post"}],"author":[{"embeddable":true,"href":"https:\/\/www.simepe.com.br\/novo\/wp-json\/wp\/v2\/users\/19"}],"replies":[{"embeddable":true,"href":"https:\/\/www.simepe.com.br\/novo\/wp-json\/wp\/v2\/comments?post=68120"}],"version-history":[{"count":1,"href":"https:\/\/www.simepe.com.br\/novo\/wp-json\/wp\/v2\/posts\/68120\/revisions"}],"predecessor-version":[{"id":68122,"href":"https:\/\/www.simepe.com.br\/novo\/wp-json\/wp\/v2\/posts\/68120\/revisions\/68122"}],"wp:featuredmedia":[{"embeddable":true,"href":"https:\/\/www.simepe.com.br\/novo\/wp-json\/wp\/v2\/media\/68121"}],"wp:attachment":[{"href":"https:\/\/www.simepe.com.br\/novo\/wp-json\/wp\/v2\/media?parent=68120"}],"wp:term":[{"taxonomy":"category","embeddable":true,"href":"https:\/\/www.simepe.com.br\/novo\/wp-json\/wp\/v2\/categories?post=68120"},{"taxonomy":"post_tag","embeddable":true,"href":"https:\/\/www.simepe.com.br\/novo\/wp-json\/wp\/v2\/tags?post=68120"}],"curies":[{"name":"wp","href":"https:\/\/api.w.org\/{rel}","templated":true}]}}