{"id":68160,"date":"2025-01-29T19:15:17","date_gmt":"2025-01-29T22:15:17","guid":{"rendered":"https:\/\/www.simepe.com.br\/novo\/?p=68160"},"modified":"2025-01-30T11:27:04","modified_gmt":"2025-01-30T14:27:04","slug":"diante-de-quatro-meses-de-atrasos-salariais-medicos-de-timbauba-decidem-por-paralisacao","status":"publish","type":"post","link":"https:\/\/www.simepe.com.br\/novo\/diante-de-quatro-meses-de-atrasos-salariais-medicos-de-timbauba-decidem-por-paralisacao\/","title":{"rendered":"Diante de quatro meses de atrasos salariais, m\u00e9dicos de Timba\u00faba decidem por paralisa\u00e7\u00e3o"},"content":{"rendered":"<p>Nesta segunda-feira (27), o Sindicato dos M\u00e9dicos de Pernambuco (Simepe) realizou uma Assembl\u00e9ia Geral Extraordin\u00e1ria (AGE) com os m\u00e9dicos da aten\u00e7\u00e3o b\u00e1sica de Timba\u00faba. O intuito do encontro era deliberar as novas a\u00e7\u00f5es a serem tomadas pelo movimento, diante da grave crise enfrentada pela categoria no munic\u00edpio. Participaram da reuni\u00e3o a vice-presidente do Simepe, Carol Tabosa, e os diretores Robson Miranda, Jamilly Leite, Elton Pedrosa, Jos\u00e9 Ten\u00f3rio, Sylvio Vasconcelos, Carlos Eduardo Cunha, Lilian Parra, Fernando J\u00fanior, Adilson Morato, Rodrigo Rosas, Eraldo Arraes, Malu David, al\u00e9m do advogado da entidade, Jo\u00e3o Moreira.<\/p>\n<p>Os profissionais est\u00e3o com quatro meses de sal\u00e1rios atrasados e, at\u00e9 o momento, n\u00e3o houve qualquer previs\u00e3o da gest\u00e3o municipal para regulariza\u00e7\u00e3o dos pagamentos. Apesar disso, os m\u00e9dicos mantiveram os atendimentos nas Unidades de Sa\u00fade da Fam\u00edlia (USFs), reafirmando o compromisso com a popula\u00e7\u00e3o de Timba\u00faba, mas a situa\u00e7\u00e3o tornou-se insustent\u00e1vel. Em rep\u00fadio a isto, os <strong>m\u00e9dicos de Timba\u00faba decidiram por unanimidade uma paralisa\u00e7\u00e3o no dia 31 de janeiro.<\/strong> A mobiliza\u00e7\u00e3o tem como objetivo refor\u00e7ar as cobran\u00e7as \u00e0 gest\u00e3o municipal, denunciar o absurdo do cen\u00e1rio atual e pressionar pela resolu\u00e7\u00e3o imediata do problema.<\/p>\n<p>&#8220;A situa\u00e7\u00e3o \u00e9 preocupante e reflete o descaso com a categoria e com a sa\u00fade p\u00fablica. N\u00e3o podemos mais tolerar que os m\u00e9dicos continuem prestando atendimentos fundamentais sem qualquer garantia de seus direitos b\u00e1sicos, como o sal\u00e1rio&#8221;, afirmou a vice-presidente do Simepe, Carol Tabosa.<\/p>\n<p>O v\u00ednculo atual dos m\u00e9dicos da Aten\u00e7\u00e3o B\u00e1sica \u00e9 com o Instituto de Desenvolvimento Humano (IDH), organiza\u00e7\u00e3o que j\u00e1 sinalizou o encerramento do contrato no dia 31 de janeiro. O Simepe ressalta que est\u00e1 \u00e0 disposi\u00e7\u00e3o dos profissionais sua assessoria jur\u00eddica para ingresso de a\u00e7\u00f5es trabalhistas individuais, visando garantir os direitos e os pagamentos de cada m\u00e9dico.<\/p>\n<p>O Simepe tamb\u00e9m enviou of\u00edcio ao Conselho Regional de Medicina de Pernambuco(Cremepe), solicitando a realiza\u00e7\u00e3o de fiscaliza\u00e7\u00f5es nas unidades de sa\u00fade para avaliar as condi\u00e7\u00f5es de trabalho e abastecimento de insumos e medicamentos, o que impacta diretamente na qualidade do atendimento prestado \u00e0 popula\u00e7\u00e3o.<\/p>\n<p>O Sindicato segue firme no apoio \u00e0s reivindica\u00e7\u00f5es da categoria, destacando a import\u00e2ncia da uni\u00e3o dos profissionais neste momento cr\u00edtico. O Simepe reafirma seu compromisso com os m\u00e9dicos e com a sa\u00fade de Pernambuco e permanece em luta por condi\u00e7\u00f5es dignas de trabalho e pelo cumprimento dos direitos da categoria.<\/p>\n","protected":false},"excerpt":{"rendered":"<p>Nesta segunda-feira (27), o Sindicato dos M\u00e9dicos de Pernambuco (Simepe) realizou uma Assembl\u00e9ia Geral Extraordin\u00e1ria (AGE) com os m\u00e9dicos da aten\u00e7\u00e3o b\u00e1sica de Timba\u00faba. O intuito do encontro era deliberar as novas a\u00e7\u00f5es a serem tomadas pelo movimento, diante da grave crise enfrentada pela categoria no munic\u00edpio. Participaram da reuni\u00e3o a vice-presidente do Simepe, Carol [&hellip;]<\/p>\n","protected":false},"author":19,"featured_media":68161,"comment_status":"open","ping_status":"open","sticky":false,"template":"","format":"standard","meta":{"ocean_post_layout":"","ocean_both_sidebars_style":"","ocean_both_sidebars_content_width":0,"ocean_both_sidebars_sidebars_width":0,"ocean_sidebar":"","ocean_second_sidebar":"","ocean_disable_margins":"enable","ocean_add_body_class":"","ocean_shortcode_before_top_bar":"","ocean_shortcode_after_top_bar":"","ocean_shortcode_before_header":"","ocean_shortcode_after_header":"","ocean_has_shortcode":"","ocean_shortcode_after_title":"","ocean_shortcode_before_footer_widgets":"","ocean_shortcode_after_footer_widgets":"","ocean_shortcode_before_footer_bottom":"","ocean_shortcode_after_footer_bottom":"","ocean_display_top_bar":"default","ocean_display_header":"default","ocean_header_style":"","ocean_center_header_left_menu":"","ocean_custom_header_template":"","ocean_custom_logo":0,"ocean_custom_retina_logo":0,"ocean_custom_logo_max_width":0,"ocean_custom_logo_tablet_max_width":0,"ocean_custom_logo_mobile_max_width":0,"ocean_custom_logo_max_height":0,"ocean_custom_logo_tablet_max_height":0,"ocean_custom_logo_mobile_max_height":0,"ocean_header_custom_menu":"","ocean_menu_typo_font_family":"","ocean_menu_typo_font_subset":"","ocean_menu_typo_font_size":0,"ocean_menu_typo_font_size_tablet":0,"ocean_menu_typo_font_size_mobile":0,"ocean_menu_typo_font_size_unit":"px","ocean_menu_typo_font_weight":"","ocean_menu_typo_font_weight_tablet":"","ocean_menu_typo_font_weight_mobile":"","ocean_menu_typo_transform":"","ocean_menu_typo_transform_tablet":"","ocean_menu_typo_transform_mobile":"","ocean_menu_typo_line_height":0,"ocean_menu_typo_line_height_tablet":0,"ocean_menu_typo_line_height_mobile":0,"ocean_menu_typo_line_height_unit":"","ocean_menu_typo_spacing":0,"ocean_menu_typo_spacing_tablet":0,"ocean_menu_typo_spacing_mobile":0,"ocean_menu_typo_spacing_unit":"","ocean_menu_link_color":"","ocean_menu_link_color_hover":"","ocean_menu_link_color_active":"","ocean_menu_link_background":"","ocean_menu_link_hover_background":"","ocean_menu_link_active_background":"","ocean_menu_social_links_bg":"","ocean_menu_social_hover_links_bg":"","ocean_menu_social_links_color":"","ocean_menu_social_hover_links_color":"","ocean_disable_title":"default","ocean_disable_heading":"default","ocean_post_title":"","ocean_post_subheading":"","ocean_post_title_style":"","ocean_post_title_background_color":"","ocean_post_title_background":0,"ocean_post_title_bg_image_position":"","ocean_post_title_bg_image_attachment":"","ocean_post_title_bg_image_repeat":"","ocean_post_title_bg_image_size":"","ocean_post_title_height":0,"ocean_post_title_bg_overlay":0.5,"ocean_post_title_bg_overlay_color":"","ocean_disable_breadcrumbs":"default","ocean_breadcrumbs_color":"","ocean_breadcrumbs_separator_color":"","ocean_breadcrumbs_links_color":"","ocean_breadcrumbs_links_hover_color":"","ocean_display_footer_widgets":"default","ocean_display_footer_bottom":"default","ocean_custom_footer_template":"","ocean_post_oembed":"","ocean_post_self_hosted_media":"","ocean_post_video_embed":"","ocean_link_format":"","ocean_link_format_target":"self","ocean_quote_format":"","ocean_quote_format_link":"post","ocean_gallery_link_images":"on","ocean_gallery_id":[]},"categories":[3943,3944,1],"tags":[],"acf":[],"_links":{"self":[{"href":"https:\/\/www.simepe.com.br\/novo\/wp-json\/wp\/v2\/posts\/68160"}],"collection":[{"href":"https:\/\/www.simepe.com.br\/novo\/wp-json\/wp\/v2\/posts"}],"about":[{"href":"https:\/\/www.simepe.com.br\/novo\/wp-json\/wp\/v2\/types\/post"}],"author":[{"embeddable":true,"href":"https:\/\/www.simepe.com.br\/novo\/wp-json\/wp\/v2\/users\/19"}],"replies":[{"embeddable":true,"href":"https:\/\/www.simepe.com.br\/novo\/wp-json\/wp\/v2\/comments?post=68160"}],"version-history":[{"count":2,"href":"https:\/\/www.simepe.com.br\/novo\/wp-json\/wp\/v2\/posts\/68160\/revisions"}],"predecessor-version":[{"id":68163,"href":"https:\/\/www.simepe.com.br\/novo\/wp-json\/wp\/v2\/posts\/68160\/revisions\/68163"}],"wp:featuredmedia":[{"embeddable":true,"href":"https:\/\/www.simepe.com.br\/novo\/wp-json\/wp\/v2\/media\/68161"}],"wp:attachment":[{"href":"https:\/\/www.simepe.com.br\/novo\/wp-json\/wp\/v2\/media?parent=68160"}],"wp:term":[{"taxonomy":"category","embeddable":true,"href":"https:\/\/www.simepe.com.br\/novo\/wp-json\/wp\/v2\/categories?post=68160"},{"taxonomy":"post_tag","embeddable":true,"href":"https:\/\/www.simepe.com.br\/novo\/wp-json\/wp\/v2\/tags?post=68160"}],"curies":[{"name":"wp","href":"https:\/\/api.w.org\/{rel}","templated":true}]}}