{"id":68213,"date":"2025-02-19T12:49:04","date_gmt":"2025-02-19T15:49:04","guid":{"rendered":"https:\/\/www.simepe.com.br\/novo\/?p=68213"},"modified":"2025-02-19T12:49:04","modified_gmt":"2025-02-19T15:49:04","slug":"durante-age-medicos-do-cabo-de-santo-agostinho-aprovam-proposta-de-reajuste-salarial","status":"publish","type":"post","link":"https:\/\/www.simepe.com.br\/novo\/durante-age-medicos-do-cabo-de-santo-agostinho-aprovam-proposta-de-reajuste-salarial\/","title":{"rendered":"Durante AGE, m\u00e9dicos do Cabo de Santo Agostinho aprovam proposta de reajuste salarial"},"content":{"rendered":"<p>Com o objetivo de dar continuidade ao movimento em defesa dos m\u00e9dicos do Cabo de Santo Agostinho, o Sindicato dos M\u00e9dicos de Pernambuco (Simepe) realizou, na noite desta ter\u00e7a-feira (18), uma nova Assembleia Geral Extraordin\u00e1ria (AGE) com os profissionais da Rede Municipal de Sa\u00fade do munic\u00edpio.<\/p>\n<p>Durante a reuni\u00e3o, os m\u00e9dicos discutiram as dificuldades enfrentadas na rede p\u00fablica e aprovaram uma proposta de reajuste salarial. O pleito ganha ainda mais relev\u00e2ncia diante do fato de que h\u00e1 oito anos os profissionais n\u00e3o recebem qualquer reajuste. Al\u00e9m da necessidade de recomposi\u00e7\u00e3o salarial, os m\u00e9dicos tamb\u00e9m destacaram outras demandas urgentes que precisam ser solucionadas, como a falta de insumos b\u00e1sicos, infraestrutura inadequada, escalas de plant\u00e3o incompletas e atrasos no pagamento dos sal\u00e1rios.<\/p>\n<p>Entre as delibera\u00e7\u00f5es da AGE, ficou definido o envio de um of\u00edcio \u00e0 Secretaria Municipal de Sa\u00fade solicitando uma reuni\u00e3o para a abertura de uma mesa de negocia\u00e7\u00e3o. Durante esse encontro, ser\u00e1 apresentada a proposta aprovada na assembleia, refor\u00e7ando o compromisso do Simepe em garantir melhores condi\u00e7\u00f5es de trabalho e assist\u00eancia \u00e0 popula\u00e7\u00e3o do munic\u00edpio.<\/p>\n<p>O sindicato segue acompanhando de perto a situa\u00e7\u00e3o dos m\u00e9dicos do Cabo de Santo Agostinho e reafirma sua luta por melhorias salariais e estruturais na rede municipal de sa\u00fade.<\/p>\n","protected":false},"excerpt":{"rendered":"<p>Com o objetivo de dar continuidade ao movimento em defesa dos m\u00e9dicos do Cabo de Santo Agostinho, o Sindicato dos M\u00e9dicos de Pernambuco (Simepe) realizou, na noite desta ter\u00e7a-feira (18), uma nova Assembleia Geral Extraordin\u00e1ria (AGE) com os profissionais da Rede Municipal de Sa\u00fade do munic\u00edpio. Durante a reuni\u00e3o, os m\u00e9dicos discutiram as dificuldades enfrentadas [&hellip;]<\/p>\n","protected":false},"author":19,"featured_media":68214,"comment_status":"open","ping_status":"open","sticky":false,"template":"","format":"standard","meta":{"ocean_post_layout":"","ocean_both_sidebars_style":"","ocean_both_sidebars_content_width":0,"ocean_both_sidebars_sidebars_width":0,"ocean_sidebar":"","ocean_second_sidebar":"","ocean_disable_margins":"enable","ocean_add_body_class":"","ocean_shortcode_before_top_bar":"","ocean_shortcode_after_top_bar":"","ocean_shortcode_before_header":"","ocean_shortcode_after_header":"","ocean_has_shortcode":"","ocean_shortcode_after_title":"","ocean_shortcode_before_footer_widgets":"","ocean_shortcode_after_footer_widgets":"","ocean_shortcode_before_footer_bottom":"","ocean_shortcode_after_footer_bottom":"","ocean_display_top_bar":"default","ocean_display_header":"default","ocean_header_style":"","ocean_center_header_left_menu":"","ocean_custom_header_template":"","ocean_custom_logo":0,"ocean_custom_retina_logo":0,"ocean_custom_logo_max_width":0,"ocean_custom_logo_tablet_max_width":0,"ocean_custom_logo_mobile_max_width":0,"ocean_custom_logo_max_height":0,"ocean_custom_logo_tablet_max_height":0,"ocean_custom_logo_mobile_max_height":0,"ocean_header_custom_menu":"","ocean_menu_typo_font_family":"","ocean_menu_typo_font_subset":"","ocean_menu_typo_font_size":0,"ocean_menu_typo_font_size_tablet":0,"ocean_menu_typo_font_size_mobile":0,"ocean_menu_typo_font_size_unit":"px","ocean_menu_typo_font_weight":"","ocean_menu_typo_font_weight_tablet":"","ocean_menu_typo_font_weight_mobile":"","ocean_menu_typo_transform":"","ocean_menu_typo_transform_tablet":"","ocean_menu_typo_transform_mobile":"","ocean_menu_typo_line_height":0,"ocean_menu_typo_line_height_tablet":0,"ocean_menu_typo_line_height_mobile":0,"ocean_menu_typo_line_height_unit":"","ocean_menu_typo_spacing":0,"ocean_menu_typo_spacing_tablet":0,"ocean_menu_typo_spacing_mobile":0,"ocean_menu_typo_spacing_unit":"","ocean_menu_link_color":"","ocean_menu_link_color_hover":"","ocean_menu_link_color_active":"","ocean_menu_link_background":"","ocean_menu_link_hover_background":"","ocean_menu_link_active_background":"","ocean_menu_social_links_bg":"","ocean_menu_social_hover_links_bg":"","ocean_menu_social_links_color":"","ocean_menu_social_hover_links_color":"","ocean_disable_title":"default","ocean_disable_heading":"default","ocean_post_title":"","ocean_post_subheading":"","ocean_post_title_style":"","ocean_post_title_background_color":"","ocean_post_title_background":0,"ocean_post_title_bg_image_position":"","ocean_post_title_bg_image_attachment":"","ocean_post_title_bg_image_repeat":"","ocean_post_title_bg_image_size":"","ocean_post_title_height":0,"ocean_post_title_bg_overlay":0.5,"ocean_post_title_bg_overlay_color":"","ocean_disable_breadcrumbs":"default","ocean_breadcrumbs_color":"","ocean_breadcrumbs_separator_color":"","ocean_breadcrumbs_links_color":"","ocean_breadcrumbs_links_hover_color":"","ocean_display_footer_widgets":"default","ocean_display_footer_bottom":"default","ocean_custom_footer_template":"","ocean_post_oembed":"","ocean_post_self_hosted_media":"","ocean_post_video_embed":"","ocean_link_format":"","ocean_link_format_target":"self","ocean_quote_format":"","ocean_quote_format_link":"post","ocean_gallery_link_images":"on","ocean_gallery_id":[]},"categories":[3943,3944,1],"tags":[],"acf":[],"_links":{"self":[{"href":"https:\/\/www.simepe.com.br\/novo\/wp-json\/wp\/v2\/posts\/68213"}],"collection":[{"href":"https:\/\/www.simepe.com.br\/novo\/wp-json\/wp\/v2\/posts"}],"about":[{"href":"https:\/\/www.simepe.com.br\/novo\/wp-json\/wp\/v2\/types\/post"}],"author":[{"embeddable":true,"href":"https:\/\/www.simepe.com.br\/novo\/wp-json\/wp\/v2\/users\/19"}],"replies":[{"embeddable":true,"href":"https:\/\/www.simepe.com.br\/novo\/wp-json\/wp\/v2\/comments?post=68213"}],"version-history":[{"count":1,"href":"https:\/\/www.simepe.com.br\/novo\/wp-json\/wp\/v2\/posts\/68213\/revisions"}],"predecessor-version":[{"id":68215,"href":"https:\/\/www.simepe.com.br\/novo\/wp-json\/wp\/v2\/posts\/68213\/revisions\/68215"}],"wp:featuredmedia":[{"embeddable":true,"href":"https:\/\/www.simepe.com.br\/novo\/wp-json\/wp\/v2\/media\/68214"}],"wp:attachment":[{"href":"https:\/\/www.simepe.com.br\/novo\/wp-json\/wp\/v2\/media?parent=68213"}],"wp:term":[{"taxonomy":"category","embeddable":true,"href":"https:\/\/www.simepe.com.br\/novo\/wp-json\/wp\/v2\/categories?post=68213"},{"taxonomy":"post_tag","embeddable":true,"href":"https:\/\/www.simepe.com.br\/novo\/wp-json\/wp\/v2\/tags?post=68213"}],"curies":[{"name":"wp","href":"https:\/\/api.w.org\/{rel}","templated":true}]}}