{"id":68437,"date":"2025-04-15T09:13:02","date_gmt":"2025-04-15T12:13:02","guid":{"rendered":"https:\/\/www.simepe.com.br\/novo\/?p=68437"},"modified":"2025-04-15T09:13:02","modified_gmt":"2025-04-15T12:13:02","slug":"simepe-e-medicos-da-atencao-primaria-e-da-upa-reagem-as-fiscalizacoes-por-motivacoes-politicas-de-vereadores-de-gravata","status":"publish","type":"post","link":"https:\/\/www.simepe.com.br\/novo\/simepe-e-medicos-da-atencao-primaria-e-da-upa-reagem-as-fiscalizacoes-por-motivacoes-politicas-de-vereadores-de-gravata\/","title":{"rendered":"Simepe e m\u00e9dicos da aten\u00e7\u00e3o prim\u00e1ria e da UPA reagem \u00e0s &#8220;fiscaliza\u00e7\u00f5es&#8221; por motiva\u00e7\u00f5es politicas de vereadores de Gravat\u00e1"},"content":{"rendered":"<p>Na tarde desta segunda-feira (14\/04), o Simepe realizou reuni\u00e3o virtual com os m\u00e9dicos da aten\u00e7\u00e3o prim\u00e1ria e da UPA do munic\u00edpio de Gravat\u00e1 &#8211; via Zoom. Representando o sindicato, estavam presentes os diretores Robson Miranda, Rodrigo Rosas, Sylvio Vasconcelos, Carlos Eduardo Cunha, Jos\u00e9 Ten\u00f3rio, Fernando Junior e Adilson Morato, al\u00e9m do advogado da Defensoria M\u00e9dica (DFM), Jo\u00e3o Moreira.<\/p>\n<p>Durante a reuni\u00e3o, os m\u00e9dicos relataram que constantemente as unidades de sa\u00fade municipais v\u00eam sendo \u201cfiscalizadas\u201d por dois vereadores da bancada de oposi\u00e7\u00e3o que, usam telefones celulares para filmagens sem autoriza\u00e7\u00e3o, invadem ambientes restritos de trabalho m\u00e9dico, constrangem profissionais de sa\u00fade e pacientes. A a\u00e7\u00e3o deliberada por motiva\u00e7\u00f5es pol\u00edticas exp\u00f5e as quest\u00f5es na \u00e1rea de sa\u00fade da gest\u00e3o municipal, no entanto, desrespeita a privacidade e gera conflitos desnecess\u00e1rios, interferindo na qualidade do atendimento. Al\u00e9m disso, os m\u00e9dicos reclamaram de um programa de r\u00e1dio, em Gravat\u00e1, que abusa de cr\u00edticas infundadas e descabidas perante \u00e0 opini\u00e3o p\u00fablica.<\/p>\n<p>Durante a reuni\u00e3o, o Simepe citou a postura de \u201cauto promo\u00e7\u00e3o\u201d e desrespeitosa de um vereador recifense que, em 16 de mar\u00e7o passado, visitou a Policl\u00ednica e Maternidade Professor Barros Lima, em Casa Amarela, na Zona Norte do Recife, e denunciou situa\u00e7\u00f5es de irregularidades, mas, exp\u00f4s os profissionais de sa\u00fade e interferiu na din\u00e2mica assistencial. O fato gerou notas de rep\u00fadios do Simepe, Cremepe, audi\u00eancia p\u00fablica na C\u00e2mara de Vereadores do Recife e, por \u00faltimo, a recomenda\u00e7\u00e3o emitida pelo Minist\u00e9rio P\u00fablico de Pernambuco (MPPE), por meio das Promotorias de Sa\u00fade e de Defesa do Patrim\u00f4nio P\u00fablico, no \u00faltimo dia 08 de abril, \u00e0 C\u00e2mara Municipal do Recife, com o objetivo de garantir que a atua\u00e7\u00e3o fiscalizat\u00f3ria dos parlamentares ocorra dentro dos limites legais e institucionais.<\/p>\n<p>No final da reuni\u00e3o, os m\u00e9dicos aprovaram por unanimidade o envio de of\u00edcios ao Minist\u00e9rio da Sa\u00fade, por conta do Programa Mais M\u00e9dicos ativo Gravat\u00e1; \u00e0 Prefeitura e a secret\u00e1ria de sa\u00fade municipal e ao MPPE, narrando as a\u00e7\u00f5es intempestivas dos parlamentares e do radialista; fiscaliza\u00e7\u00e3o do Cremepe na unidade de sa\u00fade; articular junto aos poderes legislativos municipal e estadual projeto de lei que normatize as fiscaliza\u00e7\u00f5es nas unidades de sa\u00fade e, reivindicar, quando houver necessidade, do direito de resposta, em rela\u00e7\u00e3o a mat\u00e9ria ofensiva divulgada em um ve\u00edculo de comunica\u00e7\u00e3o social ou comunica\u00e7\u00e3o em massa.<\/p>\n<p>O Simepe reafirma tamb\u00e9m seu compromisso com os m\u00e9dicos que trabalham na aten\u00e7\u00e3o prim\u00e1ria e da UPA do munic\u00edpio de Gravat\u00e1 e permanece em luta por condi\u00e7\u00f5es dignas de trabalho, valoriza\u00e7\u00f5es, respeito e pelo cumprimento dos direitos da categoria.<\/p>\n","protected":false},"excerpt":{"rendered":"<p>Na tarde desta segunda-feira (14\/04), o Simepe realizou reuni\u00e3o virtual com os m\u00e9dicos da aten\u00e7\u00e3o prim\u00e1ria e da UPA do munic\u00edpio de Gravat\u00e1 &#8211; via Zoom. Representando o sindicato, estavam presentes os diretores Robson Miranda, Rodrigo Rosas, Sylvio Vasconcelos, Carlos Eduardo Cunha, Jos\u00e9 Ten\u00f3rio, Fernando Junior e Adilson Morato, al\u00e9m do advogado da Defensoria M\u00e9dica [&hellip;]<\/p>\n","protected":false},"author":2,"featured_media":68185,"comment_status":"open","ping_status":"open","sticky":false,"template":"","format":"standard","meta":{"ocean_post_layout":"","ocean_both_sidebars_style":"","ocean_both_sidebars_content_width":0,"ocean_both_sidebars_sidebars_width":0,"ocean_sidebar":"","ocean_second_sidebar":"","ocean_disable_margins":"enable","ocean_add_body_class":"","ocean_shortcode_before_top_bar":"","ocean_shortcode_after_top_bar":"","ocean_shortcode_before_header":"","ocean_shortcode_after_header":"","ocean_has_shortcode":"","ocean_shortcode_after_title":"","ocean_shortcode_before_footer_widgets":"","ocean_shortcode_after_footer_widgets":"","ocean_shortcode_before_footer_bottom":"","ocean_shortcode_after_footer_bottom":"","ocean_display_top_bar":"default","ocean_display_header":"default","ocean_header_style":"","ocean_center_header_left_menu":"","ocean_custom_header_template":"","ocean_custom_logo":0,"ocean_custom_retina_logo":0,"ocean_custom_logo_max_width":0,"ocean_custom_logo_tablet_max_width":0,"ocean_custom_logo_mobile_max_width":0,"ocean_custom_logo_max_height":0,"ocean_custom_logo_tablet_max_height":0,"ocean_custom_logo_mobile_max_height":0,"ocean_header_custom_menu":"","ocean_menu_typo_font_family":"","ocean_menu_typo_font_subset":"","ocean_menu_typo_font_size":0,"ocean_menu_typo_font_size_tablet":0,"ocean_menu_typo_font_size_mobile":0,"ocean_menu_typo_font_size_unit":"px","ocean_menu_typo_font_weight":"","ocean_menu_typo_font_weight_tablet":"","ocean_menu_typo_font_weight_mobile":"","ocean_menu_typo_transform":"","ocean_menu_typo_transform_tablet":"","ocean_menu_typo_transform_mobile":"","ocean_menu_typo_line_height":0,"ocean_menu_typo_line_height_tablet":0,"ocean_menu_typo_line_height_mobile":0,"ocean_menu_typo_line_height_unit":"","ocean_menu_typo_spacing":0,"ocean_menu_typo_spacing_tablet":0,"ocean_menu_typo_spacing_mobile":0,"ocean_menu_typo_spacing_unit":"","ocean_menu_link_color":"","ocean_menu_link_color_hover":"","ocean_menu_link_color_active":"","ocean_menu_link_background":"","ocean_menu_link_hover_background":"","ocean_menu_link_active_background":"","ocean_menu_social_links_bg":"","ocean_menu_social_hover_links_bg":"","ocean_menu_social_links_color":"","ocean_menu_social_hover_links_color":"","ocean_disable_title":"default","ocean_disable_heading":"default","ocean_post_title":"","ocean_post_subheading":"","ocean_post_title_style":"","ocean_post_title_background_color":"","ocean_post_title_background":0,"ocean_post_title_bg_image_position":"","ocean_post_title_bg_image_attachment":"","ocean_post_title_bg_image_repeat":"","ocean_post_title_bg_image_size":"","ocean_post_title_height":0,"ocean_post_title_bg_overlay":0.5,"ocean_post_title_bg_overlay_color":"","ocean_disable_breadcrumbs":"default","ocean_breadcrumbs_color":"","ocean_breadcrumbs_separator_color":"","ocean_breadcrumbs_links_color":"","ocean_breadcrumbs_links_hover_color":"","ocean_display_footer_widgets":"default","ocean_display_footer_bottom":"default","ocean_custom_footer_template":"","ocean_post_oembed":"","ocean_post_self_hosted_media":"","ocean_post_video_embed":"","ocean_link_format":"","ocean_link_format_target":"self","ocean_quote_format":"","ocean_quote_format_link":"post","ocean_gallery_link_images":"on","ocean_gallery_id":[]},"categories":[3943,1],"tags":[],"acf":[],"_links":{"self":[{"href":"https:\/\/www.simepe.com.br\/novo\/wp-json\/wp\/v2\/posts\/68437"}],"collection":[{"href":"https:\/\/www.simepe.com.br\/novo\/wp-json\/wp\/v2\/posts"}],"about":[{"href":"https:\/\/www.simepe.com.br\/novo\/wp-json\/wp\/v2\/types\/post"}],"author":[{"embeddable":true,"href":"https:\/\/www.simepe.com.br\/novo\/wp-json\/wp\/v2\/users\/2"}],"replies":[{"embeddable":true,"href":"https:\/\/www.simepe.com.br\/novo\/wp-json\/wp\/v2\/comments?post=68437"}],"version-history":[{"count":1,"href":"https:\/\/www.simepe.com.br\/novo\/wp-json\/wp\/v2\/posts\/68437\/revisions"}],"predecessor-version":[{"id":68438,"href":"https:\/\/www.simepe.com.br\/novo\/wp-json\/wp\/v2\/posts\/68437\/revisions\/68438"}],"wp:featuredmedia":[{"embeddable":true,"href":"https:\/\/www.simepe.com.br\/novo\/wp-json\/wp\/v2\/media\/68185"}],"wp:attachment":[{"href":"https:\/\/www.simepe.com.br\/novo\/wp-json\/wp\/v2\/media?parent=68437"}],"wp:term":[{"taxonomy":"category","embeddable":true,"href":"https:\/\/www.simepe.com.br\/novo\/wp-json\/wp\/v2\/categories?post=68437"},{"taxonomy":"post_tag","embeddable":true,"href":"https:\/\/www.simepe.com.br\/novo\/wp-json\/wp\/v2\/tags?post=68437"}],"curies":[{"name":"wp","href":"https:\/\/api.w.org\/{rel}","templated":true}]}}