{"id":68584,"date":"2025-06-05T10:10:32","date_gmt":"2025-06-05T13:10:32","guid":{"rendered":"https:\/\/www.simepe.com.br\/novo\/?p=68584"},"modified":"2025-06-05T10:11:11","modified_gmt":"2025-06-05T13:11:11","slug":"medicos-da-prefeitura-do-recife-rejeitam-proposta-de-reajuste-salarial-e-seguem-em-mesa-de-negociacao","status":"publish","type":"post","link":"https:\/\/www.simepe.com.br\/novo\/medicos-da-prefeitura-do-recife-rejeitam-proposta-de-reajuste-salarial-e-seguem-em-mesa-de-negociacao\/","title":{"rendered":"M\u00e9dicos da Prefeitura do Recife rejeitam proposta de reajuste salarial e seguem em Mesa de Negocia\u00e7\u00e3o"},"content":{"rendered":"<p>Em Assembleia Geral Extraordin\u00e1ria (AGE) realizada na manh\u00e3 desta quarta-feira (04\/06), no audit\u00f3rio do Sindicato dos M\u00e9dicos de Pernambuco (SIMEPE), os m\u00e9dicos da rede municipal da Prefeitura do Recife rejeitaram, por unanimidade, a proposta de reajuste salarial apresentada em Mesa de Negocia\u00e7\u00e3o Coletiva pelas Secretarias de Sa\u00fade e de Administra\u00e7\u00e3o.<\/p>\n<p>A reuni\u00e3o, conduzida de forma presencial, foi coordenada pela presidente do SIMEPE, Carol Tabosa, e contou com a participa\u00e7\u00e3o dos diretores Rodrigo Rosas, Tadeu Calheiros, Cl\u00f3vis Barbosa, Lilian Parra, Claudia Beatriz, Fernando J\u00fanior e Rafael Mendes. Tamb\u00e9m esteve presente o advogado da Defensoria M\u00e9dica (DFM), Vin\u00edcius Calado.<\/p>\n<p><img fetchpriority=\"high\" class=\"alignnone size-full wp-image-68586\" src=\"https:\/\/www.simepe.com.br\/novo\/wp-content\/uploads\/2025\/06\/25.png\" alt=\"\" width=\"1120\" height=\"630\" srcset=\"https:\/\/www.simepe.com.br\/novo\/wp-content\/uploads\/2025\/06\/25.png 1120w, https:\/\/www.simepe.com.br\/novo\/wp-content\/uploads\/2025\/06\/25-300x169.png 300w, https:\/\/www.simepe.com.br\/novo\/wp-content\/uploads\/2025\/06\/25-1024x576.png 1024w, https:\/\/www.simepe.com.br\/novo\/wp-content\/uploads\/2025\/06\/25-768x432.png 768w, https:\/\/www.simepe.com.br\/novo\/wp-content\/uploads\/2025\/06\/25-800x450.png 800w\" sizes=\"(max-width: 1120px) 100vw, 1120px\" \/><\/p>\n<p>Durante o encontro, a proposta plurianual (2025\u20132028) apresentada pelo governo municipal foi detalhadamente debatida. A presidente e os diretores da entidade destacaram os principais pontos da contraproposta submetida pelos representantes da Prefeitura, analisando os impactos para a categoria m\u00e9dica.<\/p>\n<p>Al\u00e9m disso, os profissionais avaliaram o atual cen\u00e1rio e as proje\u00e7\u00f5es econ\u00f4micas, concluindo que os \u00edndices propostos para o reajuste salarial n\u00e3o atendem \u00e0s demandas nem refletem a valoriza\u00e7\u00e3o adequada da categoria. Diante desse entendimento, a proposta foi rejeitada por unanimidade.<\/p>\n<p><img class=\"alignnone size-full wp-image-68587\" src=\"https:\/\/www.simepe.com.br\/novo\/wp-content\/uploads\/2025\/06\/34.png\" alt=\"\" width=\"1120\" height=\"840\" srcset=\"https:\/\/www.simepe.com.br\/novo\/wp-content\/uploads\/2025\/06\/34.png 1120w, https:\/\/www.simepe.com.br\/novo\/wp-content\/uploads\/2025\/06\/34-300x225.png 300w, https:\/\/www.simepe.com.br\/novo\/wp-content\/uploads\/2025\/06\/34-1024x768.png 1024w, https:\/\/www.simepe.com.br\/novo\/wp-content\/uploads\/2025\/06\/34-768x576.png 768w\" sizes=\"(max-width: 1120px) 100vw, 1120px\" \/><\/p>\n<p>Na sequ\u00eancia, houve apresenta\u00e7\u00e3o de uma nova contraproposta, aprovada pelos m\u00e9dicos presentes, que ser\u00e1 levada \u00e0 reuni\u00e3o com os gestores da Prefeitura do Recife ainda na tarde desta quarta-feira.<\/p>\n<p>Por fim, os m\u00e9dicos deliberaram pela instaura\u00e7\u00e3o do estado de assembleia permanente, que poder\u00e1 ser convocada a qualquer momento para defini\u00e7\u00e3o dos pr\u00f3ximos passos do movimento.<\/p>\n","protected":false},"excerpt":{"rendered":"<p>Em Assembleia Geral Extraordin\u00e1ria (AGE) realizada na manh\u00e3 desta quarta-feira (04\/06), no audit\u00f3rio do Sindicato dos M\u00e9dicos de Pernambuco (SIMEPE), os m\u00e9dicos da rede municipal da Prefeitura do Recife rejeitaram, por unanimidade, a proposta de reajuste salarial apresentada em Mesa de Negocia\u00e7\u00e3o Coletiva pelas Secretarias de Sa\u00fade e de Administra\u00e7\u00e3o. A reuni\u00e3o, conduzida de forma [&hellip;]<\/p>\n","protected":false},"author":2,"featured_media":68585,"comment_status":"open","ping_status":"open","sticky":false,"template":"","format":"standard","meta":{"ocean_post_layout":"","ocean_both_sidebars_style":"","ocean_both_sidebars_content_width":0,"ocean_both_sidebars_sidebars_width":0,"ocean_sidebar":"","ocean_second_sidebar":"","ocean_disable_margins":"enable","ocean_add_body_class":"","ocean_shortcode_before_top_bar":"","ocean_shortcode_after_top_bar":"","ocean_shortcode_before_header":"","ocean_shortcode_after_header":"","ocean_has_shortcode":"","ocean_shortcode_after_title":"","ocean_shortcode_before_footer_widgets":"","ocean_shortcode_after_footer_widgets":"","ocean_shortcode_before_footer_bottom":"","ocean_shortcode_after_footer_bottom":"","ocean_display_top_bar":"default","ocean_display_header":"default","ocean_header_style":"","ocean_center_header_left_menu":"","ocean_custom_header_template":"","ocean_custom_logo":0,"ocean_custom_retina_logo":0,"ocean_custom_logo_max_width":0,"ocean_custom_logo_tablet_max_width":0,"ocean_custom_logo_mobile_max_width":0,"ocean_custom_logo_max_height":0,"ocean_custom_logo_tablet_max_height":0,"ocean_custom_logo_mobile_max_height":0,"ocean_header_custom_menu":"","ocean_menu_typo_font_family":"","ocean_menu_typo_font_subset":"","ocean_menu_typo_font_size":0,"ocean_menu_typo_font_size_tablet":0,"ocean_menu_typo_font_size_mobile":0,"ocean_menu_typo_font_size_unit":"px","ocean_menu_typo_font_weight":"","ocean_menu_typo_font_weight_tablet":"","ocean_menu_typo_font_weight_mobile":"","ocean_menu_typo_transform":"","ocean_menu_typo_transform_tablet":"","ocean_menu_typo_transform_mobile":"","ocean_menu_typo_line_height":0,"ocean_menu_typo_line_height_tablet":0,"ocean_menu_typo_line_height_mobile":0,"ocean_menu_typo_line_height_unit":"","ocean_menu_typo_spacing":0,"ocean_menu_typo_spacing_tablet":0,"ocean_menu_typo_spacing_mobile":0,"ocean_menu_typo_spacing_unit":"","ocean_menu_link_color":"","ocean_menu_link_color_hover":"","ocean_menu_link_color_active":"","ocean_menu_link_background":"","ocean_menu_link_hover_background":"","ocean_menu_link_active_background":"","ocean_menu_social_links_bg":"","ocean_menu_social_hover_links_bg":"","ocean_menu_social_links_color":"","ocean_menu_social_hover_links_color":"","ocean_disable_title":"default","ocean_disable_heading":"default","ocean_post_title":"","ocean_post_subheading":"","ocean_post_title_style":"","ocean_post_title_background_color":"","ocean_post_title_background":0,"ocean_post_title_bg_image_position":"","ocean_post_title_bg_image_attachment":"","ocean_post_title_bg_image_repeat":"","ocean_post_title_bg_image_size":"","ocean_post_title_height":0,"ocean_post_title_bg_overlay":0.5,"ocean_post_title_bg_overlay_color":"","ocean_disable_breadcrumbs":"default","ocean_breadcrumbs_color":"","ocean_breadcrumbs_separator_color":"","ocean_breadcrumbs_links_color":"","ocean_breadcrumbs_links_hover_color":"","ocean_display_footer_widgets":"default","ocean_display_footer_bottom":"default","ocean_custom_footer_template":"","ocean_post_oembed":"","ocean_post_self_hosted_media":"","ocean_post_video_embed":"","ocean_link_format":"","ocean_link_format_target":"self","ocean_quote_format":"","ocean_quote_format_link":"post","ocean_gallery_link_images":"on","ocean_gallery_id":[]},"categories":[1796,1],"tags":[],"acf":[],"_links":{"self":[{"href":"https:\/\/www.simepe.com.br\/novo\/wp-json\/wp\/v2\/posts\/68584"}],"collection":[{"href":"https:\/\/www.simepe.com.br\/novo\/wp-json\/wp\/v2\/posts"}],"about":[{"href":"https:\/\/www.simepe.com.br\/novo\/wp-json\/wp\/v2\/types\/post"}],"author":[{"embeddable":true,"href":"https:\/\/www.simepe.com.br\/novo\/wp-json\/wp\/v2\/users\/2"}],"replies":[{"embeddable":true,"href":"https:\/\/www.simepe.com.br\/novo\/wp-json\/wp\/v2\/comments?post=68584"}],"version-history":[{"count":1,"href":"https:\/\/www.simepe.com.br\/novo\/wp-json\/wp\/v2\/posts\/68584\/revisions"}],"predecessor-version":[{"id":68588,"href":"https:\/\/www.simepe.com.br\/novo\/wp-json\/wp\/v2\/posts\/68584\/revisions\/68588"}],"wp:featuredmedia":[{"embeddable":true,"href":"https:\/\/www.simepe.com.br\/novo\/wp-json\/wp\/v2\/media\/68585"}],"wp:attachment":[{"href":"https:\/\/www.simepe.com.br\/novo\/wp-json\/wp\/v2\/media?parent=68584"}],"wp:term":[{"taxonomy":"category","embeddable":true,"href":"https:\/\/www.simepe.com.br\/novo\/wp-json\/wp\/v2\/categories?post=68584"},{"taxonomy":"post_tag","embeddable":true,"href":"https:\/\/www.simepe.com.br\/novo\/wp-json\/wp\/v2\/tags?post=68584"}],"curies":[{"name":"wp","href":"https:\/\/api.w.org\/{rel}","templated":true}]}}