{"id":68613,"date":"2025-06-13T15:30:31","date_gmt":"2025-06-13T18:30:31","guid":{"rendered":"https:\/\/www.simepe.com.br\/novo\/?p=68613"},"modified":"2025-06-17T20:40:17","modified_gmt":"2025-06-17T23:40:17","slug":"apos-cinco-rodadas-de-negociacoes-medicos-aprovam-contraproposta-de-reajuste-salarial-da-pcr","status":"publish","type":"post","link":"https:\/\/www.simepe.com.br\/novo\/apos-cinco-rodadas-de-negociacoes-medicos-aprovam-contraproposta-de-reajuste-salarial-da-pcr\/","title":{"rendered":"Ap\u00f3s cinco rodadas de negocia\u00e7\u00f5es m\u00e9dicos aprovam contraproposta de reajuste salarial da PCR"},"content":{"rendered":"<p>Em Assembleia Geral Extraordin\u00e1ria realizada na manh\u00e3 desta quinta-feira (12\/06), no audit\u00f3rio da Associa\u00e7\u00e3o M\u00e9dica de Pernambuco (AMPE), na Boa Vista, Recife, os m\u00e9dicos vinculados \u00e0 Prefeitura do Recife aprovaram, por unanimidade, a proposta de reajuste salarial constru\u00edda ao longo de cinco rodadas de negocia\u00e7\u00e3o entre o SIMEPE e a gest\u00e3o municipal. O processo foi marcado por di\u00e1logo firme e t\u00e9cnico, e resultou em uma proposta que contempla avan\u00e7os reais, respeitando a categoria e reconhecendo o esfor\u00e7o coletivo dos profissionais para alcan\u00e7ar uma conquista poss\u00edvel dentro do cen\u00e1rio atual.<\/p>\n<p><img fetchpriority=\"high\" class=\"alignnone size-full wp-image-68616\" src=\"https:\/\/www.simepe.com.br\/novo\/wp-content\/uploads\/2025\/06\/mesa.png\" alt=\"\" width=\"1120\" height=\"630\" srcset=\"https:\/\/www.simepe.com.br\/novo\/wp-content\/uploads\/2025\/06\/mesa.png 1120w, https:\/\/www.simepe.com.br\/novo\/wp-content\/uploads\/2025\/06\/mesa-300x169.png 300w, https:\/\/www.simepe.com.br\/novo\/wp-content\/uploads\/2025\/06\/mesa-1024x576.png 1024w, https:\/\/www.simepe.com.br\/novo\/wp-content\/uploads\/2025\/06\/mesa-768x432.png 768w, https:\/\/www.simepe.com.br\/novo\/wp-content\/uploads\/2025\/06\/mesa-800x450.png 800w\" sizes=\"(max-width: 1120px) 100vw, 1120px\" \/><\/p>\n<p>A proposta aprovada contempla m\u00e9dicos ativos, inativos e pensionistas, e foi considerada um marco por restabelecer um crescimento quadrienal nas remunera\u00e7\u00f5es, com efeitos positivos para a recomposi\u00e7\u00e3o das perdas inflacion\u00e1rias acumuladas. Ap\u00f3s idas e vindas nas tratativas, inclusive momentos de retrocesso e insatisfa\u00e7\u00e3o por parte da categoria, a constru\u00e7\u00e3o da proposta final foi resultado de mobiliza\u00e7\u00e3o cont\u00ednua, escuta ativa da base e firmeza nas mesas de negocia\u00e7\u00e3o.<\/p>\n<p><img class=\"alignnone size-full wp-image-68621\" src=\"https:\/\/www.simepe.com.br\/novo\/wp-content\/uploads\/2025\/06\/34114376-6a3c-4891-8b9b-28da749b4f61.jpg\" alt=\"\" width=\"1600\" height=\"900\" srcset=\"https:\/\/www.simepe.com.br\/novo\/wp-content\/uploads\/2025\/06\/34114376-6a3c-4891-8b9b-28da749b4f61.jpg 1600w, https:\/\/www.simepe.com.br\/novo\/wp-content\/uploads\/2025\/06\/34114376-6a3c-4891-8b9b-28da749b4f61-300x169.jpg 300w, https:\/\/www.simepe.com.br\/novo\/wp-content\/uploads\/2025\/06\/34114376-6a3c-4891-8b9b-28da749b4f61-1024x576.jpg 1024w, https:\/\/www.simepe.com.br\/novo\/wp-content\/uploads\/2025\/06\/34114376-6a3c-4891-8b9b-28da749b4f61-768x432.jpg 768w, https:\/\/www.simepe.com.br\/novo\/wp-content\/uploads\/2025\/06\/34114376-6a3c-4891-8b9b-28da749b4f61-1536x864.jpg 1536w, https:\/\/www.simepe.com.br\/novo\/wp-content\/uploads\/2025\/06\/34114376-6a3c-4891-8b9b-28da749b4f61-800x450.jpg 800w\" sizes=\"(max-width: 1600px) 100vw, 1600px\" \/><\/p>\n<p>O clima na AGE foi de reconhecimento m\u00fatuo: entre os colegas, pela perman\u00eancia e comprometimento ao longo do processo; e do sindicato, pela condu\u00e7\u00e3o respons\u00e1vel da pauta e insist\u00eancia na valoriza\u00e7\u00e3o dos m\u00e9dicos da rede municipal. A aprova\u00e7\u00e3o un\u00e2nime reflete o entendimento de que, diante das limita\u00e7\u00f5es or\u00e7ament\u00e1rias, o acordo representa um avan\u00e7o concreto, com impactos duradouros.<\/p>\n<p><img class=\"alignnone size-full wp-image-68622\" src=\"https:\/\/www.simepe.com.br\/novo\/wp-content\/uploads\/2025\/06\/086a93ef-1010-46e6-b11a-c096830db6a7.jpg\" alt=\"\" width=\"1004\" height=\"545\" srcset=\"https:\/\/www.simepe.com.br\/novo\/wp-content\/uploads\/2025\/06\/086a93ef-1010-46e6-b11a-c096830db6a7.jpg 1004w, https:\/\/www.simepe.com.br\/novo\/wp-content\/uploads\/2025\/06\/086a93ef-1010-46e6-b11a-c096830db6a7-300x163.jpg 300w, https:\/\/www.simepe.com.br\/novo\/wp-content\/uploads\/2025\/06\/086a93ef-1010-46e6-b11a-c096830db6a7-768x417.jpg 768w\" sizes=\"(max-width: 1004px) 100vw, 1004px\" \/><\/p>\n<p>O SIMEPE segue comprometido com a defesa da categoria e informa que manter\u00e1 o foco na pauta das condi\u00e7\u00f5es de trabalho, considerando que a valoriza\u00e7\u00e3o profissional n\u00e3o se limita ao aspecto salarial. Seguiremos atentos e mobilizados, exigindo da gest\u00e3o o mesmo compromisso demonstrado no fechamento deste ciclo negocial.<\/p>\n","protected":false},"excerpt":{"rendered":"<p>Em Assembleia Geral Extraordin\u00e1ria realizada na manh\u00e3 desta quinta-feira (12\/06), no audit\u00f3rio da Associa\u00e7\u00e3o M\u00e9dica de Pernambuco (AMPE), na Boa Vista, Recife, os m\u00e9dicos vinculados \u00e0 Prefeitura do Recife aprovaram, por unanimidade, a proposta de reajuste salarial constru\u00edda ao longo de cinco rodadas de negocia\u00e7\u00e3o entre o SIMEPE e a gest\u00e3o municipal. O processo foi [&hellip;]<\/p>\n","protected":false},"author":2,"featured_media":68614,"comment_status":"open","ping_status":"open","sticky":false,"template":"","format":"standard","meta":{"ocean_post_layout":"","ocean_both_sidebars_style":"","ocean_both_sidebars_content_width":0,"ocean_both_sidebars_sidebars_width":0,"ocean_sidebar":"","ocean_second_sidebar":"","ocean_disable_margins":"enable","ocean_add_body_class":"","ocean_shortcode_before_top_bar":"","ocean_shortcode_after_top_bar":"","ocean_shortcode_before_header":"","ocean_shortcode_after_header":"","ocean_has_shortcode":"","ocean_shortcode_after_title":"","ocean_shortcode_before_footer_widgets":"","ocean_shortcode_after_footer_widgets":"","ocean_shortcode_before_footer_bottom":"","ocean_shortcode_after_footer_bottom":"","ocean_display_top_bar":"default","ocean_display_header":"default","ocean_header_style":"","ocean_center_header_left_menu":"","ocean_custom_header_template":"","ocean_custom_logo":0,"ocean_custom_retina_logo":0,"ocean_custom_logo_max_width":0,"ocean_custom_logo_tablet_max_width":0,"ocean_custom_logo_mobile_max_width":0,"ocean_custom_logo_max_height":0,"ocean_custom_logo_tablet_max_height":0,"ocean_custom_logo_mobile_max_height":0,"ocean_header_custom_menu":"","ocean_menu_typo_font_family":"","ocean_menu_typo_font_subset":"","ocean_menu_typo_font_size":0,"ocean_menu_typo_font_size_tablet":0,"ocean_menu_typo_font_size_mobile":0,"ocean_menu_typo_font_size_unit":"px","ocean_menu_typo_font_weight":"","ocean_menu_typo_font_weight_tablet":"","ocean_menu_typo_font_weight_mobile":"","ocean_menu_typo_transform":"","ocean_menu_typo_transform_tablet":"","ocean_menu_typo_transform_mobile":"","ocean_menu_typo_line_height":0,"ocean_menu_typo_line_height_tablet":0,"ocean_menu_typo_line_height_mobile":0,"ocean_menu_typo_line_height_unit":"","ocean_menu_typo_spacing":0,"ocean_menu_typo_spacing_tablet":0,"ocean_menu_typo_spacing_mobile":0,"ocean_menu_typo_spacing_unit":"","ocean_menu_link_color":"","ocean_menu_link_color_hover":"","ocean_menu_link_color_active":"","ocean_menu_link_background":"","ocean_menu_link_hover_background":"","ocean_menu_link_active_background":"","ocean_menu_social_links_bg":"","ocean_menu_social_hover_links_bg":"","ocean_menu_social_links_color":"","ocean_menu_social_hover_links_color":"","ocean_disable_title":"default","ocean_disable_heading":"default","ocean_post_title":"","ocean_post_subheading":"","ocean_post_title_style":"","ocean_post_title_background_color":"","ocean_post_title_background":0,"ocean_post_title_bg_image_position":"","ocean_post_title_bg_image_attachment":"","ocean_post_title_bg_image_repeat":"","ocean_post_title_bg_image_size":"","ocean_post_title_height":0,"ocean_post_title_bg_overlay":0.5,"ocean_post_title_bg_overlay_color":"","ocean_disable_breadcrumbs":"default","ocean_breadcrumbs_color":"","ocean_breadcrumbs_separator_color":"","ocean_breadcrumbs_links_color":"","ocean_breadcrumbs_links_hover_color":"","ocean_display_footer_widgets":"default","ocean_display_footer_bottom":"default","ocean_custom_footer_template":"","ocean_post_oembed":"","ocean_post_self_hosted_media":"","ocean_post_video_embed":"","ocean_link_format":"","ocean_link_format_target":"self","ocean_quote_format":"","ocean_quote_format_link":"post","ocean_gallery_link_images":"on","ocean_gallery_id":[]},"categories":[1796,1],"tags":[],"acf":[],"_links":{"self":[{"href":"https:\/\/www.simepe.com.br\/novo\/wp-json\/wp\/v2\/posts\/68613"}],"collection":[{"href":"https:\/\/www.simepe.com.br\/novo\/wp-json\/wp\/v2\/posts"}],"about":[{"href":"https:\/\/www.simepe.com.br\/novo\/wp-json\/wp\/v2\/types\/post"}],"author":[{"embeddable":true,"href":"https:\/\/www.simepe.com.br\/novo\/wp-json\/wp\/v2\/users\/2"}],"replies":[{"embeddable":true,"href":"https:\/\/www.simepe.com.br\/novo\/wp-json\/wp\/v2\/comments?post=68613"}],"version-history":[{"count":3,"href":"https:\/\/www.simepe.com.br\/novo\/wp-json\/wp\/v2\/posts\/68613\/revisions"}],"predecessor-version":[{"id":68623,"href":"https:\/\/www.simepe.com.br\/novo\/wp-json\/wp\/v2\/posts\/68613\/revisions\/68623"}],"wp:featuredmedia":[{"embeddable":true,"href":"https:\/\/www.simepe.com.br\/novo\/wp-json\/wp\/v2\/media\/68614"}],"wp:attachment":[{"href":"https:\/\/www.simepe.com.br\/novo\/wp-json\/wp\/v2\/media?parent=68613"}],"wp:term":[{"taxonomy":"category","embeddable":true,"href":"https:\/\/www.simepe.com.br\/novo\/wp-json\/wp\/v2\/categories?post=68613"},{"taxonomy":"post_tag","embeddable":true,"href":"https:\/\/www.simepe.com.br\/novo\/wp-json\/wp\/v2\/tags?post=68613"}],"curies":[{"name":"wp","href":"https:\/\/api.w.org\/{rel}","templated":true}]}}