{"id":69066,"date":"2025-10-14T15:37:05","date_gmt":"2025-10-14T18:37:05","guid":{"rendered":"https:\/\/www.simepe.com.br\/novo\/?p=69066"},"modified":"2025-10-14T18:28:00","modified_gmt":"2025-10-14T21:28:00","slug":"simepe-e-medicos-acionam-a-justica-contra-os-municipios-de-gravata-e-flores","status":"publish","type":"post","link":"https:\/\/www.simepe.com.br\/novo\/simepe-e-medicos-acionam-a-justica-contra-os-municipios-de-gravata-e-flores\/","title":{"rendered":"Simepe e m\u00e9dicos acionam a Justi\u00e7a contra os munic\u00edpios de Gravat\u00e1 e Flores"},"content":{"rendered":"<p>Nesta segunda-feira (13\/10), o Sindicato dos M\u00e9dicos de Pernambuco (SIMEPE) realizou Assembleia Geral Extraordin\u00e1ria (AGE) on-line, por meio da plataforma Zoom, sob a coordena\u00e7\u00e3o do diretor Rodrigo Rosas. O encontro contou com a presen\u00e7a de integrantes da atual diretoria do Sindicato e do advogado da Defensoria M\u00e9dica (DFM), Josias Fran\u00e7a.<\/p>\n<p>Durante a reuni\u00e3o, os m\u00e9dicos presentes e interessados residentes no Estado de Pernambuco, discutiram e aprovaram, por unanimidade, a proposi\u00e7\u00e3o de uma A\u00e7\u00e3o Civil Coletiva, cobrando a realiza\u00e7\u00e3o de oncurso p\u00fablico, uma vez que o munic\u00edpio de Gravat\u00e1 est\u00e1 mais de 10 anos sem fazer concurso. Vale salientar que a quase totalidade dos m\u00e9dicos trabalham, atrav\u00e9s de contratos tempor\u00e1rios e precarizados.<\/p>\n<p>Os profissionais tamb\u00e9m deliberaram por a\u00e7\u00e3o civil p\u00fablica contra o munic\u00edpio de Flores, onde reivindicam a modifica\u00e7\u00e3o do Edital no concurso p\u00fablico. Eles apontam que a quantidade de vagas e os valores propostos n\u00e3o refletem a realidade do exerc\u00edcio m\u00e9dico, principalmente em rela\u00e7\u00e3o aos contratos tempor\u00e1rios existentes na rede municipal de sa\u00fade.<\/p>\n<p>Diante dos fatos, o SIMEPE reafirma seu compromisso em apoiar os m\u00e9dicos nesse processo, colocando-se \u00e0 disposi\u00e7\u00e3o para o di\u00e1logo e para a constru\u00e7\u00e3o de solu\u00e7\u00f5es que conciliem os direitos da categoria com a manuten\u00e7\u00e3o de um atendimento digno e seguro para a popula\u00e7\u00e3o.<br \/>\n______________<br \/>\nSIMEPE \u2014 \u00c9 voz. \u00c9 direito. \u00c9 presen\u00e7a. \u00c9 sindicato<\/p>\n","protected":false},"excerpt":{"rendered":"<p>Nesta segunda-feira (13\/10), o Sindicato dos M\u00e9dicos de Pernambuco (SIMEPE) realizou Assembleia Geral Extraordin\u00e1ria (AGE) on-line, por meio da plataforma Zoom, sob a coordena\u00e7\u00e3o do diretor Rodrigo Rosas. O encontro contou com a presen\u00e7a de integrantes da atual diretoria do Sindicato e do advogado da Defensoria M\u00e9dica (DFM), Josias Fran\u00e7a. Durante a reuni\u00e3o, os m\u00e9dicos [&hellip;]<\/p>\n","protected":false},"author":2,"featured_media":69071,"comment_status":"open","ping_status":"open","sticky":false,"template":"","format":"standard","meta":{"ocean_post_layout":"","ocean_both_sidebars_style":"","ocean_both_sidebars_content_width":0,"ocean_both_sidebars_sidebars_width":0,"ocean_sidebar":"","ocean_second_sidebar":"","ocean_disable_margins":"enable","ocean_add_body_class":"","ocean_shortcode_before_top_bar":"","ocean_shortcode_after_top_bar":"","ocean_shortcode_before_header":"","ocean_shortcode_after_header":"","ocean_has_shortcode":"","ocean_shortcode_after_title":"","ocean_shortcode_before_footer_widgets":"","ocean_shortcode_after_footer_widgets":"","ocean_shortcode_before_footer_bottom":"","ocean_shortcode_after_footer_bottom":"","ocean_display_top_bar":"default","ocean_display_header":"default","ocean_header_style":"","ocean_center_header_left_menu":"","ocean_custom_header_template":"","ocean_custom_logo":0,"ocean_custom_retina_logo":0,"ocean_custom_logo_max_width":0,"ocean_custom_logo_tablet_max_width":0,"ocean_custom_logo_mobile_max_width":0,"ocean_custom_logo_max_height":0,"ocean_custom_logo_tablet_max_height":0,"ocean_custom_logo_mobile_max_height":0,"ocean_header_custom_menu":"","ocean_menu_typo_font_family":"","ocean_menu_typo_font_subset":"","ocean_menu_typo_font_size":0,"ocean_menu_typo_font_size_tablet":0,"ocean_menu_typo_font_size_mobile":0,"ocean_menu_typo_font_size_unit":"px","ocean_menu_typo_font_weight":"","ocean_menu_typo_font_weight_tablet":"","ocean_menu_typo_font_weight_mobile":"","ocean_menu_typo_transform":"","ocean_menu_typo_transform_tablet":"","ocean_menu_typo_transform_mobile":"","ocean_menu_typo_line_height":0,"ocean_menu_typo_line_height_tablet":0,"ocean_menu_typo_line_height_mobile":0,"ocean_menu_typo_line_height_unit":"","ocean_menu_typo_spacing":0,"ocean_menu_typo_spacing_tablet":0,"ocean_menu_typo_spacing_mobile":0,"ocean_menu_typo_spacing_unit":"","ocean_menu_link_color":"","ocean_menu_link_color_hover":"","ocean_menu_link_color_active":"","ocean_menu_link_background":"","ocean_menu_link_hover_background":"","ocean_menu_link_active_background":"","ocean_menu_social_links_bg":"","ocean_menu_social_hover_links_bg":"","ocean_menu_social_links_color":"","ocean_menu_social_hover_links_color":"","ocean_disable_title":"default","ocean_disable_heading":"default","ocean_post_title":"","ocean_post_subheading":"","ocean_post_title_style":"","ocean_post_title_background_color":"","ocean_post_title_background":0,"ocean_post_title_bg_image_position":"","ocean_post_title_bg_image_attachment":"","ocean_post_title_bg_image_repeat":"","ocean_post_title_bg_image_size":"","ocean_post_title_height":0,"ocean_post_title_bg_overlay":0.5,"ocean_post_title_bg_overlay_color":"","ocean_disable_breadcrumbs":"default","ocean_breadcrumbs_color":"","ocean_breadcrumbs_separator_color":"","ocean_breadcrumbs_links_color":"","ocean_breadcrumbs_links_hover_color":"","ocean_display_footer_widgets":"default","ocean_display_footer_bottom":"default","ocean_custom_footer_template":"","ocean_post_oembed":"","ocean_post_self_hosted_media":"","ocean_post_video_embed":"","ocean_link_format":"","ocean_link_format_target":"self","ocean_quote_format":"","ocean_quote_format_link":"post","ocean_gallery_link_images":"on","ocean_gallery_id":[]},"categories":[3943,1],"tags":[],"acf":[],"_links":{"self":[{"href":"https:\/\/www.simepe.com.br\/novo\/wp-json\/wp\/v2\/posts\/69066"}],"collection":[{"href":"https:\/\/www.simepe.com.br\/novo\/wp-json\/wp\/v2\/posts"}],"about":[{"href":"https:\/\/www.simepe.com.br\/novo\/wp-json\/wp\/v2\/types\/post"}],"author":[{"embeddable":true,"href":"https:\/\/www.simepe.com.br\/novo\/wp-json\/wp\/v2\/users\/2"}],"replies":[{"embeddable":true,"href":"https:\/\/www.simepe.com.br\/novo\/wp-json\/wp\/v2\/comments?post=69066"}],"version-history":[{"count":3,"href":"https:\/\/www.simepe.com.br\/novo\/wp-json\/wp\/v2\/posts\/69066\/revisions"}],"predecessor-version":[{"id":69070,"href":"https:\/\/www.simepe.com.br\/novo\/wp-json\/wp\/v2\/posts\/69066\/revisions\/69070"}],"wp:featuredmedia":[{"embeddable":true,"href":"https:\/\/www.simepe.com.br\/novo\/wp-json\/wp\/v2\/media\/69071"}],"wp:attachment":[{"href":"https:\/\/www.simepe.com.br\/novo\/wp-json\/wp\/v2\/media?parent=69066"}],"wp:term":[{"taxonomy":"category","embeddable":true,"href":"https:\/\/www.simepe.com.br\/novo\/wp-json\/wp\/v2\/categories?post=69066"},{"taxonomy":"post_tag","embeddable":true,"href":"https:\/\/www.simepe.com.br\/novo\/wp-json\/wp\/v2\/tags?post=69066"}],"curies":[{"name":"wp","href":"https:\/\/api.w.org\/{rel}","templated":true}]}}