{"id":69072,"date":"2025-10-15T08:22:10","date_gmt":"2025-10-15T11:22:10","guid":{"rendered":"https:\/\/www.simepe.com.br\/novo\/?p=69072"},"modified":"2025-10-20T16:15:48","modified_gmt":"2025-10-20T19:15:48","slug":"festa-do-medico-2025-celebra-conquistas-uniao-e-renovacao-da-luta-da-categoria-em-noite-historica-promovida-pelo-simepe","status":"publish","type":"post","link":"https:\/\/www.simepe.com.br\/novo\/festa-do-medico-2025-celebra-conquistas-uniao-e-renovacao-da-luta-da-categoria-em-noite-historica-promovida-pelo-simepe\/","title":{"rendered":"Festa do M\u00e9dico 2025 celebra conquistas, uni\u00e3o e renova\u00e7\u00e3o da luta da categoria em noite hist\u00f3rica"},"content":{"rendered":"<p>&nbsp;<\/p>\n<p>O Sindicato dos M\u00e9dicos de Pernambuco (Simepe) reuniu um p\u00fablico expressivo no Classic Hall, em Olinda, e transformou a sexta-feira, 10 de outubro, em uma celebra\u00e7\u00e3o inesquec\u00edvel.<br \/>\nA tradicional Festa do M\u00e9dico marcou o M\u00eas do M\u00e9dico, celebrou os 94 anos de hist\u00f3ria do Simepe e simbolizou um importante marco para a entidade: o fortalecimento de uma nova gest\u00e3o que, ao final deste m\u00eas, completa seis meses de atua\u00e7\u00e3o firme, combativa e comprometida com a valoriza\u00e7\u00e3o da categoria m\u00e9dica.<\/p>\n<p>Com shows de Bob Nelson, S\u00e2mya Maia, Murilo Huff e da banda Lim\u00e3o com Mel, a noite foi embalada por cores, luzes e emo\u00e7\u00f5es. Os artistas encantaram os presentes com talento, carisma e repert\u00f3rios que fazem parte da mem\u00f3ria afetiva dos pernambucanos. Celebrar a medicina, a trajet\u00f3ria do Simepe e a integra\u00e7\u00e3o entre m\u00e9dicos e familiares foram os pilares que tornaram a festividade ainda mais especial, interativa e vibrante. O verde-esmeralda do Simepe, presente na ambienta\u00e7\u00e3o e em cada detalhe da noite, simbolizou a for\u00e7a, a uni\u00e3o e o sentimento de pertencimento da categoria m\u00e9dica pernambucana, al\u00e9m de representar o reconhecimento \u00e0s importantes conquistas alcan\u00e7adas neste in\u00edcio de gest\u00e3o.<\/p>\n<p><strong>Conquistas que abrem caminhos para um novo tempo<\/strong><\/p>\n<p>Durante a programa\u00e7\u00e3o, a presidente do Simepe, Dra. Carol Tabosa, agradeceu \u00e0 diretoria, aos colaboradores, parceiros e patrocinadores pelo empenho na realiza\u00e7\u00e3o da festa, destacando tamb\u00e9m o apoio e a compreens\u00e3o da fam\u00edlia ao longo desta jornada de trabalho intenso.<\/p>\n<p>Em seu discurso, ela apresentou as principais vit\u00f3rias sindicais conquistadas nos primeiros meses de gest\u00e3o, que j\u00e1 transformam a realidade da categoria:<\/p>\n<p>&#8211; Reajuste salarial dos m\u00e9dicos da Prefeitura do Recife;<\/p>\n<p>&#8211; Avan\u00e7o nas negocia\u00e7\u00f5es com a UPAE de Caruaru;<\/p>\n<p>&#8211; Pagamento integral dos profissionais de Itamb\u00e9;<\/p>\n<p>&#8211; Celebra\u00e7\u00e3o da Conven\u00e7\u00e3o Coletiva de Trabalho (CCT) com o Sindhospe;<\/p>\n<p>&#8211; A\u00e7\u00e3o coletiva que garantiu a corre\u00e7\u00e3o do edital do munic\u00edpio de Bom Jardim;<\/p>\n<p>&#8211; Reajuste hist\u00f3rico com o IMIP \u2014 um marco que inaugura uma nova estrat\u00e9gia de atua\u00e7\u00e3o, com mudan\u00e7as estruturais e aquisi\u00e7\u00e3o de equipamentos.<\/p>\n<p>Essas conquistas representam apenas o come\u00e7o de um ciclo que seguir\u00e1 avan\u00e7ando. &#8220;Essa \u00e9 uma gest\u00e3o que n\u00e3o para. Seguiremos firmes na luta por melhores condi\u00e7\u00f5es de trabalho, valoriza\u00e7\u00e3o profissional e respeito \u00e0 categoria m\u00e9dica. O que foi alcan\u00e7ado at\u00e9 aqui \u00e9 motivo de orgulho, mas tamb\u00e9m um combust\u00edvel para tudo o que ainda vamos conquistar juntos&#8221;, destacou a presidente.<\/p>\n<p><strong>Solidariedade que transforma<\/strong><\/p>\n<p>A celebra\u00e7\u00e3o tamb\u00e9m teve espa\u00e7o para a responsabilidade social. Atrav\u00e9s do projeto Simepe Solid\u00e1rio, foram entregues alimentos e brinquedos arrecadados para diversas institui\u00e7\u00f5es, como a Casa do P\u00e3o, Abrigo Cristo Redentor, Lar Manuel Quint\u00e3o, GAC, Fazenda Esperan\u00e7a e Fam\u00edlias de S\u00e3o Lucas \u2014 muitas delas dedicadas ao acolhimento de pessoas em situa\u00e7\u00e3o de vulnerabilidade social, de diferentes faixas et\u00e1rias e perfis.<br \/>\n&#8220;Estamos transformando a comemora\u00e7\u00e3o em acolhimento, solidariedade e cuidado com quem mais precisa&#8221;, afirmou a presidente.<\/p>\n<p><strong>Uni\u00e3o, valoriza\u00e7\u00e3o e compromisso com o futuro<\/strong><\/p>\n<p>A Festa do M\u00e9dico 2025 foi marcada por alegria, organiza\u00e7\u00e3o e integra\u00e7\u00e3o, refor\u00e7ando o esp\u00edrito de coletividade e a valoriza\u00e7\u00e3o profissional. O evento simbolizou confraterniza\u00e7\u00e3o, reconhecimento m\u00fatuo e o fortalecimento dos la\u00e7os da classe m\u00e9dica pernambucana. Com quase um s\u00e9culo de lutas e conquistas, o Simepe reafirma seu compromisso com a defesa intransigente da categoria, a valoriza\u00e7\u00e3o do exerc\u00edcio da medicina e a promo\u00e7\u00e3o de espa\u00e7os de conviv\u00eancia e mobiliza\u00e7\u00e3o que fortalecem a classe e a sa\u00fade em Pernambuco.<\/p>\n<p>\u00c9 Voz. \u00c9 Presen\u00e7a. \u00c9 Direito. \u00c9 Sindicato.<\/p>\n","protected":false},"excerpt":{"rendered":"<p>&nbsp; O Sindicato dos M\u00e9dicos de Pernambuco (Simepe) reuniu um p\u00fablico expressivo no Classic Hall, em Olinda, e transformou a sexta-feira, 10 de outubro, em uma celebra\u00e7\u00e3o inesquec\u00edvel. A tradicional Festa do M\u00e9dico marcou o M\u00eas do M\u00e9dico, celebrou os 94 anos de hist\u00f3ria do Simepe e simbolizou um importante marco para a entidade: o [&hellip;]<\/p>\n","protected":false},"author":2,"featured_media":69073,"comment_status":"open","ping_status":"open","sticky":false,"template":"","format":"standard","meta":{"ocean_post_layout":"","ocean_both_sidebars_style":"","ocean_both_sidebars_content_width":0,"ocean_both_sidebars_sidebars_width":0,"ocean_sidebar":"","ocean_second_sidebar":"","ocean_disable_margins":"enable","ocean_add_body_class":"","ocean_shortcode_before_top_bar":"","ocean_shortcode_after_top_bar":"","ocean_shortcode_before_header":"","ocean_shortcode_after_header":"","ocean_has_shortcode":"","ocean_shortcode_after_title":"","ocean_shortcode_before_footer_widgets":"","ocean_shortcode_after_footer_widgets":"","ocean_shortcode_before_footer_bottom":"","ocean_shortcode_after_footer_bottom":"","ocean_display_top_bar":"default","ocean_display_header":"default","ocean_header_style":"","ocean_center_header_left_menu":"","ocean_custom_header_template":"","ocean_custom_logo":0,"ocean_custom_retina_logo":0,"ocean_custom_logo_max_width":0,"ocean_custom_logo_tablet_max_width":0,"ocean_custom_logo_mobile_max_width":0,"ocean_custom_logo_max_height":0,"ocean_custom_logo_tablet_max_height":0,"ocean_custom_logo_mobile_max_height":0,"ocean_header_custom_menu":"","ocean_menu_typo_font_family":"","ocean_menu_typo_font_subset":"","ocean_menu_typo_font_size":0,"ocean_menu_typo_font_size_tablet":0,"ocean_menu_typo_font_size_mobile":0,"ocean_menu_typo_font_size_unit":"px","ocean_menu_typo_font_weight":"","ocean_menu_typo_font_weight_tablet":"","ocean_menu_typo_font_weight_mobile":"","ocean_menu_typo_transform":"","ocean_menu_typo_transform_tablet":"","ocean_menu_typo_transform_mobile":"","ocean_menu_typo_line_height":0,"ocean_menu_typo_line_height_tablet":0,"ocean_menu_typo_line_height_mobile":0,"ocean_menu_typo_line_height_unit":"","ocean_menu_typo_spacing":0,"ocean_menu_typo_spacing_tablet":0,"ocean_menu_typo_spacing_mobile":0,"ocean_menu_typo_spacing_unit":"","ocean_menu_link_color":"","ocean_menu_link_color_hover":"","ocean_menu_link_color_active":"","ocean_menu_link_background":"","ocean_menu_link_hover_background":"","ocean_menu_link_active_background":"","ocean_menu_social_links_bg":"","ocean_menu_social_hover_links_bg":"","ocean_menu_social_links_color":"","ocean_menu_social_hover_links_color":"","ocean_disable_title":"default","ocean_disable_heading":"default","ocean_post_title":"","ocean_post_subheading":"","ocean_post_title_style":"","ocean_post_title_background_color":"","ocean_post_title_background":0,"ocean_post_title_bg_image_position":"","ocean_post_title_bg_image_attachment":"","ocean_post_title_bg_image_repeat":"","ocean_post_title_bg_image_size":"","ocean_post_title_height":0,"ocean_post_title_bg_overlay":0.5,"ocean_post_title_bg_overlay_color":"","ocean_disable_breadcrumbs":"default","ocean_breadcrumbs_color":"","ocean_breadcrumbs_separator_color":"","ocean_breadcrumbs_links_color":"","ocean_breadcrumbs_links_hover_color":"","ocean_display_footer_widgets":"default","ocean_display_footer_bottom":"default","ocean_custom_footer_template":"","ocean_post_oembed":"","ocean_post_self_hosted_media":"","ocean_post_video_embed":"","ocean_link_format":"","ocean_link_format_target":"self","ocean_quote_format":"","ocean_quote_format_link":"post","ocean_gallery_link_images":"on","ocean_gallery_id":[]},"categories":[3943,1],"tags":[],"acf":[],"_links":{"self":[{"href":"https:\/\/www.simepe.com.br\/novo\/wp-json\/wp\/v2\/posts\/69072"}],"collection":[{"href":"https:\/\/www.simepe.com.br\/novo\/wp-json\/wp\/v2\/posts"}],"about":[{"href":"https:\/\/www.simepe.com.br\/novo\/wp-json\/wp\/v2\/types\/post"}],"author":[{"embeddable":true,"href":"https:\/\/www.simepe.com.br\/novo\/wp-json\/wp\/v2\/users\/2"}],"replies":[{"embeddable":true,"href":"https:\/\/www.simepe.com.br\/novo\/wp-json\/wp\/v2\/comments?post=69072"}],"version-history":[{"count":2,"href":"https:\/\/www.simepe.com.br\/novo\/wp-json\/wp\/v2\/posts\/69072\/revisions"}],"predecessor-version":[{"id":69076,"href":"https:\/\/www.simepe.com.br\/novo\/wp-json\/wp\/v2\/posts\/69072\/revisions\/69076"}],"wp:featuredmedia":[{"embeddable":true,"href":"https:\/\/www.simepe.com.br\/novo\/wp-json\/wp\/v2\/media\/69073"}],"wp:attachment":[{"href":"https:\/\/www.simepe.com.br\/novo\/wp-json\/wp\/v2\/media?parent=69072"}],"wp:term":[{"taxonomy":"category","embeddable":true,"href":"https:\/\/www.simepe.com.br\/novo\/wp-json\/wp\/v2\/categories?post=69072"},{"taxonomy":"post_tag","embeddable":true,"href":"https:\/\/www.simepe.com.br\/novo\/wp-json\/wp\/v2\/tags?post=69072"}],"curies":[{"name":"wp","href":"https:\/\/api.w.org\/{rel}","templated":true}]}}