{"id":69611,"date":"2025-12-31T17:04:39","date_gmt":"2025-12-31T20:04:39","guid":{"rendered":"https:\/\/www.simepe.com.br\/novo\/?p=69611"},"modified":"2025-12-31T17:48:49","modified_gmt":"2025-12-31T20:48:49","slug":"medicos-celetistas-deliberam-e-aprovam-reivindicacoes-para-a-convencao-coletiva-de-trabalho-de-2026","status":"publish","type":"post","link":"https:\/\/www.simepe.com.br\/novo\/medicos-celetistas-deliberam-e-aprovam-reivindicacoes-para-a-convencao-coletiva-de-trabalho-de-2026\/","title":{"rendered":"M\u00e9dicos celetistas deliberam e  aprovam principais reivindica\u00e7\u00f5es para a CCT de 2026"},"content":{"rendered":"<p data-start=\"1790\" data-end=\"2150\"><strong data-start=\"1790\" data-end=\"2150\">Na tarde desta ter\u00e7a-feira (30\/12), o Sindicato dos M\u00e9dicos de Pernambuco (Simepe) realizou uma Assembleia Geral Extraordin\u00e1ria (AGE), on-line, com m\u00e9dicos e m\u00e9dicas com v\u00ednculos trabalhistas regidos pela CLT em todo o estado. A reuni\u00e3o teve como pauta central a discuss\u00e3o e aprova\u00e7\u00e3o das reivindica\u00e7\u00f5es da categoria para a Conven\u00e7\u00e3o Coletiva de Trabalho (CCT) 2026.<\/strong><\/p>\n<p data-start=\"2159\" data-end=\"2520\">Realizado de forma online, o encontro foi coordenado pelo diretor <strong data-start=\"2225\" data-end=\"2242\">Rodrigo Rosas<\/strong> e contou com a participa\u00e7\u00e3o da vice-presidente do Simepe, <strong data-start=\"2301\" data-end=\"2318\">Jamilly Leite<\/strong>, de integrantes da atual gest\u00e3o e do advogado da Defensoria M\u00e9dica do Sindicato (DFM), <strong data-start=\"2406\" data-end=\"2424\">Ricardo Santos<\/strong>, refor\u00e7ando o compromisso da entidade com o di\u00e1logo transparente e a escuta ativa da categoria.<\/p>\n<p data-start=\"2529\" data-end=\"2621\">Durante a assembleia, os m\u00e9dicos e m\u00e9dicas aprovaram por unanimidade as seguintes propostas:<\/p>\n<ul data-start=\"2627\" data-end=\"3056\">\n<li data-start=\"2627\" data-end=\"2751\">\n<p data-start=\"2629\" data-end=\"2751\">Reajuste salarial calculado com base no \u00cdndice Nacional de Pre\u00e7os ao Consumidor (INPC), acrescido de <strong data-start=\"2730\" data-end=\"2750\">4% de ganho real<\/strong>;<\/p>\n<\/li>\n<li data-start=\"2754\" data-end=\"2877\">\n<p data-start=\"2756\" data-end=\"2877\">Manuten\u00e7\u00e3o das cl\u00e1usulas de <strong data-start=\"2784\" data-end=\"2817\">adicional de hora extra (75%)<\/strong> e de <strong data-start=\"2823\" data-end=\"2850\">adicional noturno (60%)<\/strong>, j\u00e1 previstas na CCT 2025;<\/p>\n<\/li>\n<li data-start=\"2880\" data-end=\"3050\">\n<p data-start=\"2882\" data-end=\"3050\">Amplia\u00e7\u00e3o do direito de afastamento para acompanhamento de <strong data-start=\"2941\" data-end=\"3025\">filhos menores de idade em consultas m\u00e9dicas, terapias ou procedimentos de sa\u00fade<\/strong>, conforme a necessidade.<\/p>\n<\/li>\n<\/ul>\n<p data-start=\"3059\" data-end=\"3287\">As reivindica\u00e7\u00f5es aprovadas ser\u00e3o encaminhadas aos representantes do <strong data-start=\"3128\" data-end=\"3169\">Sindicato dos Hospitais de Pernambuco<\/strong> e do <strong data-start=\"3175\" data-end=\"3231\">Sindicato das Santas Casas e Hospitais Filantr\u00f3picos<\/strong>, dando continuidade ao processo de negocia\u00e7\u00e3o coletiva.<\/p>\n<p data-start=\"3296\" data-end=\"3647\">Vale destacar que a assinatura da <strong data-start=\"3330\" data-end=\"3342\">CCT 2025<\/strong> representou um marco importante para a valoriza\u00e7\u00e3o do trabalho m\u00e9dico, ao garantir maior seguran\u00e7a jur\u00eddica nas rela\u00e7\u00f5es laborais e reafirmar o papel social da categoria. Esse avan\u00e7o consolida o direito dos m\u00e9dicos e m\u00e9dicas de exercerem sua profiss\u00e3o com dignidade, reconhecimento e condi\u00e7\u00f5es adequadas.<\/p>\n<p data-start=\"3656\" data-end=\"3846\">O <strong data-start=\"3658\" data-end=\"3743\">Simepe segue firme em sua miss\u00e3o de valorizar, proteger e dar voz \u00e0 classe m\u00e9dica<\/strong>, reafirmando que defender os m\u00e9dicos \u00e9 tamb\u00e9m defender a sa\u00fade, o cuidado e a cidadania em Pernambuco.<\/p>\n","protected":false},"excerpt":{"rendered":"<p>Na tarde desta ter\u00e7a-feira (30\/12), o Sindicato dos M\u00e9dicos de Pernambuco (Simepe) realizou uma Assembleia Geral Extraordin\u00e1ria (AGE), on-line, com m\u00e9dicos e m\u00e9dicas com v\u00ednculos trabalhistas regidos pela CLT em todo o estado. A reuni\u00e3o teve como pauta central a discuss\u00e3o e aprova\u00e7\u00e3o das reivindica\u00e7\u00f5es da categoria para a Conven\u00e7\u00e3o Coletiva de Trabalho (CCT) 2026. [&hellip;]<\/p>\n","protected":false},"author":2,"featured_media":69612,"comment_status":"open","ping_status":"open","sticky":false,"template":"","format":"standard","meta":{"ocean_post_layout":"","ocean_both_sidebars_style":"","ocean_both_sidebars_content_width":0,"ocean_both_sidebars_sidebars_width":0,"ocean_sidebar":"","ocean_second_sidebar":"","ocean_disable_margins":"enable","ocean_add_body_class":"","ocean_shortcode_before_top_bar":"","ocean_shortcode_after_top_bar":"","ocean_shortcode_before_header":"","ocean_shortcode_after_header":"","ocean_has_shortcode":"","ocean_shortcode_after_title":"","ocean_shortcode_before_footer_widgets":"","ocean_shortcode_after_footer_widgets":"","ocean_shortcode_before_footer_bottom":"","ocean_shortcode_after_footer_bottom":"","ocean_display_top_bar":"default","ocean_display_header":"default","ocean_header_style":"","ocean_center_header_left_menu":"","ocean_custom_header_template":"","ocean_custom_logo":0,"ocean_custom_retina_logo":0,"ocean_custom_logo_max_width":0,"ocean_custom_logo_tablet_max_width":0,"ocean_custom_logo_mobile_max_width":0,"ocean_custom_logo_max_height":0,"ocean_custom_logo_tablet_max_height":0,"ocean_custom_logo_mobile_max_height":0,"ocean_header_custom_menu":"","ocean_menu_typo_font_family":"","ocean_menu_typo_font_subset":"","ocean_menu_typo_font_size":0,"ocean_menu_typo_font_size_tablet":0,"ocean_menu_typo_font_size_mobile":0,"ocean_menu_typo_font_size_unit":"px","ocean_menu_typo_font_weight":"","ocean_menu_typo_font_weight_tablet":"","ocean_menu_typo_font_weight_mobile":"","ocean_menu_typo_transform":"","ocean_menu_typo_transform_tablet":"","ocean_menu_typo_transform_mobile":"","ocean_menu_typo_line_height":0,"ocean_menu_typo_line_height_tablet":0,"ocean_menu_typo_line_height_mobile":0,"ocean_menu_typo_line_height_unit":"","ocean_menu_typo_spacing":0,"ocean_menu_typo_spacing_tablet":0,"ocean_menu_typo_spacing_mobile":0,"ocean_menu_typo_spacing_unit":"","ocean_menu_link_color":"","ocean_menu_link_color_hover":"","ocean_menu_link_color_active":"","ocean_menu_link_background":"","ocean_menu_link_hover_background":"","ocean_menu_link_active_background":"","ocean_menu_social_links_bg":"","ocean_menu_social_hover_links_bg":"","ocean_menu_social_links_color":"","ocean_menu_social_hover_links_color":"","ocean_disable_title":"default","ocean_disable_heading":"default","ocean_post_title":"","ocean_post_subheading":"","ocean_post_title_style":"","ocean_post_title_background_color":"","ocean_post_title_background":0,"ocean_post_title_bg_image_position":"","ocean_post_title_bg_image_attachment":"","ocean_post_title_bg_image_repeat":"","ocean_post_title_bg_image_size":"","ocean_post_title_height":0,"ocean_post_title_bg_overlay":0.5,"ocean_post_title_bg_overlay_color":"","ocean_disable_breadcrumbs":"default","ocean_breadcrumbs_color":"","ocean_breadcrumbs_separator_color":"","ocean_breadcrumbs_links_color":"","ocean_breadcrumbs_links_hover_color":"","ocean_display_footer_widgets":"default","ocean_display_footer_bottom":"default","ocean_custom_footer_template":"","ocean_post_oembed":"","ocean_post_self_hosted_media":"","ocean_post_video_embed":"","ocean_link_format":"","ocean_link_format_target":"self","ocean_quote_format":"","ocean_quote_format_link":"post","ocean_gallery_link_images":"on","ocean_gallery_id":[]},"categories":[3943,1],"tags":[],"acf":[],"_links":{"self":[{"href":"https:\/\/www.simepe.com.br\/novo\/wp-json\/wp\/v2\/posts\/69611"}],"collection":[{"href":"https:\/\/www.simepe.com.br\/novo\/wp-json\/wp\/v2\/posts"}],"about":[{"href":"https:\/\/www.simepe.com.br\/novo\/wp-json\/wp\/v2\/types\/post"}],"author":[{"embeddable":true,"href":"https:\/\/www.simepe.com.br\/novo\/wp-json\/wp\/v2\/users\/2"}],"replies":[{"embeddable":true,"href":"https:\/\/www.simepe.com.br\/novo\/wp-json\/wp\/v2\/comments?post=69611"}],"version-history":[{"count":3,"href":"https:\/\/www.simepe.com.br\/novo\/wp-json\/wp\/v2\/posts\/69611\/revisions"}],"predecessor-version":[{"id":69615,"href":"https:\/\/www.simepe.com.br\/novo\/wp-json\/wp\/v2\/posts\/69611\/revisions\/69615"}],"wp:featuredmedia":[{"embeddable":true,"href":"https:\/\/www.simepe.com.br\/novo\/wp-json\/wp\/v2\/media\/69612"}],"wp:attachment":[{"href":"https:\/\/www.simepe.com.br\/novo\/wp-json\/wp\/v2\/media?parent=69611"}],"wp:term":[{"taxonomy":"category","embeddable":true,"href":"https:\/\/www.simepe.com.br\/novo\/wp-json\/wp\/v2\/categories?post=69611"},{"taxonomy":"post_tag","embeddable":true,"href":"https:\/\/www.simepe.com.br\/novo\/wp-json\/wp\/v2\/tags?post=69611"}],"curies":[{"name":"wp","href":"https:\/\/api.w.org\/{rel}","templated":true}]}}